{"id":16773,"date":"2022-03-27T21:20:11","date_gmt":"2022-03-27T18:20:11","guid":{"rendered":"https:\/\/www.fener.org\/?p=16773"},"modified":"2022-03-27T21:20:15","modified_gmt":"2022-03-27T18:20:15","slug":"kurekcilerimiz-buyukler-turkiye-kupasinda-kadinlarda-ve-erkeklerde-sampiyon-oldu-2","status":"publish","type":"post","link":"https:\/\/www.fener.org\/index.php\/2022\/03\/27\/kurekcilerimiz-buyukler-turkiye-kupasinda-kadinlarda-ve-erkeklerde-sampiyon-oldu-2\/","title":{"rendered":"K\u00fcrek\u00e7ilerimiz, B\u00fcy\u00fckler T\u00fcrkiye Kupas\u0131\u2019nda kad\u0131nlarda ve erkeklerde \u015fampiyon oldu"},"content":{"rendered":"\n<p>K\u00fcrekte B\u00fcy\u00fckler T\u00fcrkiye Kupas\u0131 Yar\u0131\u015flar\u0131 23-27 Mart tarihleri aras\u0131nda Sapanca\/K\u0131rkp\u0131nar Mevkiinde ger\u00e7ekle\u015ftirildi. K\u00fcrek \u015eubemiz, erkeklerde ve kad\u0131nlarda \u015fampiyon oldu.<\/p>\n\n\n\n<p>B\u00fcy\u00fck Erkeklerde 9 yar\u0131\u015f\u0131n 8\u2019ini kazanan K\u00fcrek\u00e7ilerimiz 920 puan toplayarak T\u00fcrkiye Kupas\u0131\u2019n\u0131 kazand\u0131.<\/p>\n\n\n\n<p>K\u00fcrek \u015eubemiz, B\u00fcy\u00fck Kad\u0131nlarda ise 6 yar\u0131\u015f\u0131n da tamam\u0131n\u0131 kazanarak toplamda 600 puanla Kupa\u2019n\u0131n sahibi oldu.<\/p>\n\n\n\n<p>Organizasyonun ard\u0131ndan d\u00fczenlenen t\u00f6rende sporcular\u0131m\u0131za madalya ve kupalar\u0131n\u0131 T\u00fcrkiye K\u00fcrek Federasyonu Ba\u015fkan\u0131 Erhan Ert\u00fcrk takdim etti.<\/p>\n\n\n\n<p>Yar\u0131\u015flar\u0131n son g\u00fcn\u00fcnde m\u00fccadele eden k\u00fcrek\u00e7ilerimizden; erkekler tek \u00e7iftede Enes Yenipazarl\u0131, iki tekte Samet Kaban-Kaan Y\u0131lmaz Ayd\u0131n ikilisi, hafif kilo iki \u00e7iftede Denizhan Ayd\u0131n-Ahmet Ali Kabaday\u0131 birincilik ipini g\u00f6\u011f\u00fcsleyen sporcular\u0131m\u0131z oldu. Kad\u0131nlardaysa tek \u00e7ifte finalinde Elis \u00d6zbay, iki \u00e7iftede Kardelen Y\u00fcce &#8211; Aleyna T\u00fclin Telli ikilisi ve iki tekte Didem S\u00fcrer &#8211; Nigar Hatun Demiro\u011flu \u00e7ifti birincilik elde etti.<\/p>\n\n\n\n<p>Erkekler 8 tek d\u00fcmencili finalinde Hamza Mert Avunduk &#8211; Ayd\u0131n \u0130nan\u00e7 \u015eahin -Kaan Y\u0131lmaz Ayd\u0131n &#8211; Onat Kazakl\u0131 &#8211; Bayram S\u00f6nmez &#8211; Samet Kaban -Altar Karabudak &#8211; Enes Yenipazarl\u0131 ile d\u00fcmende Hasan Selahattin Tayfun\u2019dan olu\u015fan ekibimiz rakibi Galatasaray\u2019\u0131 geride b\u0131rakarak zirvede yer ald\u0131.<\/p>\n\n\n\n<p>K\u00fcrek\u00e7ilerimizden Hamza Mert Avunduk U23 Erkekler tek \u00e7iftede, Samet Kaban &#8211; Kaan Y\u0131lmaz Ayd\u0131n ikilisi iki tekte, Denizhan Ayd\u0131n- &nbsp;Ahmet Ali Kabaday\u0131 hafif kilo U23 Erkekler iki \u00e7iftede, Altar Karabudak &#8211; Cevdet Ege Mutlu -Kaan Y\u0131lmaz Ayd\u0131n &#8211; Mehmet Giray Ku\u015fku\u015f\u2019tan olu\u015fan ekibimiz U23 Erkekler d\u00f6rt tekte birinci olurken; Denizhan Ayd\u0131n &#8211; Ahmet Ali Kabaday\u0131 &#8211; Hamza Mert Avunduk &#8211; Samet Kaban\u2019dan olu\u015fan ekibimiz de U23 Erkekler d\u00f6rt \u00e7iftede ikinci s\u0131rada yer ald\u0131.<\/p>\n\n\n\n<p>Hafif kilo kad\u0131nlar iki \u00e7iftede Irmak Fertu\u011f &#8211; Simla Suay Al\u0131nc\u0131, hafif kilo kad\u0131nlar tek \u00e7iftede Ebru Ak\u0131nal ile hafif kilo kad\u0131nlar d\u00f6rt \u00e7iftede Ebru Ak\u0131nal &#8211; Aleyna T\u00fclin Telli &#8211; Irmak Fertu\u011f &#8211; Simla Suay Al\u0131nc\u0131\u2019dan olu\u015fan ekibimiz yar\u0131\u015flar\u0131 birinci s\u0131rada tamamlad\u0131.<\/p>\n\n\n\n<p>\u00d6te yandan yar\u0131\u015flar\u0131n\u0131n sonunda k\u00fcrek\u00e7imiz Denizhan Ayd\u0131n&#8217;\u0131n do\u011fum g\u00fcn\u00fc de tak\u0131m arkada\u015flar\u0131 taraf\u0131ndan kutland\u0131.<\/p>\n\n\n\n<p>Fenerbah\u00e7e K\u00fcrek \u015eubemiz, 15-16-17 Nisan tarihlerinde Sapanca\/K\u0131rkp\u0131nar Mevkiinde yap\u0131lacak T\u00fcrkiye K\u00fcrek \u015eampiyonas\u0131\u2019nda m\u00fccadele edecek.&nbsp;<\/p>\n","protected":false},"excerpt":{"rendered":"<p>K\u00fcrekte B\u00fcy\u00fckler T\u00fcrkiye Kupas\u0131 Yar\u0131\u015flar\u0131 23-27 Mart tarihleri aras\u0131nda Sapanca\/K\u0131rkp\u0131nar Mevkiinde ger\u00e7ekle\u015ftirildi. K\u00fcrek \u015eubemiz, erkeklerde ve kad\u0131nlarda \u015fampiyon oldu. B\u00fcy\u00fck Erkeklerde 9 yar\u0131\u015f\u0131n 8\u2019ini kazanan K\u00fcrek\u00e7ilerimiz 920 puan toplayarak T\u00fcrkiye Kupas\u0131\u2019n\u0131 kazand\u0131. K\u00fcrek \u015eubemiz, B\u00fcy\u00fck Kad\u0131nlarda ise 6 yar\u0131\u015f\u0131n da tamam\u0131n\u0131 kazanarak toplamda 600 puanla Kupa\u2019n\u0131n sahibi oldu. Organizasyonun ard\u0131ndan d\u00fczenlenen t\u00f6rende sporcular\u0131m\u0131za madalya ve [&hellip;]<\/p>\n","protected":false},"author":1,"featured_media":16775,"comment_status":"closed","ping_status":"closed","sticky":false,"template":"","format":"standard","meta":{"jnews-multi-image_gallery":[],"jnews_single_post":{"subtitle":"","format":"standard","video":"","gallery":"","source_name":"","source_url":"","via_name":"","via_url":"","override_template":"0","override":[{"template":"1","single_blog_custom":"","parallax":"1","fullscreen":"1","layout":"right-sidebar","sidebar":"default-sidebar","second_sidebar":"default-sidebar","sticky_sidebar":"1","share_position":"top","share_float_style":"share-monocrhome","show_share_counter":"1","show_view_counter":"1","show_featured":"1","show_post_meta":"1","show_post_author":"1","show_post_author_image":"1","show_post_date":"1","post_date_format":"default","post_date_format_custom":"Y\/m\/d","show_post_category":"1","show_post_reading_time":"0","post_reading_time_wpm":"300","show_zoom_button":"0","zoom_button_out_step":"2","zoom_button_in_step":"3","show_post_tag":"1","show_prev_next_post":"1","show_popup_post":"1","number_popup_post":"1","show_author_box":"0","show_post_related":"0","show_inline_post_related":"0"}],"override_image_size":"0","image_override":[{"single_post_thumbnail_size":"crop-500","single_post_gallery_size":"crop-500"}],"trending_post":"0","trending_post_position":"meta","trending_post_label":"Trending","sponsored_post":"0","sponsored_post_label":"Sponsored by","sponsored_post_name":"","sponsored_post_url":"","sponsored_post_logo_enable":"0","sponsored_post_logo":"","sponsored_post_desc":"","disable_ad":"0"},"jnews_primary_category":{"id":"11"},"jnews_social_meta":{"fb_title":"","fb_description":"","fb_image":"","twitter_title":"","twitter_description":"","twitter_image":""},"jnews_override_counter":{"override_view_counter":"0","view_counter_number":"0","override_share_counter":"0","share_counter_number":"0","override_like_counter":"0","like_counter_number":"0","override_dislike_counter":"0","dislike_counter_number":"0"},"footnotes":""},"categories":[2,11],"tags":[23,30],"class_list":["post-16773","post","type-post","status-publish","format-standard","has-post-thumbnail","hentry","category-haberler","category-kurek","tag-fenerbahce","tag-kurek"],"amp_enabled":true,"_links":{"self":[{"href":"https:\/\/www.fener.org\/index.php\/wp-json\/wp\/v2\/posts\/16773","targetHints":{"allow":["GET"]}}],"collection":[{"href":"https:\/\/www.fener.org\/index.php\/wp-json\/wp\/v2\/posts"}],"about":[{"href":"https:\/\/www.fener.org\/index.php\/wp-json\/wp\/v2\/types\/post"}],"author":[{"embeddable":true,"href":"https:\/\/www.fener.org\/index.php\/wp-json\/wp\/v2\/users\/1"}],"replies":[{"embeddable":true,"href":"https:\/\/www.fener.org\/index.php\/wp-json\/wp\/v2\/comments?post=16773"}],"version-history":[{"count":1,"href":"https:\/\/www.fener.org\/index.php\/wp-json\/wp\/v2\/posts\/16773\/revisions"}],"predecessor-version":[{"id":16774,"href":"https:\/\/www.fener.org\/index.php\/wp-json\/wp\/v2\/posts\/16773\/revisions\/16774"}],"wp:featuredmedia":[{"embeddable":true,"href":"https:\/\/www.fener.org\/index.php\/wp-json\/wp\/v2\/media\/16775"}],"wp:attachment":[{"href":"https:\/\/www.fener.org\/index.php\/wp-json\/wp\/v2\/media?parent=16773"}],"wp:term":[{"taxonomy":"category","embeddable":true,"href":"https:\/\/www.fener.org\/index.php\/wp-json\/wp\/v2\/categories?post=16773"},{"taxonomy":"post_tag","embeddable":true,"href":"https:\/\/www.fener.org\/index.php\/wp-json\/wp\/v2\/tags?post=16773"}],"curies":[{"name":"wp","href":"https:\/\/api.w.org\/{rel}","templated":true}]}}