{"id":16702,"date":"2022-03-24T10:41:13","date_gmt":"2022-03-24T07:41:13","guid":{"rendered":"https:\/\/www.fener.org\/?p=16702"},"modified":"2022-03-24T10:41:18","modified_gmt":"2022-03-24T07:41:18","slug":"milli-boksorumuz-kerem-ozmen-avrupa-sampiyonu-oldu","status":"publish","type":"post","link":"https:\/\/www.fener.org\/index.php\/2022\/03\/24\/milli-boksorumuz-kerem-ozmen-avrupa-sampiyonu-oldu\/","title":{"rendered":"Milli boks\u00f6r\u00fcm\u00fcz Kerem \u00d6zmen, Avrupa \u015eampiyonu oldu"},"content":{"rendered":"\n<p>U22 Avrupa Boks \u015eampiyonas\u0131 final ma\u00e7\u0131nda ringe \u00e7\u0131kan milli boks\u00f6r\u00fcm\u00fcz Kerem \u00d6zmen, alt\u0131n madalyan\u0131n sahibi oldu.<\/p>\n\n\n\n<p>H\u0131rvatistan\u2019da d\u00fczenlenen U22 Avrupa Boks \u015eampiyonas\u0131\u2019nda m\u00fccadele eden Fenerbah\u00e7eli boks\u00f6r Kerem \u00d6zmen, 63,5 kg finalinde Ermenistanl\u0131 rakibi Artur Shakhpazyan ile kar\u015f\u0131la\u015ft\u0131. Rakibine b\u00fcy\u00fck bir \u00fcst\u00fcnl\u00fck kuran Kerem \u00d6zmen, U22 Avrupa \u015eampiyonu oldu.<\/p>\n","protected":false},"excerpt":{"rendered":"<p>U22 Avrupa Boks \u015eampiyonas\u0131 final ma\u00e7\u0131nda ringe \u00e7\u0131kan milli boks\u00f6r\u00fcm\u00fcz Kerem \u00d6zmen, alt\u0131n madalyan\u0131n sahibi oldu. H\u0131rvatistan\u2019da d\u00fczenlenen U22 Avrupa Boks \u015eampiyonas\u0131\u2019nda m\u00fccadele eden Fenerbah\u00e7eli boks\u00f6r Kerem \u00d6zmen, 63,5 kg finalinde Ermenistanl\u0131 rakibi Artur Shakhpazyan ile kar\u015f\u0131la\u015ft\u0131. Rakibine b\u00fcy\u00fck bir \u00fcst\u00fcnl\u00fck kuran Kerem \u00d6zmen, U22 Avrupa \u015eampiyonu oldu.<\/p>\n","protected":false},"author":1,"featured_media":16703,"comment_status":"closed","ping_status":"closed","sticky":false,"template":"","format":"standard","meta":{"jnews-multi-image_gallery":[],"jnews_single_post":{"subtitle":"Milli boks\u00f6r\u00fcm\u00fcz Kerem \u00d6zmen, H\u0131rvatistan\u2019da d\u00fczenlenen U22 Avrupa Boks \u015eampiyonas\u0131\u2019nda Avrupa \u015eampiyonu oldu.","format":"standard","video":"","gallery":"","source_name":"","source_url":"","via_name":"","via_url":"","override_template":"0","override":[{"template":"1","single_blog_custom":"","parallax":"1","fullscreen":"1","layout":"right-sidebar","sidebar":"default-sidebar","second_sidebar":"default-sidebar","sticky_sidebar":"1","share_position":"top","share_float_style":"share-monocrhome","show_share_counter":"1","show_view_counter":"1","show_featured":"1","show_post_meta":"1","show_post_author":"1","show_post_author_image":"1","show_post_date":"1","post_date_format":"default","post_date_format_custom":"Y\/m\/d","show_post_category":"1","show_post_reading_time":"0","post_reading_time_wpm":"300","show_zoom_button":"0","zoom_button_out_step":"2","zoom_button_in_step":"3","show_post_tag":"1","show_prev_next_post":"1","show_popup_post":"1","number_popup_post":"1","show_author_box":"0","show_post_related":"0","show_inline_post_related":"0"}],"override_image_size":"0","image_override":[{"single_post_thumbnail_size":"crop-500","single_post_gallery_size":"crop-500"}],"trending_post":"0","trending_post_position":"meta","trending_post_label":"Trending","sponsored_post":"0","sponsored_post_label":"Sponsored by","sponsored_post_name":"","sponsored_post_url":"","sponsored_post_logo_enable":"0","sponsored_post_logo":"","sponsored_post_desc":"","disable_ad":"0"},"jnews_primary_category":{"id":"15"},"jnews_social_meta":{"fb_title":"","fb_description":"","fb_image":"","twitter_title":"","twitter_description":"","twitter_image":""},"jnews_override_counter":{"override_view_counter":"0","view_counter_number":"0","override_share_counter":"0","share_counter_number":"0","override_like_counter":"0","like_counter_number":"0","override_dislike_counter":"0","dislike_counter_number":"0"},"footnotes":""},"categories":[15,2],"tags":[34,23],"class_list":["post-16702","post","type-post","status-publish","format-standard","has-post-thumbnail","hentry","category-boks","category-haberler","tag-boks","tag-fenerbahce"],"amp_enabled":true,"_links":{"self":[{"href":"https:\/\/www.fener.org\/index.php\/wp-json\/wp\/v2\/posts\/16702","targetHints":{"allow":["GET"]}}],"collection":[{"href":"https:\/\/www.fener.org\/index.php\/wp-json\/wp\/v2\/posts"}],"about":[{"href":"https:\/\/www.fener.org\/index.php\/wp-json\/wp\/v2\/types\/post"}],"author":[{"embeddable":true,"href":"https:\/\/www.fener.org\/index.php\/wp-json\/wp\/v2\/users\/1"}],"replies":[{"embeddable":true,"href":"https:\/\/www.fener.org\/index.php\/wp-json\/wp\/v2\/comments?post=16702"}],"version-history":[{"count":1,"href":"https:\/\/www.fener.org\/index.php\/wp-json\/wp\/v2\/posts\/16702\/revisions"}],"predecessor-version":[{"id":16704,"href":"https:\/\/www.fener.org\/index.php\/wp-json\/wp\/v2\/posts\/16702\/revisions\/16704"}],"wp:featuredmedia":[{"embeddable":true,"href":"https:\/\/www.fener.org\/index.php\/wp-json\/wp\/v2\/media\/16703"}],"wp:attachment":[{"href":"https:\/\/www.fener.org\/index.php\/wp-json\/wp\/v2\/media?parent=16702"}],"wp:term":[{"taxonomy":"category","embeddable":true,"href":"https:\/\/www.fener.org\/index.php\/wp-json\/wp\/v2\/categories?post=16702"},{"taxonomy":"post_tag","embeddable":true,"href":"https:\/\/www.fener.org\/index.php\/wp-json\/wp\/v2\/tags?post=16702"}],"curies":[{"name":"wp","href":"https:\/\/api.w.org\/{rel}","templated":true}]}}