{"id":16676,"date":"2022-03-23T08:57:28","date_gmt":"2022-03-23T05:57:28","guid":{"rendered":"https:\/\/www.fener.org\/?p=16676"},"modified":"2022-03-23T08:57:32","modified_gmt":"2022-03-23T05:57:32","slug":"fenerbahce-kadin-futbol-takimimiz-altayi-konuk-ediyor","status":"publish","type":"post","link":"https:\/\/www.fener.org\/index.php\/2022\/03\/23\/fenerbahce-kadin-futbol-takimimiz-altayi-konuk-ediyor\/","title":{"rendered":"Fenerbah\u00e7e Kad\u0131n Futbol Tak\u0131m\u0131m\u0131z, Altay\u2019\u0131 konuk ediyor"},"content":{"rendered":"\n<p>Fenerbah\u00e7e Kad\u0131n Futbol Tak\u0131m\u0131m\u0131z, Turkcell Kad\u0131nlar S\u00fcper Ligi 8. hafta erteleme ma\u00e7\u0131nda Altay\u2019\u0131 konuk ediyor. Bug\u00fcn (23 Mart \u00c7ar\u015famba g\u00fcn\u00fc) Beylerbeyi 75. Y\u0131l Stadyumu\u2019nda oynanacak m\u00fccadele saat 14.00\u2019te ba\u015flayacak ve FB TV ile Fenerbah\u00e7e Youtube hesab\u0131ndan canl\u0131 yay\u0131nlanacak.<\/p>\n\n\n\n<p>Ligde geride kalan 14 haftada 11 galibiyet, 1 beraberlik ve 2 ma\u011flubiyet alan Tak\u0131m\u0131m\u0131z, 34 puanla ikinci s\u0131rada yer al\u0131yor. \u0130zmir ekibi ise 3 galibiyet, 1 beraberlik, 10 ma\u011flubiyetle 12 tak\u0131m aras\u0131nda 9. s\u0131rada bulunuyor.<\/p>\n","protected":false},"excerpt":{"rendered":"<p>Fenerbah\u00e7e Kad\u0131n Futbol Tak\u0131m\u0131m\u0131z, Turkcell Kad\u0131nlar S\u00fcper Ligi 8. hafta erteleme ma\u00e7\u0131nda Altay\u2019\u0131 konuk ediyor. Bug\u00fcn (23 Mart \u00c7ar\u015famba g\u00fcn\u00fc) Beylerbeyi 75. Y\u0131l Stadyumu\u2019nda oynanacak m\u00fccadele saat 14.00\u2019te ba\u015flayacak ve FB TV ile Fenerbah\u00e7e Youtube hesab\u0131ndan canl\u0131 yay\u0131nlanacak. Ligde geride kalan 14 haftada 11 galibiyet, 1 beraberlik ve 2 ma\u011flubiyet alan Tak\u0131m\u0131m\u0131z, 34 puanla ikinci [&hellip;]<\/p>\n","protected":false},"author":1,"featured_media":16677,"comment_status":"closed","ping_status":"closed","sticky":false,"template":"","format":"standard","meta":{"jnews-multi-image_gallery":[],"jnews_single_post":{"subtitle":"Fenerbah\u00e7e Kad\u0131n Futbol Tak\u0131m\u0131m\u0131z, Kad\u0131nlar S\u00fcper Ligi 8. hafta erteleme ma\u00e7\u0131nda sahas\u0131nda Altay ile kar\u015f\u0131la\u015f\u0131yor.","format":"standard","video":"","gallery":"","source_name":"","source_url":"","via_name":"","via_url":"","override_template":"0","override":[{"template":"1","single_blog_custom":"","parallax":"1","fullscreen":"1","layout":"right-sidebar","sidebar":"default-sidebar","second_sidebar":"default-sidebar","sticky_sidebar":"1","share_position":"top","share_float_style":"share-monocrhome","show_share_counter":"1","show_view_counter":"1","show_featured":"1","show_post_meta":"1","show_post_author":"1","show_post_author_image":"1","show_post_date":"1","post_date_format":"default","post_date_format_custom":"Y\/m\/d","show_post_category":"1","show_post_reading_time":"0","post_reading_time_wpm":"300","show_zoom_button":"0","zoom_button_out_step":"2","zoom_button_in_step":"3","show_post_tag":"1","show_prev_next_post":"1","show_popup_post":"1","number_popup_post":"1","show_author_box":"0","show_post_related":"0","show_inline_post_related":"0"}],"override_image_size":"0","image_override":[{"single_post_thumbnail_size":"crop-500","single_post_gallery_size":"crop-500"}],"trending_post":"0","trending_post_position":"meta","trending_post_label":"Trending","sponsored_post":"0","sponsored_post_label":"Sponsored by","sponsored_post_name":"","sponsored_post_url":"","sponsored_post_logo_enable":"0","sponsored_post_logo":"","sponsored_post_desc":"","disable_ad":"0"},"jnews_primary_category":{"id":"4"},"jnews_social_meta":{"fb_title":"","fb_description":"","fb_image":"","twitter_title":"","twitter_description":"","twitter_image":""},"jnews_override_counter":{"override_view_counter":"0","view_counter_number":"0","override_share_counter":"0","share_counter_number":"0","override_like_counter":"0","like_counter_number":"0","override_dislike_counter":"0","dislike_counter_number":"0"},"footnotes":""},"categories":[4,2,191],"tags":[23,192],"class_list":["post-16676","post","type-post","status-publish","format-standard","has-post-thumbnail","hentry","category-futbol","category-haberler","category-kadin-futbol","tag-fenerbahce","tag-kadinfutbol"],"amp_enabled":true,"_links":{"self":[{"href":"https:\/\/www.fener.org\/index.php\/wp-json\/wp\/v2\/posts\/16676","targetHints":{"allow":["GET"]}}],"collection":[{"href":"https:\/\/www.fener.org\/index.php\/wp-json\/wp\/v2\/posts"}],"about":[{"href":"https:\/\/www.fener.org\/index.php\/wp-json\/wp\/v2\/types\/post"}],"author":[{"embeddable":true,"href":"https:\/\/www.fener.org\/index.php\/wp-json\/wp\/v2\/users\/1"}],"replies":[{"embeddable":true,"href":"https:\/\/www.fener.org\/index.php\/wp-json\/wp\/v2\/comments?post=16676"}],"version-history":[{"count":1,"href":"https:\/\/www.fener.org\/index.php\/wp-json\/wp\/v2\/posts\/16676\/revisions"}],"predecessor-version":[{"id":16678,"href":"https:\/\/www.fener.org\/index.php\/wp-json\/wp\/v2\/posts\/16676\/revisions\/16678"}],"wp:featuredmedia":[{"embeddable":true,"href":"https:\/\/www.fener.org\/index.php\/wp-json\/wp\/v2\/media\/16677"}],"wp:attachment":[{"href":"https:\/\/www.fener.org\/index.php\/wp-json\/wp\/v2\/media?parent=16676"}],"wp:term":[{"taxonomy":"category","embeddable":true,"href":"https:\/\/www.fener.org\/index.php\/wp-json\/wp\/v2\/categories?post=16676"},{"taxonomy":"post_tag","embeddable":true,"href":"https:\/\/www.fener.org\/index.php\/wp-json\/wp\/v2\/tags?post=16676"}],"curies":[{"name":"wp","href":"https:\/\/api.w.org\/{rel}","templated":true}]}}