{"id":16593,"date":"2022-03-13T21:06:52","date_gmt":"2022-03-13T18:06:52","guid":{"rendered":"https:\/\/www.fener.org\/?p=16593"},"modified":"2022-03-14T21:30:30","modified_gmt":"2022-03-14T18:30:30","slug":"aytemiz-alanyaspor-2-5-fenerbahce","status":"publish","type":"post","link":"https:\/\/www.fener.org\/index.php\/2022\/03\/13\/aytemiz-alanyaspor-2-5-fenerbahce\/","title":{"rendered":"Aytemiz Alanyaspor 2-5 Fenerbah\u00e7e"},"content":{"rendered":"\n<p>Fenerbah\u00e7emiz, Spor Toto S\u00fcper Lig Ahmet \u00c7al\u0131k Sezonunun 29. haftas\u0131nda Aytemiz Alanyaspor ile kar\u015f\u0131la\u015ft\u0131. Bah\u00e7e\u015fehir Okullar\u0131 Stad\u0131\u2019nda oynanan kar\u015f\u0131la\u015fmadan 5-2 galip ayr\u0131lan Futbol A Tak\u0131m\u0131m\u0131z, puan\u0131n\u0131 50\u2019ye y\u00fckseltti. Fenerbah\u00e7emize galibiyeti getiren golleri; 26. dakikada Diego Rossi, 50. dakikada Mesut \u00d6zil (p), 78.dakikada Arda G\u00fcler, 90. dakikada Dimitris Pelkas, 90+4. dakikada Mergim Berisha kaydetti. Tak\u0131m\u0131m\u0131z\u0131n, Akdeniz temsilcisi kar\u015f\u0131s\u0131ndaki \u00fc\u00e7\u00fcnc\u00fc gol\u00fcne imza atan gen\u00e7 futbolcumuz Arda G\u00fcler, b\u00f6ylece Fenerbah\u00e7e A tak\u0131m formas\u0131 alt\u0131ndaki ilk gol\u00fcn\u00fc atm\u0131\u015f oldu. Ev sahibinin golleri ise 53 ve 66. dakikalarda Tayfur Bing\u00f6l\u2019den geldi.<br>&nbsp;<br>Fenerbah\u00e7emiz, Spor Toto S\u00fcper Lig Ahmet \u00c7al\u0131k Sezonunun 30. haftas\u0131nda 20 Mart Pazar g\u00fcn\u00fc \u0130ttifak Holding Konyaspor\u2019u konuk edecek.<\/p>\n\n\n<p><strong>Ma\u00e7tan dakikalar:<\/strong><\/p>\n<p>16. dakikada Zajc\u2019\u0131n pas\u0131 ile ceza sahas\u0131 i\u00e7inde topla bulu\u015fan Mezut \u00d6zil\u2019in vuru\u015funu kaleci son anda kornere \u00e7eldi.<\/p>\n<p>19. dakikada Efecan Karaca\u2019n\u0131n ceza alan\u0131 d\u0131\u015f\u0131ndan plase vuru\u015funu kaleci Altay g\u00fc\u00e7l\u00fckle \u00e7\u0131kard\u0131.<\/p>\n<p>21. dakikada sa\u011f kanattan ceza alan\u0131 i\u00e7ine yerden yap\u0131lan ortada defans\u0131n uzakla\u015ft\u0131ramad\u0131\u011f\u0131 topu \u00f6n\u00fcnde bulan Novais\u2019in vuru\u015funu kaleci g\u00fc\u00e7l\u00fckle engelledi. D\u00f6nen topu \u00f6n\u00fcnde bulan Emre Akbaba\u2019n\u0131n \u015futu defansa \u00e7arparak kornere gitti.<\/p>\n<p>26. dakikada Altay Bay\u0131nd\u0131r\u2019\u0131n savunma arkas\u0131na g\u00f6nderdi\u011fi topta Rossi, kalecinin \u00fczerinden a\u015f\u0131rd\u0131\u011f\u0131 me\u015fin yuvarlak a\u011flarla bulu\u015ftu. 0-1<\/p>\n<p>32. dakikada Mesut \u00d6zil\u2019in pas\u0131nda ceza alan\u0131 i\u00e7inde topla bulu\u015fan Serdar Dursun\u2019un plase vuru\u015fu sol alt kale dire\u011finden oyun alan\u0131na d\u00f6nd\u00fc.<\/p>\n<p>38. dakikada sol kanattan Rossi&#8217;nin kulland\u0131\u011f\u0131 k\u00f6\u015fe vuru\u015funu savunma kar\u015f\u0131lad\u0131. D\u00f6nen topa Miha Zajc\u2019\u0131n geli\u015fine vuru\u015fu \u00fcstten auta gitti.<\/p>\n<p>44. dakikada Alanyaspor&#8217;da savunma arkas\u0131na sarkan Efecan Karaca vuru\u015funu yapmak isterken, Kim araya girdi, kaleye y\u00f6nelen topu Altay kornere \u00e7eldi.<\/p>\n<p>47. dakikada Mesut \u00d6zil\u2019in pas\u0131nda ceza sahas\u0131 i\u00e7inde topla bulu\u015fan Rossi\u2019nin \u015futunu kaleci son anda \u00e7\u0131kard\u0131. Sonras\u0131nda Zacj, Awaziem&#8217;in m\u00fcdahalesiyle yerde kald\u0131.<\/p>\n<p>48. dakikada hakem VAR incelemesinin ard\u0131ndan penalt\u0131 noktas\u0131n\u0131 g\u00f6sterdi.<\/p>\n<p>50. dakikada Mesut \u00d6zil penalt\u0131 vuru\u015funu gole \u00e7evirdi. 0-2<\/p>\n<p>53. dakikada sol kanatta topu alan Emre Akbaba hemen yan\u0131ndaki Tayfur&#8217;a b\u0131rakt\u0131, bu futbolcunun \u00e7aprazdan vuru\u015fu uzak k\u00f6\u015feden a\u011flarla bulu\u015ftu. 1-2<\/p>\n<p>67. dakikada Novais\u2019in ceza sahas\u0131 d\u0131\u015f\u0131ndan sert \u015futunu kaleci Altay \u00e7\u0131kard\u0131. D\u00f6nen topu Tayfur Bing\u00f6l iyi takip etti ve me\u015fin yuvarla\u011f\u0131 filelere g\u00f6nderdi. 2-2<\/p>\n<p>71. dakikada Juanfran\u2019\u0131n ceza sahas\u0131 d\u0131\u015f\u0131ndan \u015futunu kaleci kornere \u00e7eldi.<\/p>\n<p>78. dakikada Szalai sol kanattan arka dire\u011fe yapt\u0131\u011f\u0131 ortada, Rossi kafayla topu kale \u00f6n\u00fcndeki Arda&#8217;ya b\u0131rakt\u0131. Arda\u2019n\u0131n d\u00fczg\u00fcn vuru\u015funda me\u015fin yuvarlak a\u011flarla bulu\u015ftu. 2-3<\/p>\n<p>84. dakikada Juanfran\u2019\u0131n pas\u0131yla ceza yay\u0131 \u00fczerinde topla bulu\u015fan Efkan Bekiro\u011flu\u2019nun sert \u015futunu kaleci kornere \u00e7\u0131kard\u0131.<\/p>\n<p>90. dakikada savunma arkas\u0131na at\u0131lan topta Rossi sol \u00e7aprazdan vuru\u015funu yapt\u0131, top direkten oyun alan\u0131na d\u00f6nd\u00fc. D\u00f6nen topu Pelkas a\u011flara g\u00f6nderdi. 2-4<\/p>\n<p>90+3. dakikada Arda G\u00fcler\u2019in ceza alan\u0131 arka dire\u011fe kesti\u011fi ortada Berisha\u2019n\u0131n kafas\u0131 a\u011flarla bulu\u015ftu. 2-5<\/p>","protected":false},"excerpt":{"rendered":"<p>Fenerbah\u00e7emiz, Spor Toto S\u00fcper Lig Ahmet \u00c7al\u0131k Sezonunun 29. haftas\u0131nda Aytemiz Alanyaspor ile kar\u015f\u0131la\u015ft\u0131. Bah\u00e7e\u015fehir Okullar\u0131 Stad\u0131\u2019nda oynanan kar\u015f\u0131la\u015fmadan 5-2 galip ayr\u0131lan Futbol A Tak\u0131m\u0131m\u0131z, puan\u0131n\u0131 50\u2019ye y\u00fckseltti. Fenerbah\u00e7emize galibiyeti getiren golleri; 26. dakikada Diego Rossi, 50. dakikada Mesut \u00d6zil (p), 78.dakikada Arda G\u00fcler, 90. dakikada Dimitris Pelkas, 90+4. dakikada Mergim Berisha kaydetti. Tak\u0131m\u0131m\u0131z\u0131n, Akdeniz [&hellip;]<\/p>\n","protected":false},"author":1,"featured_media":16595,"comment_status":"closed","ping_status":"closed","sticky":false,"template":"","format":"standard","meta":{"jnews-multi-image_gallery":[],"jnews_single_post":{"subtitle":"Fenerbah\u00e7e, S\u00fcper Lig Ahmet \u00c7al\u0131k Sezonunun 29. haftas\u0131nda deplasmanda kar\u015f\u0131la\u015ft\u0131\u011f\u0131 Aytemiz Alanyaspor'u 5-2 ma\u011flup etti.","format":"standard","video":"","gallery":"","source_name":"","source_url":"","via_name":"","via_url":"","override_template":"0","override":[{"template":"1","single_blog_custom":"","parallax":"1","fullscreen":"1","layout":"right-sidebar","sidebar":"default-sidebar","second_sidebar":"default-sidebar","sticky_sidebar":"1","share_position":"top","share_float_style":"share-monocrhome","show_share_counter":"1","show_view_counter":"1","show_featured":"1","show_post_meta":"1","show_post_author":"1","show_post_author_image":"1","show_post_date":"1","post_date_format":"default","post_date_format_custom":"Y\/m\/d","show_post_category":"1","show_post_reading_time":"0","post_reading_time_wpm":"300","show_zoom_button":"0","zoom_button_out_step":"2","zoom_button_in_step":"3","show_post_tag":"1","show_prev_next_post":"1","show_popup_post":"1","number_popup_post":"1","show_author_box":"0","show_post_related":"0","show_inline_post_related":"0"}],"override_image_size":"0","image_override":[{"single_post_thumbnail_size":"crop-500","single_post_gallery_size":"crop-500"}],"trending_post":"0","trending_post_position":"meta","trending_post_label":"Trending","sponsored_post":"0","sponsored_post_label":"Sponsored by","sponsored_post_name":"","sponsored_post_url":"","sponsored_post_logo_enable":"0","sponsored_post_logo":"","sponsored_post_desc":"","disable_ad":"0"},"jnews_primary_category":{"id":"4"},"jnews_social_meta":{"fb_title":"","fb_description":"","fb_image":"","twitter_title":"","twitter_description":"","twitter_image":""},"jnews_override_counter":{"override_view_counter":"0","view_counter_number":"0","override_share_counter":"0","share_counter_number":"0","override_like_counter":"0","like_counter_number":"0","override_dislike_counter":"0","dislike_counter_number":"0"},"footnotes":""},"categories":[4,2,47],"tags":[23,54],"class_list":["post-16593","post","type-post","status-publish","format-standard","has-post-thumbnail","hentry","category-futbol","category-haberler","category-profesyonel-a-futbol-takimi","tag-fenerbahce","tag-futbol"],"amp_enabled":true,"_links":{"self":[{"href":"https:\/\/www.fener.org\/index.php\/wp-json\/wp\/v2\/posts\/16593","targetHints":{"allow":["GET"]}}],"collection":[{"href":"https:\/\/www.fener.org\/index.php\/wp-json\/wp\/v2\/posts"}],"about":[{"href":"https:\/\/www.fener.org\/index.php\/wp-json\/wp\/v2\/types\/post"}],"author":[{"embeddable":true,"href":"https:\/\/www.fener.org\/index.php\/wp-json\/wp\/v2\/users\/1"}],"replies":[{"embeddable":true,"href":"https:\/\/www.fener.org\/index.php\/wp-json\/wp\/v2\/comments?post=16593"}],"version-history":[{"count":2,"href":"https:\/\/www.fener.org\/index.php\/wp-json\/wp\/v2\/posts\/16593\/revisions"}],"predecessor-version":[{"id":16597,"href":"https:\/\/www.fener.org\/index.php\/wp-json\/wp\/v2\/posts\/16593\/revisions\/16597"}],"wp:featuredmedia":[{"embeddable":true,"href":"https:\/\/www.fener.org\/index.php\/wp-json\/wp\/v2\/media\/16595"}],"wp:attachment":[{"href":"https:\/\/www.fener.org\/index.php\/wp-json\/wp\/v2\/media?parent=16593"}],"wp:term":[{"taxonomy":"category","embeddable":true,"href":"https:\/\/www.fener.org\/index.php\/wp-json\/wp\/v2\/categories?post=16593"},{"taxonomy":"post_tag","embeddable":true,"href":"https:\/\/www.fener.org\/index.php\/wp-json\/wp\/v2\/tags?post=16593"}],"curies":[{"name":"wp","href":"https:\/\/api.w.org\/{rel}","templated":true}]}}