{"id":16560,"date":"2022-03-11T09:43:38","date_gmt":"2022-03-11T06:43:38","guid":{"rendered":"https:\/\/www.fener.org\/?p=16560"},"modified":"2022-03-11T09:43:42","modified_gmt":"2022-03-11T06:43:42","slug":"fenerbahce-beko-yukatel-merkezefendi-denizli-belediyesi-baskete-konuk-oluyor","status":"publish","type":"post","link":"https:\/\/www.fener.org\/index.php\/2022\/03\/11\/fenerbahce-beko-yukatel-merkezefendi-denizli-belediyesi-baskete-konuk-oluyor\/","title":{"rendered":"Fenerbah\u00e7e Beko, Yukatel Merkezefendi Denizli Belediyesi Basket\u2019e konuk oluyor"},"content":{"rendered":"\n<p>Fenerbah\u00e7e Beko Erkek Basketbol Tak\u0131m\u0131m\u0131z, ING Basketbol S\u00fcper Ligi 23. hafta ma\u00e7\u0131nda bug\u00fcn (11 Mart Cuma g\u00fcn\u00fc) saat 20.00\u2019da Yukatel Merkezefendi Denizli Belediyesi Basket\u2019e konuk oluyor. Bu kar\u015f\u0131la\u015fma Tivibu Spor 2 taraf\u0131ndan canl\u0131 yay\u0131nlanacak. M\u00fcsabakay\u0131 Altu\u011f K\u00f6selerli, Ziya \u00d6zorhon, \u00c7a\u011fr\u0131 Hekimo\u011flu hakem \u00fc\u00e7l\u00fcs\u00fc y\u00f6netecek.<\/p>\n\n\n\n<p>Tak\u0131m\u0131m\u0131z, ING Basketbol S\u00fcper Ligi\u2019ndeki son kar\u015f\u0131la\u015fmada 6 Mart Pazar g\u00fcn\u00fc konuk etti\u011fi Semt77 Yalovaspor\u2019u 89-63 yendi. Bu sonu\u00e7la 22. ma\u00e7\u0131nda 18. galibiyetini alan sar\u0131-lacivertliler liderli\u011fini s\u00fcrd\u00fcrd\u00fc.<\/p>\n\n\n\n<p>Yukatel Merkezefendi Denizli Belediyesi Basket, ING Basketbol S\u00fcper Ligi\u2019nde 21 ma\u00e7ta yedi galibiyet ald\u0131. Rakibimiz, son lig kar\u015f\u0131la\u015fmas\u0131nda 6 Mart Pazar g\u00fcn\u00fc konuk oldu\u011fu P\u0131nar Kar\u015f\u0131yaka\u2019y\u0131 83-85 yendi.<\/p>\n\n\n\n<p>\u0130ki tak\u0131m aras\u0131nda ligin ilk yar\u0131s\u0131nda 14 Kas\u0131m Pazar g\u00fcn\u00fc \u00dclker Spor ve Etkinlik Salonu\u2019nda oynanan kar\u015f\u0131la\u015fmay\u0131 Fenerbah\u00e7e Beko 85-77 kazand\u0131. Tak\u0131m\u0131m\u0131zda Marial Shayok 18, \u0130smet Akp\u0131nar 14, Melih Mahmuto\u011flu 12 say\u0131 \u00fcretti. Denizli cephesinde ise Rihards Lomasz 21, Hakan Yapar 15, Nate Sestina 12 say\u0131 buldu.<\/p>\n","protected":false},"excerpt":{"rendered":"<p>Fenerbah\u00e7e Beko Erkek Basketbol Tak\u0131m\u0131m\u0131z, ING Basketbol S\u00fcper Ligi 23. hafta ma\u00e7\u0131nda bug\u00fcn (11 Mart Cuma g\u00fcn\u00fc) saat 20.00\u2019da Yukatel Merkezefendi Denizli Belediyesi Basket\u2019e konuk oluyor. Bu kar\u015f\u0131la\u015fma Tivibu Spor 2 taraf\u0131ndan canl\u0131 yay\u0131nlanacak. M\u00fcsabakay\u0131 Altu\u011f K\u00f6selerli, Ziya \u00d6zorhon, \u00c7a\u011fr\u0131 Hekimo\u011flu hakem \u00fc\u00e7l\u00fcs\u00fc y\u00f6netecek. Tak\u0131m\u0131m\u0131z, ING Basketbol S\u00fcper Ligi\u2019ndeki son kar\u015f\u0131la\u015fmada 6 Mart Pazar g\u00fcn\u00fc [&hellip;]<\/p>\n","protected":false},"author":1,"featured_media":15827,"comment_status":"closed","ping_status":"closed","sticky":false,"template":"","format":"standard","meta":{"jnews-multi-image_gallery":[],"jnews_single_post":{"subtitle":"Fenerbah\u00e7e Erkek Basketbol Tak\u0131m\u0131m\u0131z, Basketbol S\u00fcper Ligi 23. hafta ma\u00e7\u0131nda deplasmanda Yukatel Merkezefendi Denizli Belediyesi Basket ile m\u00fccadele edecek.","format":"standard","video":"","gallery":"","source_name":"","source_url":"","via_name":"","via_url":"","override_template":"0","override":[{"template":"1","single_blog_custom":"","parallax":"1","fullscreen":"1","layout":"right-sidebar","sidebar":"default-sidebar","second_sidebar":"default-sidebar","sticky_sidebar":"1","share_position":"top","share_float_style":"share-monocrhome","show_share_counter":"1","show_view_counter":"1","show_featured":"1","show_post_meta":"1","show_post_author":"1","show_post_author_image":"1","show_post_date":"1","post_date_format":"default","post_date_format_custom":"Y\/m\/d","show_post_category":"1","show_post_reading_time":"0","post_reading_time_wpm":"300","show_zoom_button":"0","zoom_button_out_step":"2","zoom_button_in_step":"3","show_post_tag":"1","show_prev_next_post":"1","show_popup_post":"1","number_popup_post":"1","show_author_box":"0","show_post_related":"0","show_inline_post_related":"0"}],"override_image_size":"0","image_override":[{"single_post_thumbnail_size":"crop-500","single_post_gallery_size":"crop-500"}],"trending_post":"0","trending_post_position":"meta","trending_post_label":"Trending","sponsored_post":"0","sponsored_post_label":"Sponsored by","sponsored_post_name":"","sponsored_post_url":"","sponsored_post_logo_enable":"0","sponsored_post_logo":"","sponsored_post_desc":"","disable_ad":"0"},"jnews_primary_category":{"id":"5"},"jnews_social_meta":{"fb_title":"","fb_description":"","fb_image":"","twitter_title":"","twitter_description":"","twitter_image":""},"jnews_override_counter":{"override_view_counter":"0","view_counter_number":"0","override_share_counter":"0","share_counter_number":"0","override_like_counter":"0","like_counter_number":"0","override_dislike_counter":"0","dislike_counter_number":"0"},"footnotes":""},"categories":[5,6,2],"tags":[24,23],"class_list":["post-16560","post","type-post","status-publish","format-standard","has-post-thumbnail","hentry","category-basketbol","category-erkek-basketbol","category-haberler","tag-basketbol","tag-fenerbahce"],"amp_enabled":true,"_links":{"self":[{"href":"https:\/\/www.fener.org\/index.php\/wp-json\/wp\/v2\/posts\/16560","targetHints":{"allow":["GET"]}}],"collection":[{"href":"https:\/\/www.fener.org\/index.php\/wp-json\/wp\/v2\/posts"}],"about":[{"href":"https:\/\/www.fener.org\/index.php\/wp-json\/wp\/v2\/types\/post"}],"author":[{"embeddable":true,"href":"https:\/\/www.fener.org\/index.php\/wp-json\/wp\/v2\/users\/1"}],"replies":[{"embeddable":true,"href":"https:\/\/www.fener.org\/index.php\/wp-json\/wp\/v2\/comments?post=16560"}],"version-history":[{"count":1,"href":"https:\/\/www.fener.org\/index.php\/wp-json\/wp\/v2\/posts\/16560\/revisions"}],"predecessor-version":[{"id":16561,"href":"https:\/\/www.fener.org\/index.php\/wp-json\/wp\/v2\/posts\/16560\/revisions\/16561"}],"wp:featuredmedia":[{"embeddable":true,"href":"https:\/\/www.fener.org\/index.php\/wp-json\/wp\/v2\/media\/15827"}],"wp:attachment":[{"href":"https:\/\/www.fener.org\/index.php\/wp-json\/wp\/v2\/media?parent=16560"}],"wp:term":[{"taxonomy":"category","embeddable":true,"href":"https:\/\/www.fener.org\/index.php\/wp-json\/wp\/v2\/categories?post=16560"},{"taxonomy":"post_tag","embeddable":true,"href":"https:\/\/www.fener.org\/index.php\/wp-json\/wp\/v2\/tags?post=16560"}],"curies":[{"name":"wp","href":"https:\/\/api.w.org\/{rel}","templated":true}]}}