{"id":16518,"date":"2022-03-06T23:14:54","date_gmt":"2022-03-06T20:14:54","guid":{"rendered":"https:\/\/www.fener.org\/?p=16518"},"modified":"2022-03-06T23:14:57","modified_gmt":"2022-03-06T20:14:57","slug":"ismail-kartal-kirmizi-kart-planlari-bozdu","status":"publish","type":"post","link":"https:\/\/www.fener.org\/index.php\/2022\/03\/06\/ismail-kartal-kirmizi-kart-planlari-bozdu\/","title":{"rendered":"\u0130smail Kartal: K\u0131rm\u0131z\u0131 kart planlar\u0131 bozdu"},"content":{"rendered":"\n<p>Teknik Direkt\u00f6r\u00fcm\u00fcz \u0130smail Kartal, Trabzonspor ile oynanan ma\u00e7\u0131n ard\u0131ndan \u015fu a\u00e7\u0131klamalarda bulundu:<\/p>\n\n\n\n<blockquote class=\"wp-block-quote is-layout-flow wp-block-quote-is-layout-flow\"><p>\u201c\u00d6ncelikle bug\u00fcn stad\u0131 dolduran b\u00fcy\u00fck Fenerbah\u00e7e taraftarlar\u0131na \u00e7ok te\u015fekk\u00fcr ediyorum. Her zaman s\u00f6yl\u00fcyorum, taraftarlar\u0131m\u0131z varsa biz var\u0131z. Onlar bu stad\u0131 doldurdu\u011fu zaman benim tak\u0131m\u0131m\u0131n, benim oyuncular\u0131m\u0131n da, her zaman reaksiyon g\u00f6stereceklerini, Fenerbah\u00e7e ruhunu ve karakterini her zaman sahaya koyabileceklerini s\u00f6ylemi\u015ftim. Bug\u00fcn de b\u00f6yle oldu, 10 ki\u015fi kalmam\u0131za ra\u011fmen. Ben geldi\u011fimden g\u00fcnden itibaren Fenerbah\u00e7e\u2019nin ne oldu\u011funu, ruhunu, karakterini oyuncular\u0131ma anlatt\u0131m. Her ge\u00e7en g\u00fcn, her hafta, m\u00fccadele g\u00fcc\u00fcm\u00fcz\u00fcn, oyun g\u00fcc\u00fcm\u00fcz\u00fcn \u00fcst\u00fcne koyarak geli\u015fti\u011fini ve devam etti\u011fini s\u00f6ylemi\u015ftim. Bug\u00fcn de bu muhte\u015fem taraftarlar\u0131m\u0131za; 10 ki\u015fi kalmam\u0131za ra\u011fmen sahada 1-0 geriye d\u00fc\u015ft\u00fc\u011f\u00fcm\u00fcz halde bir gol at\u0131p hala kazanmak i\u00e7in var\u0131n\u0131 yo\u011funu ortaya koyan b\u00fct\u00fcn oyuncular\u0131m\u0131 tebrik ediyorum. Taraftarlar\u0131m\u0131z kar\u015f\u0131s\u0131nda b\u00f6yle bir m\u00fccadele g\u00f6sterdi\u011fimiz i\u00e7in\u2026 Ma\u00e7\u0131 kazanmay\u0131 \u00e7ok istiyorduk. Ancak ma\u00e7\u0131 berabere bitirdik. Onlara da bizi sonuna kadar destekledikleri i\u00e7in \u00e7ok \u00e7ok te\u015fekk\u00fcr ediyorum. Onlar bizim yan\u0131m\u0131zda oldu\u011fu s\u00fcrece hi\u00e7 merak etmesinler, sezon sonuna kadar bu tak\u0131m; her zaman bu taraftara cevab\u0131n\u0131 sahada b\u00f6yle Fenerbah\u00e7e ruhunu ve karakterini ortaya koyarak, m\u00fccadelesine devam edecektir. Bu tak\u0131m\u0131n sorumlusu ve teknik direkt\u00f6r\u00fc olarak bunu taraftarlar\u0131m\u0131za s\u00f6yl\u00fcyorum. Hi\u00e7 merak etmesinler. Biz iyi yolday\u0131z. Sonuna kadar sava\u015faca\u011f\u0131z. Onlar bize inans\u0131nlar, destek versinler. Biz en g\u00fczel kar\u015f\u0131l\u0131\u011f\u0131 sahada m\u00fccadele ederek, onlar\u0131 mutlu etmek i\u00e7in her \u015feyi yapaca\u011f\u0131z.<br>\u00a0<br>Ma\u00e7\u0131n istatistiklerine gelince; 11 \u015fut atm\u0131\u015f\u0131z. Rakip 17 \u015fut atm\u0131\u015f. Net 4 gol pozisyonuna girmi\u015fiz. Rakibin 3 gol pozisyonu var. Biz 25, rakip 12 orta yapm\u0131\u015f. %50-%50 ikili m\u00fccadele. Korner, 4\u2019e 5. 113 km ko\u015fmu\u015fuz. Rakip 117 km ko\u015fmu\u015f. 1 ki\u015fi eksi\u011fiz, 73 dakika. Onu ilave edersek, ortalamas\u0131. Bu ma\u00e7ta biz 121 km&#8217;ye yak\u0131n ko\u015fu mesafesi elde etti\u011fimizi d\u00fc\u015f\u00fcn\u00fcyorum. Sonu\u00e7 olarak istatistik bilgiler ve oyun olarak; 10 ki\u015fiyle, Trabzon gibi onlarda \u015fampiyonlu\u011fun en b\u00fcy\u00fck aday\u0131. Bu liginen g\u00fc\u00e7l\u00fc tak\u0131mlar\u0131ndan bir tanesi. Ba\u015fa ba\u015f m\u00fccadele ettik. Kazanmak i\u00e7in de oyuncular\u0131m elinden geleni yapt\u0131. Oyuncular\u0131m\u0131 tebrik ediyorum. 10 ki\u015fiyle al\u0131nan bu 1 puan \u00e7ok anlaml\u0131 ve k\u0131ymetli. Bu ma\u00e7\u0131n de\u011ferlendirmesini ve al\u0131nan bir puan\u0131 ve ortaya konulan m\u00fccadelemizin g\u00fcc\u00fcn\u00fc taraftarlar\u0131m\u0131za arma\u011fan ediyorum.<br>\u00a0<br>11\u2019e-11 oynasayd\u0131k \u015funu net s\u00f6yleyebilirim. Bu inanc\u0131m\u0131z ve bu h\u0131rs\u0131m\u0131zla bu Fenerbah\u00e7e ruhu ve karakteriyle ma\u00e7\u0131n en b\u00fcy\u00fck favorisi bizim oldu\u011fumuzu d\u00fc\u015f\u00fcn\u00fcyorum. B\u00fct\u00fcn planlar\u0131m tutmu\u015ftu. Neyi planlad\u0131ysam, neyi \u00e7al\u0131\u015ft\u0131rd\u0131ysam; hepsi sahada i\u015fliyordu. Sadece o k\u0131rm\u0131z\u0131 kart gelene kadar. O planlar\u0131 biraz bozdu. 10 ki\u015fi kalmam\u0131za ra\u011fmen plan\u0131n i\u015flemesine devam ettik. Plan\u0131 y\u00fcr\u00fctebilmemiz i\u00e7in oyuncular\u0131m\u0131 s\u00fcrekli kenardan uyard\u0131m. Onlar da bana verdikleri mesaj ve i\u015faretlerle \u2018devam hocam, merak etme\u2019 dediler. Ne tesad\u00fcft\u00fcr ki ilk oradaki ma\u00e7ta da k\u0131rm\u0131z\u0131, bu ma\u00e7ta da k\u0131rm\u0131z\u0131 kart. \u0130nanm\u0131yorum ben, anlayam\u0131yorum. Bu kadar kolay m\u0131? Bu kadar seyircinin \u00f6n\u00fcnde b\u00f6yle bir k\u0131rm\u0131z\u0131 kart\u0131n \u00e7\u0131kmas\u0131. Bunu da kamuoyunun takdirine b\u0131rak\u0131yorum. Pozisyonu biz izledik. Foto\u011frafa nas\u0131l bakarsan, \u00f6yle g\u00f6r\u00fcrs\u00fcn\u00fcz.\u201d\u00a0<\/p><\/blockquote>\n","protected":false},"excerpt":{"rendered":"<p>Teknik Direkt\u00f6r\u00fcm\u00fcz \u0130smail Kartal, Trabzonspor ile oynanan ma\u00e7\u0131n ard\u0131ndan \u015fu a\u00e7\u0131klamalarda bulundu: \u201c\u00d6ncelikle bug\u00fcn stad\u0131 dolduran b\u00fcy\u00fck Fenerbah\u00e7e taraftarlar\u0131na \u00e7ok te\u015fekk\u00fcr ediyorum. Her zaman s\u00f6yl\u00fcyorum, taraftarlar\u0131m\u0131z varsa biz var\u0131z. Onlar bu stad\u0131 doldurdu\u011fu zaman benim tak\u0131m\u0131m\u0131n, benim oyuncular\u0131m\u0131n da, her zaman reaksiyon g\u00f6stereceklerini, Fenerbah\u00e7e ruhunu ve karakterini her zaman sahaya koyabileceklerini s\u00f6ylemi\u015ftim. Bug\u00fcn de b\u00f6yle [&hellip;]<\/p>\n","protected":false},"author":1,"featured_media":16519,"comment_status":"closed","ping_status":"closed","sticky":false,"template":"","format":"standard","meta":{"jnews-multi-image_gallery":[],"jnews_single_post":{"subtitle":"Fenerbah\u00e7e Teknik Direkt\u00f6r\u00fc \u0130smail Kartal, tak\u0131m\u0131m\u0131z\u0131n S\u00fcper Lig Ahmet \u00c7al\u0131k Sezonunun 28. haftas\u0131nda sahas\u0131nda kar\u015f\u0131la\u015ft\u0131\u011f\u0131 Trabzonspor ile 1-1 berabere kald\u0131\u011f\u0131 m\u00fccadelenin ard\u0131ndan a\u00e7\u0131klamalarda bulundu.","format":"standard","video":"","gallery":"","source_name":"","source_url":"","via_name":"","via_url":"","override_template":"0","override":[{"template":"1","single_blog_custom":"","parallax":"1","fullscreen":"1","layout":"right-sidebar","sidebar":"default-sidebar","second_sidebar":"default-sidebar","sticky_sidebar":"1","share_position":"top","share_float_style":"share-monocrhome","show_share_counter":"1","show_view_counter":"1","show_featured":"1","show_post_meta":"1","show_post_author":"1","show_post_author_image":"1","show_post_date":"1","post_date_format":"default","post_date_format_custom":"Y\/m\/d","show_post_category":"1","show_post_reading_time":"0","post_reading_time_wpm":"300","show_zoom_button":"0","zoom_button_out_step":"2","zoom_button_in_step":"3","show_post_tag":"1","show_prev_next_post":"1","show_popup_post":"1","number_popup_post":"1","show_author_box":"0","show_post_related":"0","show_inline_post_related":"0"}],"override_image_size":"0","image_override":[{"single_post_thumbnail_size":"crop-500","single_post_gallery_size":"crop-500"}],"trending_post":"0","trending_post_position":"meta","trending_post_label":"Trending","sponsored_post":"0","sponsored_post_label":"Sponsored by","sponsored_post_name":"","sponsored_post_url":"","sponsored_post_logo_enable":"0","sponsored_post_logo":"","sponsored_post_desc":"","disable_ad":"0"},"jnews_primary_category":{"id":"4"},"jnews_social_meta":{"fb_title":"","fb_description":"","fb_image":"","twitter_title":"","twitter_description":"","twitter_image":""},"jnews_override_counter":{"override_view_counter":"0","view_counter_number":"0","override_share_counter":"0","share_counter_number":"0","override_like_counter":"0","like_counter_number":"0","override_dislike_counter":"0","dislike_counter_number":"0"},"footnotes":""},"categories":[4,2,47],"tags":[23,54],"class_list":["post-16518","post","type-post","status-publish","format-standard","has-post-thumbnail","hentry","category-futbol","category-haberler","category-profesyonel-a-futbol-takimi","tag-fenerbahce","tag-futbol"],"amp_enabled":true,"_links":{"self":[{"href":"https:\/\/www.fener.org\/index.php\/wp-json\/wp\/v2\/posts\/16518","targetHints":{"allow":["GET"]}}],"collection":[{"href":"https:\/\/www.fener.org\/index.php\/wp-json\/wp\/v2\/posts"}],"about":[{"href":"https:\/\/www.fener.org\/index.php\/wp-json\/wp\/v2\/types\/post"}],"author":[{"embeddable":true,"href":"https:\/\/www.fener.org\/index.php\/wp-json\/wp\/v2\/users\/1"}],"replies":[{"embeddable":true,"href":"https:\/\/www.fener.org\/index.php\/wp-json\/wp\/v2\/comments?post=16518"}],"version-history":[{"count":1,"href":"https:\/\/www.fener.org\/index.php\/wp-json\/wp\/v2\/posts\/16518\/revisions"}],"predecessor-version":[{"id":16520,"href":"https:\/\/www.fener.org\/index.php\/wp-json\/wp\/v2\/posts\/16518\/revisions\/16520"}],"wp:featuredmedia":[{"embeddable":true,"href":"https:\/\/www.fener.org\/index.php\/wp-json\/wp\/v2\/media\/16519"}],"wp:attachment":[{"href":"https:\/\/www.fener.org\/index.php\/wp-json\/wp\/v2\/media?parent=16518"}],"wp:term":[{"taxonomy":"category","embeddable":true,"href":"https:\/\/www.fener.org\/index.php\/wp-json\/wp\/v2\/categories?post=16518"},{"taxonomy":"post_tag","embeddable":true,"href":"https:\/\/www.fener.org\/index.php\/wp-json\/wp\/v2\/tags?post=16518"}],"curies":[{"name":"wp","href":"https:\/\/api.w.org\/{rel}","templated":true}]}}