{"id":16448,"date":"2022-02-28T22:19:39","date_gmt":"2022-02-28T19:19:39","guid":{"rendered":"https:\/\/www.fener.org\/?p=16448"},"modified":"2022-02-28T22:55:34","modified_gmt":"2022-02-28T19:55:34","slug":"kasimpasa-1-2-fenerbahce","status":"publish","type":"post","link":"https:\/\/www.fener.org\/index.php\/2022\/02\/28\/kasimpasa-1-2-fenerbahce\/","title":{"rendered":"Kas\u0131mpa\u015fa 1-2 Fenerbah\u00e7e"},"content":{"rendered":"\n<p>Fenerbah\u00e7emiz, Spor Toto S\u00fcper Lig Ahmet \u00c7al\u0131k Sezonunun 27. haftas\u0131nda Kas\u0131mpa\u015fa ile kar\u015f\u0131la\u015ft\u0131. Recep Tayyip Erdo\u011fan Stad\u0131\u2019nda oynanan kar\u015f\u0131la\u015fmadan 2-1 galip ayr\u0131lan Futbol A Tak\u0131m\u0131m\u0131z, puan\u0131n\u0131 46\u2019ya y\u00fckseltti. Fenerbah\u00e7emize galibiyeti getiren golleri; 6. dakikada Miha Zajc, 90+1. dakikada Attila Szalai kaydetti. Rakibin tek gol\u00fc ise 68\u2019de Muleka\u2019dan geldi.<\/p>\n\n\n\n<p>Fenerbah\u00e7emiz, Spor Toto S\u00fcper Lig Ahmet \u00c7al\u0131k Sezonunun 28. haftas\u0131nda 6 Mart Pazar g\u00fcn\u00fc Trabzonspor\u2019u konuk edecek.<\/p>\n\n\n<p><strong>Ma\u00e7tan dakilalar:<\/strong><\/p>\n<p>6. dakikada Diego Rossi\u2019nin pas\u0131nda ceza sahas\u0131 i\u00e7in sol \u00e7apraz\u0131nda topla bulu\u015fan Miha Zajc, bekletmeden uzak k\u00f6\u015feye plase bir \u015fut g\u00f6nderdi. Kaleci Ertu\u011frul\u2019un bak\u0131\u015flar\u0131 aras\u0131nda top filelere gitti. 0-1<\/p>\n<p>15. dakikada Fall\u2019\u0131n sa\u011fdan yapt\u0131\u011f\u0131 ortada ceza sahas\u0131 d\u0131\u015f\u0131nda topla bulu\u015fan Eysseric g\u00f6\u011fs\u00fcyle d\u00fczeltip sert vurdu. Savunmaya da \u00e7arpan topu son anda kalecimiz Altay Bay\u0131nd\u0131r kornere \u00e7eldi.<\/p>\n<p>18. dakikada at\u0131lan Kas\u0131mpa\u015fa ceza sahas\u0131na at\u0131lan uzun pasta Spajic topu kontrol etmek istedi ancak kayarak topun kontrol\u00fcn\u00fc kaybedince Mergim Berisha me\u015fin yuvarla\u011fa hakim oldu. Futbolcumuzun yerden vuru\u015funda top az farkla yandan auta gitti.<\/p>\n<p>23. dakikada Miha Zajc\u2019\u0131n pas\u0131nda savunman\u0131n arkas\u0131na sarkan Diego Rossi, ceza sahas\u0131 i\u00e7i sol \u00e7apraz\u0131nda topla bulu\u015ftu. Bu futbolcunun plase vuru\u015funda top az farkla auta \u00e7\u0131kt\u0131.<\/p>\n<p>24. dakikada geli\u015fen Kas\u0131mpa\u015fa ata\u011f\u0131nda Mortadha\u2019n\u0131n soldan ortas\u0131nda ceza sahas\u0131 i\u00e7inde Hajradinovic kafay\u0131 vurdu ancak kalecimiz Altay Bay\u0131nd\u0131r gole izin vermedi.<\/p>\n<p>36. dakikada soldan yap\u0131lan ortada ceza sahas\u0131 i\u00e7inde topla bulu\u015fan Fall\u2019\u0131n vuru\u015funda kalecimiz Altay topu \u00e7eldi. Me\u015fin yuvarlak Mortadha\u2019n\u0131n \u00f6n\u00fcnde kal\u0131rken bu oyuncunun \u00e7aprazdan \u015futunda direkten d\u00f6nen top oyun alan\u0131na geri d\u00f6nd\u00fc.<\/p>\n<p>45+1. dakikada Morthada&#8217;n\u0131n soldan yapt\u0131\u011f\u0131 ortada penalt\u0131 noktas\u0131 \u00fczerinde Umut Bozok voleyle vuru\u015funu yapt\u0131 ancak kalecimiz Altay Bay\u0131nd\u0131r bu pozisyonda da gole izin vermedi.<\/p>\n<p>68. dakikada sol kanatta topla bulu\u015fan Mabil, rakibinden s\u0131yr\u0131l\u0131p son \u00e7izgiye indi ve ortas\u0131n\u0131 yapt\u0131. Ceza sahas\u0131 i\u00e7inde iyi y\u00fckselen Muleka\u2019n\u0131n kafa vuru\u015funda top filelere gitti. 1-1<\/p>\n<p>82. dakikada sol kanatta topla bulu\u015fan Attila Szalai\u2019nin yerden yapt\u0131\u011f\u0131 ortada alt\u0131 pas i\u00e7indeki Serdar Dursun kayarak vuru\u015funu yapt\u0131 ancak top az farkla yandan auta \u00e7\u0131kt\u0131.<\/p>\n<p>87. dakikada Mert Hakan Yanda\u015f\u2019\u0131n ceza sahas\u0131na yapt\u0131\u011f\u0131 ortada Morthada kafayla uzakla\u015ft\u0131rmak istedi ancak top Dimitris Pelkas\u2019\u0131n \u00f6n\u00fcnde kald\u0131. Bu futbolcunun geli\u015fine vuru\u015funda top az farkla auta \u00e7\u0131kt\u0131.<\/p>\n<p>90+1. dakikada Miguel Crespo\u2019nun ceza sahas\u0131na ortas\u0131nda me\u015fin yuvarlak Valencia\u2019n\u0131n \u00f6n\u00fcnde kald\u0131. Bu futbolcunun \u015futunda savunmadan seken topu Attila Szalai sol \u00e7aprazdan tamamlad\u0131 ve tak\u0131m\u0131m\u0131z\u0131 \u00f6ne ge\u00e7irdi. 1-2<\/p>\n<p>90+8. dakikada Mete Kalkavan taraf\u0131ndan sar\u0131 kartla cezaland\u0131r\u0131lan Mabil, ard\u0131ndan itiraz etti\u011fi i\u00e7in ikinci sar\u0131 kart\u0131n\u0131 g\u00f6rerek k\u0131rm\u0131z\u0131 kartla oyunun d\u0131\u015f\u0131nda kald\u0131.<\/p>\n<p>90 dakika 1-2 sona erdi. Bu sonucun ard\u0131ndan Fenerbah\u00e7e 46 puanla 4. s\u0131rada kendine yer buldu.<\/p>\n<p>\u00a0<\/p>","protected":false},"excerpt":{"rendered":"<p>Fenerbah\u00e7emiz, Spor Toto S\u00fcper Lig Ahmet \u00c7al\u0131k Sezonunun 27. haftas\u0131nda Kas\u0131mpa\u015fa ile kar\u015f\u0131la\u015ft\u0131. Recep Tayyip Erdo\u011fan Stad\u0131\u2019nda oynanan kar\u015f\u0131la\u015fmadan 2-1 galip ayr\u0131lan Futbol A Tak\u0131m\u0131m\u0131z, puan\u0131n\u0131 46\u2019ya y\u00fckseltti. Fenerbah\u00e7emize galibiyeti getiren golleri; 6. dakikada Miha Zajc, 90+1. dakikada Attila Szalai kaydetti. Rakibin tek gol\u00fc ise 68\u2019de Muleka\u2019dan geldi. Fenerbah\u00e7emiz, Spor Toto S\u00fcper Lig Ahmet \u00c7al\u0131k [&hellip;]<\/p>\n","protected":false},"author":1,"featured_media":16449,"comment_status":"closed","ping_status":"closed","sticky":false,"template":"","format":"standard","meta":{"jnews-multi-image_gallery":[],"jnews_single_post":{"subtitle":"","format":"standard","video":"","gallery":"","source_name":"","source_url":"","via_name":"","via_url":"","override_template":"0","override":[{"template":"1","single_blog_custom":"","parallax":"1","fullscreen":"1","layout":"right-sidebar","sidebar":"default-sidebar","second_sidebar":"default-sidebar","sticky_sidebar":"1","share_position":"top","share_float_style":"share-monocrhome","show_share_counter":"1","show_view_counter":"1","show_featured":"1","show_post_meta":"1","show_post_author":"1","show_post_author_image":"1","show_post_date":"1","post_date_format":"default","post_date_format_custom":"Y\/m\/d","show_post_category":"1","show_post_reading_time":"0","post_reading_time_wpm":"300","show_zoom_button":"0","zoom_button_out_step":"2","zoom_button_in_step":"3","show_post_tag":"1","show_prev_next_post":"1","show_popup_post":"1","number_popup_post":"1","show_author_box":"0","show_post_related":"0","show_inline_post_related":"0"}],"override_image_size":"0","image_override":[{"single_post_thumbnail_size":"crop-500","single_post_gallery_size":"crop-500"}],"trending_post":"0","trending_post_position":"meta","trending_post_label":"Trending","sponsored_post":"0","sponsored_post_label":"Sponsored by","sponsored_post_name":"","sponsored_post_url":"","sponsored_post_logo_enable":"0","sponsored_post_logo":"","sponsored_post_desc":"","disable_ad":"0"},"jnews_primary_category":{"id":"4"},"jnews_social_meta":{"fb_title":"","fb_description":"","fb_image":"","twitter_title":"","twitter_description":"","twitter_image":""},"jnews_override_counter":{"override_view_counter":"0","view_counter_number":"0","override_share_counter":"0","share_counter_number":"0","override_like_counter":"0","like_counter_number":"0","override_dislike_counter":"0","dislike_counter_number":"0"},"footnotes":""},"categories":[4,2,47],"tags":[23,54],"class_list":["post-16448","post","type-post","status-publish","format-standard","has-post-thumbnail","hentry","category-futbol","category-haberler","category-profesyonel-a-futbol-takimi","tag-fenerbahce","tag-futbol"],"amp_enabled":true,"_links":{"self":[{"href":"https:\/\/www.fener.org\/index.php\/wp-json\/wp\/v2\/posts\/16448","targetHints":{"allow":["GET"]}}],"collection":[{"href":"https:\/\/www.fener.org\/index.php\/wp-json\/wp\/v2\/posts"}],"about":[{"href":"https:\/\/www.fener.org\/index.php\/wp-json\/wp\/v2\/types\/post"}],"author":[{"embeddable":true,"href":"https:\/\/www.fener.org\/index.php\/wp-json\/wp\/v2\/users\/1"}],"replies":[{"embeddable":true,"href":"https:\/\/www.fener.org\/index.php\/wp-json\/wp\/v2\/comments?post=16448"}],"version-history":[{"count":3,"href":"https:\/\/www.fener.org\/index.php\/wp-json\/wp\/v2\/posts\/16448\/revisions"}],"predecessor-version":[{"id":16452,"href":"https:\/\/www.fener.org\/index.php\/wp-json\/wp\/v2\/posts\/16448\/revisions\/16452"}],"wp:featuredmedia":[{"embeddable":true,"href":"https:\/\/www.fener.org\/index.php\/wp-json\/wp\/v2\/media\/16449"}],"wp:attachment":[{"href":"https:\/\/www.fener.org\/index.php\/wp-json\/wp\/v2\/media?parent=16448"}],"wp:term":[{"taxonomy":"category","embeddable":true,"href":"https:\/\/www.fener.org\/index.php\/wp-json\/wp\/v2\/categories?post=16448"},{"taxonomy":"post_tag","embeddable":true,"href":"https:\/\/www.fener.org\/index.php\/wp-json\/wp\/v2\/tags?post=16448"}],"curies":[{"name":"wp","href":"https:\/\/api.w.org\/{rel}","templated":true}]}}