{"id":16434,"date":"2022-02-27T18:01:42","date_gmt":"2022-02-27T15:01:42","guid":{"rendered":"https:\/\/www.fener.org\/?p=16434"},"modified":"2022-02-27T18:01:45","modified_gmt":"2022-02-27T15:01:45","slug":"boksorlerimiz-gencler-ferdi-boks-sampiyonasini-5-madalyayla-tamamladi","status":"publish","type":"post","link":"https:\/\/www.fener.org\/index.php\/2022\/02\/27\/boksorlerimiz-gencler-ferdi-boks-sampiyonasini-5-madalyayla-tamamladi\/","title":{"rendered":"Boks\u00f6rlerimiz, Gen\u00e7ler Ferdi Boks \u015eampiyonas\u0131\u2019n\u0131 5 madalyayla tamamlad\u0131"},"content":{"rendered":"\n<p>Boks \u015eubemizin sporcular\u0131, \u0130stanbul Gen\u00e7ler Ferdi Boks \u015eampiyonas\u0131\u2019n\u0131 2\u2019si alt\u0131n, 2\u2019si g\u00fcm\u00fc\u015f, 1\u2019i de bronz olmak \u00fczere toplamda 5 madalyayla tamamlad\u0131.<br>\u00a0<br>\u0130stanbul Gen\u00e7ler Ferdi Boks \u015eampiyonas\u0131, 24-27 \u015eubat tarihleri aras\u0131nda Sar\u0131yer Kapal\u0131 Spor Salonu\u2019nda d\u00fczenlendi.<br>\u00a0<br>Ringe \u00e7\u0131kan boks\u00f6rlerimizden 57 kg Ahmet Eren \u00d6zden ile 75 kg Mert Yusuf Derdiyok alt\u0131n madalya; 75 kg Emir Ate\u015f ile 92 kg Sercan \u00c7ekcen g\u00fcm\u00fc\u015f, 63,5 kg Furkan Tanyel de bronz madalya kazand\u0131.<\/p>\n","protected":false},"excerpt":{"rendered":"<p>Boks \u015eubemizin sporcular\u0131, \u0130stanbul Gen\u00e7ler Ferdi Boks \u015eampiyonas\u0131\u2019n\u0131 2\u2019si alt\u0131n, 2\u2019si g\u00fcm\u00fc\u015f, 1\u2019i de bronz olmak \u00fczere toplamda 5 madalyayla tamamlad\u0131.\u00a0\u0130stanbul Gen\u00e7ler Ferdi Boks \u015eampiyonas\u0131, 24-27 \u015eubat tarihleri aras\u0131nda Sar\u0131yer Kapal\u0131 Spor Salonu\u2019nda d\u00fczenlendi.\u00a0Ringe \u00e7\u0131kan boks\u00f6rlerimizden 57 kg Ahmet Eren \u00d6zden ile 75 kg Mert Yusuf Derdiyok alt\u0131n madalya; 75 kg Emir Ate\u015f ile 92 [&hellip;]<\/p>\n","protected":false},"author":1,"featured_media":16435,"comment_status":"closed","ping_status":"closed","sticky":false,"template":"","format":"standard","meta":{"jnews-multi-image_gallery":[],"jnews_single_post":{"subtitle":"Boks \u015eubemizin sporcular\u0131, \u0130stanbul Gen\u00e7ler Ferdi Boks \u015eampiyonas\u0131\u2019n\u0131 5 madalyayla tamamlad\u0131.","format":"standard","video":"","gallery":"","source_name":"","source_url":"","via_name":"","via_url":"","override_template":"0","override":[{"template":"1","single_blog_custom":"","parallax":"1","fullscreen":"1","layout":"right-sidebar","sidebar":"default-sidebar","second_sidebar":"default-sidebar","sticky_sidebar":"1","share_position":"top","share_float_style":"share-monocrhome","show_share_counter":"1","show_view_counter":"1","show_featured":"1","show_post_meta":"1","show_post_author":"1","show_post_author_image":"1","show_post_date":"1","post_date_format":"default","post_date_format_custom":"Y\/m\/d","show_post_category":"1","show_post_reading_time":"0","post_reading_time_wpm":"300","show_zoom_button":"0","zoom_button_out_step":"2","zoom_button_in_step":"3","show_post_tag":"1","show_prev_next_post":"1","show_popup_post":"1","number_popup_post":"1","show_author_box":"0","show_post_related":"0","show_inline_post_related":"0"}],"override_image_size":"0","image_override":[{"single_post_thumbnail_size":"crop-500","single_post_gallery_size":"crop-500"}],"trending_post":"0","trending_post_position":"meta","trending_post_label":"Trending","sponsored_post":"0","sponsored_post_label":"Sponsored by","sponsored_post_name":"","sponsored_post_url":"","sponsored_post_logo_enable":"0","sponsored_post_logo":"","sponsored_post_desc":"","disable_ad":"0"},"jnews_primary_category":{"id":"15"},"jnews_social_meta":{"fb_title":"","fb_description":"","fb_image":"","twitter_title":"","twitter_description":"","twitter_image":""},"jnews_override_counter":{"override_view_counter":"0","view_counter_number":"0","override_share_counter":"0","share_counter_number":"0","override_like_counter":"0","like_counter_number":"0","override_dislike_counter":"0","dislike_counter_number":"0"},"footnotes":""},"categories":[15,2],"tags":[34,23],"class_list":["post-16434","post","type-post","status-publish","format-standard","has-post-thumbnail","hentry","category-boks","category-haberler","tag-boks","tag-fenerbahce"],"amp_enabled":true,"_links":{"self":[{"href":"https:\/\/www.fener.org\/index.php\/wp-json\/wp\/v2\/posts\/16434","targetHints":{"allow":["GET"]}}],"collection":[{"href":"https:\/\/www.fener.org\/index.php\/wp-json\/wp\/v2\/posts"}],"about":[{"href":"https:\/\/www.fener.org\/index.php\/wp-json\/wp\/v2\/types\/post"}],"author":[{"embeddable":true,"href":"https:\/\/www.fener.org\/index.php\/wp-json\/wp\/v2\/users\/1"}],"replies":[{"embeddable":true,"href":"https:\/\/www.fener.org\/index.php\/wp-json\/wp\/v2\/comments?post=16434"}],"version-history":[{"count":2,"href":"https:\/\/www.fener.org\/index.php\/wp-json\/wp\/v2\/posts\/16434\/revisions"}],"predecessor-version":[{"id":16437,"href":"https:\/\/www.fener.org\/index.php\/wp-json\/wp\/v2\/posts\/16434\/revisions\/16437"}],"wp:featuredmedia":[{"embeddable":true,"href":"https:\/\/www.fener.org\/index.php\/wp-json\/wp\/v2\/media\/16435"}],"wp:attachment":[{"href":"https:\/\/www.fener.org\/index.php\/wp-json\/wp\/v2\/media?parent=16434"}],"wp:term":[{"taxonomy":"category","embeddable":true,"href":"https:\/\/www.fener.org\/index.php\/wp-json\/wp\/v2\/categories?post=16434"},{"taxonomy":"post_tag","embeddable":true,"href":"https:\/\/www.fener.org\/index.php\/wp-json\/wp\/v2\/tags?post=16434"}],"curies":[{"name":"wp","href":"https:\/\/api.w.org\/{rel}","templated":true}]}}