{"id":16425,"date":"2022-02-27T14:36:05","date_gmt":"2022-02-27T11:36:05","guid":{"rendered":"https:\/\/www.fener.org\/?p=16425"},"modified":"2022-02-27T14:36:09","modified_gmt":"2022-02-27T11:36:09","slug":"fenerbahce-2-1-besiktas-jk-vodafone","status":"publish","type":"post","link":"https:\/\/www.fener.org\/index.php\/2022\/02\/27\/fenerbahce-2-1-besiktas-jk-vodafone\/","title":{"rendered":"Fenerbah\u00e7e 2-1 Be\u015fikta\u015f JK Vodafone"},"content":{"rendered":"\n<p>Fenerbah\u00e7e Kad\u0131n Futbol Tak\u0131m\u0131m\u0131z, Turkcell Kad\u0131n Futbol S\u00fcper Ligi\u2019nin ikinci yar\u0131s\u0131na Be\u015fikta\u015f JK Vodafone m\u00fccadelesiyle ba\u015flad\u0131.<\/p>\n\n\n\n<p>A Grubu 12. hafta ma\u00e7\u0131nda Be\u015fikta\u015f JK Vodafone Kad\u0131n Futbol Tak\u0131m\u0131\u2019n\u0131 konuk eden Fenerbah\u00e7emiz, Beylerbeyi 75. Y\u0131l Stad\u0131\u2019nda oynanan kar\u015f\u0131la\u015fmada rakibini 2-1 ma\u011flup etti. Bu sonu\u00e7la siyah beyazl\u0131 ekibe ligdeki ilk ma\u011flubiyetini ve puan kayb\u0131n\u0131 ya\u015fatan Fenerbah\u00e7emiz, puan\u0131n\u0131 27\u2019ye y\u00fckselterek rakibiyle aras\u0131ndaki fark\u0131 da 3\u2019e indirdi.<\/p>\n\n\n\n<p>Fenerbah\u00e7emiz, ligin 13. haftas\u0131nda 5 Mart Cumartesi g\u00fcn\u00fc 1207 Antalyaspor Kad\u0131n Futbol Kul\u00fcb\u00fc\u2019yle deplasmanda kar\u015f\u0131la\u015facak.<\/p>\n\n\n<p>Ma\u00e7tan dakikalar:<br \/><br \/>10.daikada kaleciyi \u00f6nde g\u00f6ren Zenatha Coleman, a\u015f\u0131rtma bir vuru\u015fla topu filelere g\u00f6nderdi: 1-0.<br \/><br \/>39. dakikada Zenatha Coleman ceza alan\u0131 i\u00e7inde savunma oyuncusundan s\u0131yr\u0131ld\u0131 ancak ald\u0131\u011f\u0131 darbeyle yerde kal\u0131nca hakem penalt\u0131 noktas\u0131n\u0131 g\u00f6sterdi.<br \/><br \/>40. dakikada topun ba\u015f\u0131na ge\u00e7en Kennya Cordner topu filelere g\u00f6nderdi ve fark 2\u2019ye y\u00fckseldi: 2-0.<br \/><br \/>49. dakikada Kennya savunma arkas\u0131na hareketlendi. Golc\u00fc oyuncumuz, Be\u015fikta\u015f kalecisi Fatma \u015eahin\u2019in sert m\u00fcdahalesiyle yerde kald\u0131 ve hakem Fatma \u015eahin&#8217;i k\u0131rm\u0131z\u0131 kartla oyun d\u0131\u015f\u0131nda b\u0131rakt\u0131.<br \/><br \/>65. dakikada sa\u011f kanattan geli\u015fen ata\u011f\u0131m\u0131zda ceza alan\u0131na yap\u0131lan ortaya Kennya Cordner kafa vuru\u015funu yapmak isterken savunman\u0131n m\u00fcdahalesiyle yere kald\u0131 ve oyuna devam edemedi. Cordner\u2019\u0131n yerine Mariana Jeleca oyuna dahil oldu.<\/p>\n<p>Be\u015fikta\u015f JK Vodafone Kad\u0131n Futbol Tak\u0131m\u0131n\u0131n 90. dakikada fark\u0131 1&#8217;e indirdi\u011fi m\u00fccadelede ba\u015fka gol olmad\u0131 ve Fenerbah\u00e7emiz kar\u015f\u0131la\u015fmadan 2-1 galip ayr\u0131ld\u0131.<\/p>","protected":false},"excerpt":{"rendered":"<p>Fenerbah\u00e7e Kad\u0131n Futbol Tak\u0131m\u0131m\u0131z, Turkcell Kad\u0131n Futbol S\u00fcper Ligi\u2019nin ikinci yar\u0131s\u0131na Be\u015fikta\u015f JK Vodafone m\u00fccadelesiyle ba\u015flad\u0131. A Grubu 12. hafta ma\u00e7\u0131nda Be\u015fikta\u015f JK Vodafone Kad\u0131n Futbol Tak\u0131m\u0131\u2019n\u0131 konuk eden Fenerbah\u00e7emiz, Beylerbeyi 75. Y\u0131l Stad\u0131\u2019nda oynanan kar\u015f\u0131la\u015fmada rakibini 2-1 ma\u011flup etti. Bu sonu\u00e7la siyah beyazl\u0131 ekibe ligdeki ilk ma\u011flubiyetini ve puan kayb\u0131n\u0131 ya\u015fatan Fenerbah\u00e7emiz, puan\u0131n\u0131 27\u2019ye [&hellip;]<\/p>\n","protected":false},"author":1,"featured_media":16426,"comment_status":"closed","ping_status":"closed","sticky":false,"template":"","format":"standard","meta":{"jnews-multi-image_gallery":[],"jnews_single_post":{"subtitle":"Fenerbah\u00e7e Kad\u0131n Futbol Tak\u0131m\u0131m\u0131z, Kad\u0131n Futbol S\u00fcper Ligi\u2019nin ikinci yar\u0131s\u0131 ilk ma\u00e7\u0131nda konuk ett\u011fi Be\u015fikta\u015f'\u0131 2-1 ma\u011flup etti.","format":"standard","video":"","gallery":"","source_name":"","source_url":"","via_name":"","via_url":"","override_template":"0","override":[{"template":"1","single_blog_custom":"","parallax":"1","fullscreen":"1","layout":"right-sidebar","sidebar":"default-sidebar","second_sidebar":"default-sidebar","sticky_sidebar":"1","share_position":"top","share_float_style":"share-monocrhome","show_share_counter":"1","show_view_counter":"1","show_featured":"1","show_post_meta":"1","show_post_author":"1","show_post_author_image":"1","show_post_date":"1","post_date_format":"default","post_date_format_custom":"Y\/m\/d","show_post_category":"1","show_post_reading_time":"0","post_reading_time_wpm":"300","show_zoom_button":"0","zoom_button_out_step":"2","zoom_button_in_step":"3","show_post_tag":"1","show_prev_next_post":"1","show_popup_post":"1","number_popup_post":"1","show_author_box":"0","show_post_related":"0","show_inline_post_related":"0"}],"override_image_size":"0","image_override":[{"single_post_thumbnail_size":"crop-500","single_post_gallery_size":"crop-500"}],"trending_post":"0","trending_post_position":"meta","trending_post_label":"Trending","sponsored_post":"0","sponsored_post_label":"Sponsored by","sponsored_post_name":"","sponsored_post_url":"","sponsored_post_logo_enable":"0","sponsored_post_logo":"","sponsored_post_desc":"","disable_ad":"0"},"jnews_primary_category":{"id":"4"},"jnews_social_meta":{"fb_title":"","fb_description":"","fb_image":"","twitter_title":"","twitter_description":"","twitter_image":""},"jnews_override_counter":{"override_view_counter":"0","view_counter_number":"0","override_share_counter":"0","share_counter_number":"0","override_like_counter":"0","like_counter_number":"0","override_dislike_counter":"0","dislike_counter_number":"0"},"footnotes":""},"categories":[4,2,191],"tags":[23,192],"class_list":["post-16425","post","type-post","status-publish","format-standard","has-post-thumbnail","hentry","category-futbol","category-haberler","category-kadin-futbol","tag-fenerbahce","tag-kadinfutbol"],"amp_enabled":true,"_links":{"self":[{"href":"https:\/\/www.fener.org\/index.php\/wp-json\/wp\/v2\/posts\/16425","targetHints":{"allow":["GET"]}}],"collection":[{"href":"https:\/\/www.fener.org\/index.php\/wp-json\/wp\/v2\/posts"}],"about":[{"href":"https:\/\/www.fener.org\/index.php\/wp-json\/wp\/v2\/types\/post"}],"author":[{"embeddable":true,"href":"https:\/\/www.fener.org\/index.php\/wp-json\/wp\/v2\/users\/1"}],"replies":[{"embeddable":true,"href":"https:\/\/www.fener.org\/index.php\/wp-json\/wp\/v2\/comments?post=16425"}],"version-history":[{"count":2,"href":"https:\/\/www.fener.org\/index.php\/wp-json\/wp\/v2\/posts\/16425\/revisions"}],"predecessor-version":[{"id":16428,"href":"https:\/\/www.fener.org\/index.php\/wp-json\/wp\/v2\/posts\/16425\/revisions\/16428"}],"wp:featuredmedia":[{"embeddable":true,"href":"https:\/\/www.fener.org\/index.php\/wp-json\/wp\/v2\/media\/16426"}],"wp:attachment":[{"href":"https:\/\/www.fener.org\/index.php\/wp-json\/wp\/v2\/media?parent=16425"}],"wp:term":[{"taxonomy":"category","embeddable":true,"href":"https:\/\/www.fener.org\/index.php\/wp-json\/wp\/v2\/categories?post=16425"},{"taxonomy":"post_tag","embeddable":true,"href":"https:\/\/www.fener.org\/index.php\/wp-json\/wp\/v2\/tags?post=16425"}],"curies":[{"name":"wp","href":"https:\/\/api.w.org\/{rel}","templated":true}]}}