{"id":16420,"date":"2022-02-26T21:51:18","date_gmt":"2022-02-26T18:51:18","guid":{"rendered":"https:\/\/www.fener.org\/?p=16420"},"modified":"2022-02-26T21:51:21","modified_gmt":"2022-02-26T18:51:21","slug":"fenerbahce-kadin-futbol-takimimiz-besiktasi-konuk-ediyor","status":"publish","type":"post","link":"https:\/\/www.fener.org\/index.php\/2022\/02\/26\/fenerbahce-kadin-futbol-takimimiz-besiktasi-konuk-ediyor\/","title":{"rendered":"Fenerbah\u00e7e Kad\u0131n Futbol Tak\u0131m\u0131m\u0131z, Be\u015fikta\u015f&#8217;\u0131 konuk ediyor"},"content":{"rendered":"\n<p>Turkcell Kad\u0131n Futbol S\u00fcper Ligi\u2019nde ikinci devre ba\u015fl\u0131yor. Fenerbah\u00e7e Kad\u0131n Futbol Tak\u0131m\u0131m\u0131z, ikinci yar\u0131n\u0131n ilk ma\u00e7\u0131nda Be\u015fikta\u015f Vodafone Kad\u0131n Futbol Tak\u0131m\u0131n\u0131 konuk edecek.<\/p>\n\n\n\n<p>Tak\u0131m\u0131m\u0131z\u0131n, 27 \u015eubat Pazar g\u00fcn\u00fc saat 12.00&#8217;de Beylerbeyi 75. Y\u0131l Stad\u0131\u2019nda oynayaca\u011f\u0131 bu derbi m\u00fccadelesi Fenerbah\u00e7e Televizyonu&#8217;ndan canl\u0131 yay\u0131nlanacak.<\/p>\n\n\n\n<p>Lige verilen aray\u0131 en iyi \u015fekilde de\u011ferlendiren Kad\u0131n Futbol Tak\u0131m\u0131m\u0131z, ilk etap \u00e7al\u0131\u015fmalar\u0131 i\u00e7in K\u0131br\u0131s\u2019a gitti. Buradaki haz\u0131rl\u0131k kamp\u0131n\u0131n ard\u0131ndan \u0130stanbul\u2019a d\u00f6nen Fenerbah\u00e7emiz, ikinci etap \u00e7al\u0131\u015fmalar\u0131n\u0131 burada s\u00fcrd\u00fcrd\u00fc.<\/p>\n\n\n\n<p>10 ma\u00e7ta 8 galibiyet, 2 ma\u011flubiyet sonucu 24 puan toplayan Kad\u0131n Futbol Tak\u0131m\u0131m\u0131z, haftaya 3. s\u0131rada girdi. 46 gol atan ekibimiz, kalesinde 7 gol g\u00f6rd\u00fc. Rakibimiz Be\u015fikta\u015f Vodafone Kad\u0131n Futbol Tak\u0131m\u0131 ise 30 puanla ilk s\u0131rada yer al\u0131yor.<\/p>\n","protected":false},"excerpt":{"rendered":"<p>Turkcell Kad\u0131n Futbol S\u00fcper Ligi\u2019nde ikinci devre ba\u015fl\u0131yor. Fenerbah\u00e7e Kad\u0131n Futbol Tak\u0131m\u0131m\u0131z, ikinci yar\u0131n\u0131n ilk ma\u00e7\u0131nda Be\u015fikta\u015f Vodafone Kad\u0131n Futbol Tak\u0131m\u0131n\u0131 konuk edecek. Tak\u0131m\u0131m\u0131z\u0131n, 27 \u015eubat Pazar g\u00fcn\u00fc saat 12.00&#8217;de Beylerbeyi 75. Y\u0131l Stad\u0131\u2019nda oynayaca\u011f\u0131 bu derbi m\u00fccadelesi Fenerbah\u00e7e Televizyonu&#8217;ndan canl\u0131 yay\u0131nlanacak. Lige verilen aray\u0131 en iyi \u015fekilde de\u011ferlendiren Kad\u0131n Futbol Tak\u0131m\u0131m\u0131z, ilk etap \u00e7al\u0131\u015fmalar\u0131 [&hellip;]<\/p>\n","protected":false},"author":1,"featured_media":15628,"comment_status":"closed","ping_status":"closed","sticky":false,"template":"","format":"standard","meta":{"jnews-multi-image_gallery":[],"jnews_single_post":{"subtitle":"Fenerbah\u00e7e Kad\u0131n Futbol Tak\u0131m\u0131m\u0131z, Kad\u0131n Futbol S\u00fcper Ligi ikinci yar\u0131n\u0131n ilk ma\u00e7\u0131nda Be\u015fikta\u015f Vodafone Kad\u0131n Futbol Tak\u0131m\u0131n\u0131 a\u011f\u0131rl\u0131yor.","format":"standard","video":"","gallery":"","source_name":"","source_url":"","via_name":"","via_url":"","override_template":"0","override":[{"template":"1","single_blog_custom":"","parallax":"1","fullscreen":"1","layout":"right-sidebar","sidebar":"default-sidebar","second_sidebar":"default-sidebar","sticky_sidebar":"1","share_position":"top","share_float_style":"share-monocrhome","show_share_counter":"1","show_view_counter":"1","show_featured":"1","show_post_meta":"1","show_post_author":"1","show_post_author_image":"1","show_post_date":"1","post_date_format":"default","post_date_format_custom":"Y\/m\/d","show_post_category":"1","show_post_reading_time":"0","post_reading_time_wpm":"300","show_zoom_button":"0","zoom_button_out_step":"2","zoom_button_in_step":"3","show_post_tag":"1","show_prev_next_post":"1","show_popup_post":"1","number_popup_post":"1","show_author_box":"0","show_post_related":"0","show_inline_post_related":"0"}],"override_image_size":"0","image_override":[{"single_post_thumbnail_size":"crop-500","single_post_gallery_size":"crop-500"}],"trending_post":"0","trending_post_position":"meta","trending_post_label":"Trending","sponsored_post":"0","sponsored_post_label":"Sponsored by","sponsored_post_name":"","sponsored_post_url":"","sponsored_post_logo_enable":"0","sponsored_post_logo":"","sponsored_post_desc":"","disable_ad":"0"},"jnews_primary_category":{"id":"4"},"jnews_social_meta":{"fb_title":"","fb_description":"","fb_image":"","twitter_title":"","twitter_description":"","twitter_image":""},"jnews_override_counter":{"override_view_counter":"0","view_counter_number":"0","override_share_counter":"0","share_counter_number":"0","override_like_counter":"0","like_counter_number":"0","override_dislike_counter":"0","dislike_counter_number":"0"},"footnotes":""},"categories":[4,2,191],"tags":[23,192],"class_list":["post-16420","post","type-post","status-publish","format-standard","has-post-thumbnail","hentry","category-futbol","category-haberler","category-kadin-futbol","tag-fenerbahce","tag-kadinfutbol"],"amp_enabled":true,"_links":{"self":[{"href":"https:\/\/www.fener.org\/index.php\/wp-json\/wp\/v2\/posts\/16420","targetHints":{"allow":["GET"]}}],"collection":[{"href":"https:\/\/www.fener.org\/index.php\/wp-json\/wp\/v2\/posts"}],"about":[{"href":"https:\/\/www.fener.org\/index.php\/wp-json\/wp\/v2\/types\/post"}],"author":[{"embeddable":true,"href":"https:\/\/www.fener.org\/index.php\/wp-json\/wp\/v2\/users\/1"}],"replies":[{"embeddable":true,"href":"https:\/\/www.fener.org\/index.php\/wp-json\/wp\/v2\/comments?post=16420"}],"version-history":[{"count":1,"href":"https:\/\/www.fener.org\/index.php\/wp-json\/wp\/v2\/posts\/16420\/revisions"}],"predecessor-version":[{"id":16421,"href":"https:\/\/www.fener.org\/index.php\/wp-json\/wp\/v2\/posts\/16420\/revisions\/16421"}],"wp:featuredmedia":[{"embeddable":true,"href":"https:\/\/www.fener.org\/index.php\/wp-json\/wp\/v2\/media\/15628"}],"wp:attachment":[{"href":"https:\/\/www.fener.org\/index.php\/wp-json\/wp\/v2\/media?parent=16420"}],"wp:term":[{"taxonomy":"category","embeddable":true,"href":"https:\/\/www.fener.org\/index.php\/wp-json\/wp\/v2\/categories?post=16420"},{"taxonomy":"post_tag","embeddable":true,"href":"https:\/\/www.fener.org\/index.php\/wp-json\/wp\/v2\/tags?post=16420"}],"curies":[{"name":"wp","href":"https:\/\/api.w.org\/{rel}","templated":true}]}}