{"id":16415,"date":"2022-02-26T20:41:36","date_gmt":"2022-02-26T17:41:36","guid":{"rendered":"https:\/\/www.fener.org\/?p=16415"},"modified":"2022-02-26T20:41:42","modified_gmt":"2022-02-26T17:41:42","slug":"victor-lapena-galip-geldigimiz-icin-mutuyuz","status":"publish","type":"post","link":"https:\/\/www.fener.org\/index.php\/2022\/02\/26\/victor-lapena-galip-geldigimiz-icin-mutuyuz\/","title":{"rendered":"Victor Lapena: Galip geldi\u011fimiz i\u00e7in mutuyuz"},"content":{"rendered":"\n<p>Ba\u015fantren\u00f6r\u00fcm\u00fcz Victor Lapena, tak\u0131m\u0131m\u0131z\u0131n Elaz\u0131\u011f \u0130l \u00d6zel \u0130dare ile oynad\u0131\u011f\u0131 ma\u00e7\u0131n ard\u0131ndan yapt\u0131\u011f\u0131 a\u00e7\u0131klamalarda \u015funlar\u0131 s\u00f6yledi:<\/p>\n\n\n\n<blockquote class=\"wp-block-quote is-layout-flow wp-block-quote-is-layout-flow\"><p>\u201cTak\u0131m\u0131mla gurur duyuyorum. Oyuncular\u0131m \u00e7ok iyi bir \u015fekilde karakter g\u00f6sterdi ve iyi bir efor sarf etti; hem taraftarlar\u0131m\u0131z hem de tak\u0131m\u0131m\u0131z i\u00e7in. Onlarla gurur duyuyorum.<\/p><p>Bizim i\u00e7in iyi bir ma\u00e7t\u0131. Domine etti\u011fimiz bir ma\u00e7ta rotasyona ba\u015fvurma \u015fans\u0131m\u0131z oldu. Biz bunlara biraz da idman olarak bak\u0131yoruz, baz\u0131 eksik noktalara dokunu\u015flar yap\u0131yoruz. Galip geldi\u011fimiz i\u00e7in mutuyuz. Bizim i\u00e7in verimli bir ma\u00e7 oldu.\u201d<\/p><\/blockquote>\n","protected":false},"excerpt":{"rendered":"<p>Ba\u015fantren\u00f6r\u00fcm\u00fcz Victor Lapena, tak\u0131m\u0131m\u0131z\u0131n Elaz\u0131\u011f \u0130l \u00d6zel \u0130dare ile oynad\u0131\u011f\u0131 ma\u00e7\u0131n ard\u0131ndan yapt\u0131\u011f\u0131 a\u00e7\u0131klamalarda \u015funlar\u0131 s\u00f6yledi: \u201cTak\u0131m\u0131mla gurur duyuyorum. Oyuncular\u0131m \u00e7ok iyi bir \u015fekilde karakter g\u00f6sterdi ve iyi bir efor sarf etti; hem taraftarlar\u0131m\u0131z hem de tak\u0131m\u0131m\u0131z i\u00e7in. Onlarla gurur duyuyorum. Bizim i\u00e7in iyi bir ma\u00e7t\u0131. Domine etti\u011fimiz bir ma\u00e7ta rotasyona ba\u015fvurma \u015fans\u0131m\u0131z oldu. Biz [&hellip;]<\/p>\n","protected":false},"author":1,"featured_media":16417,"comment_status":"closed","ping_status":"closed","sticky":false,"template":"","format":"standard","meta":{"jnews-multi-image_gallery":[],"jnews_single_post":{"subtitle":"Fenerbah\u00e7e Kad\u0131n Basketbol Tak\u0131m\u0131m\u0131z\u0131n Ba\u015fantren\u00f6r\u00fc Victor Lapena, tak\u0131m\u0131m\u0131z\u0131n Elaz\u0131\u011f \u0130l \u00d6zel \u0130dare\u2019yi 96-42 ma\u011flup etti\u011fi ma\u00e7\u0131n ard\u0131ndan a\u00e7\u0131klamalar yapt\u0131.","format":"standard","video":"","gallery":"","source_name":"","source_url":"","via_name":"","via_url":"","override_template":"0","override":[{"template":"1","single_blog_custom":"","parallax":"1","fullscreen":"1","layout":"right-sidebar","sidebar":"default-sidebar","second_sidebar":"default-sidebar","sticky_sidebar":"1","share_position":"top","share_float_style":"share-monocrhome","show_share_counter":"1","show_view_counter":"1","show_featured":"1","show_post_meta":"1","show_post_author":"1","show_post_author_image":"1","show_post_date":"1","post_date_format":"default","post_date_format_custom":"Y\/m\/d","show_post_category":"1","show_post_reading_time":"0","post_reading_time_wpm":"300","show_zoom_button":"0","zoom_button_out_step":"2","zoom_button_in_step":"3","show_post_tag":"1","show_prev_next_post":"1","show_popup_post":"1","number_popup_post":"1","show_author_box":"0","show_post_related":"0","show_inline_post_related":"0"}],"override_image_size":"0","image_override":[{"single_post_thumbnail_size":"crop-500","single_post_gallery_size":"crop-500"}],"trending_post":"0","trending_post_position":"meta","trending_post_label":"Trending","sponsored_post":"0","sponsored_post_label":"Sponsored by","sponsored_post_name":"","sponsored_post_url":"","sponsored_post_logo_enable":"0","sponsored_post_logo":"","sponsored_post_desc":"","disable_ad":"0"},"jnews_primary_category":{"id":"5"},"jnews_social_meta":{"fb_title":"","fb_description":"","fb_image":"","twitter_title":"","twitter_description":"","twitter_image":""},"jnews_override_counter":{"override_view_counter":"0","view_counter_number":"0","override_share_counter":"0","share_counter_number":"0","override_like_counter":"0","like_counter_number":"0","override_dislike_counter":"0","dislike_counter_number":"0"},"footnotes":""},"categories":[5,2,7],"tags":[24,23],"class_list":["post-16415","post","type-post","status-publish","format-standard","has-post-thumbnail","hentry","category-basketbol","category-haberler","category-kadin-basketbol","tag-basketbol","tag-fenerbahce"],"amp_enabled":true,"_links":{"self":[{"href":"https:\/\/www.fener.org\/index.php\/wp-json\/wp\/v2\/posts\/16415","targetHints":{"allow":["GET"]}}],"collection":[{"href":"https:\/\/www.fener.org\/index.php\/wp-json\/wp\/v2\/posts"}],"about":[{"href":"https:\/\/www.fener.org\/index.php\/wp-json\/wp\/v2\/types\/post"}],"author":[{"embeddable":true,"href":"https:\/\/www.fener.org\/index.php\/wp-json\/wp\/v2\/users\/1"}],"replies":[{"embeddable":true,"href":"https:\/\/www.fener.org\/index.php\/wp-json\/wp\/v2\/comments?post=16415"}],"version-history":[{"count":1,"href":"https:\/\/www.fener.org\/index.php\/wp-json\/wp\/v2\/posts\/16415\/revisions"}],"predecessor-version":[{"id":16416,"href":"https:\/\/www.fener.org\/index.php\/wp-json\/wp\/v2\/posts\/16415\/revisions\/16416"}],"wp:featuredmedia":[{"embeddable":true,"href":"https:\/\/www.fener.org\/index.php\/wp-json\/wp\/v2\/media\/16417"}],"wp:attachment":[{"href":"https:\/\/www.fener.org\/index.php\/wp-json\/wp\/v2\/media?parent=16415"}],"wp:term":[{"taxonomy":"category","embeddable":true,"href":"https:\/\/www.fener.org\/index.php\/wp-json\/wp\/v2\/categories?post=16415"},{"taxonomy":"post_tag","embeddable":true,"href":"https:\/\/www.fener.org\/index.php\/wp-json\/wp\/v2\/tags?post=16415"}],"curies":[{"name":"wp","href":"https:\/\/api.w.org\/{rel}","templated":true}]}}