{"id":16407,"date":"2022-02-26T00:55:12","date_gmt":"2022-02-25T21:55:12","guid":{"rendered":"https:\/\/www.fener.org\/?p=16407"},"modified":"2022-02-26T00:55:16","modified_gmt":"2022-02-25T21:55:16","slug":"aleksandar-djordjevic-cok-ciddi-oyuncu-eksigimiz-var","status":"publish","type":"post","link":"https:\/\/www.fener.org\/index.php\/2022\/02\/26\/aleksandar-djordjevic-cok-ciddi-oyuncu-eksigimiz-var\/","title":{"rendered":"Aleksandar Djordjevic: \u00c7ok ciddi oyuncu eksi\u011fimiz var"},"content":{"rendered":"\n<p>Ba\u015fantren\u00f6r\u00fcm\u00fcz Aleksandar Djordjevic, AS Monaco kar\u015f\u0131s\u0131nda al\u0131nan 92-78&#8217;lik ma\u011flubiyetin ard\u0131ndan FB TV\u2019ye \u015fu a\u00e7\u0131klamalarda bulundu:<\/p>\n\n\n\n<p>&#8220;\u0130kinci \u00e7eyrekte organizasyonumuzu kaybettik. Oda\u011f\u0131m\u0131z\u0131 kaybettik ve oyun plan\u0131m\u0131z\u0131 uygulayamad\u0131k. Di\u011fer \u00e7eyreklerde asl\u0131nda yapmam\u0131z gerekenleri yapm\u0131\u015ft\u0131k. Oyun kurucu ve savunmayla ilgili \u00e7ok ciddi eksi\u011fimiz var, Henry\u2019nin olmamas\u0131. Di\u011fer oyuncular\u0131m\u0131z\u0131n eksikleri tamamlamas\u0131 ve sorumluluk almas\u0131 gerekiyor. Rakibin agresifli\u011fiyle ba\u015fka t\u00fcrl\u00fc kar\u015f\u0131 \u00e7\u0131k\u0131lam\u0131yor. \u0130ki g\u00fcn sonra Belgrad&#8217;da benzer bir ma\u00e7a \u00e7\u0131kaca\u011f\u0131z. O ma\u00e7ta da di\u011fer \u00fc\u00e7 \u00e7eyrekte yapt\u0131klar\u0131m\u0131z\u0131 \u00f6rnek almam\u0131z gerekiyor&#8221;<\/p>\n","protected":false},"excerpt":{"rendered":"<p>Ba\u015fantren\u00f6r\u00fcm\u00fcz Aleksandar Djordjevic, AS Monaco kar\u015f\u0131s\u0131nda al\u0131nan 92-78&#8217;lik ma\u011flubiyetin ard\u0131ndan FB TV\u2019ye \u015fu a\u00e7\u0131klamalarda bulundu: &#8220;\u0130kinci \u00e7eyrekte organizasyonumuzu kaybettik. Oda\u011f\u0131m\u0131z\u0131 kaybettik ve oyun plan\u0131m\u0131z\u0131 uygulayamad\u0131k. Di\u011fer \u00e7eyreklerde asl\u0131nda yapmam\u0131z gerekenleri yapm\u0131\u015ft\u0131k. Oyun kurucu ve savunmayla ilgili \u00e7ok ciddi eksi\u011fimiz var, Henry\u2019nin olmamas\u0131. Di\u011fer oyuncular\u0131m\u0131z\u0131n eksikleri tamamlamas\u0131 ve sorumluluk almas\u0131 gerekiyor. Rakibin agresifli\u011fiyle ba\u015fka t\u00fcrl\u00fc kar\u015f\u0131 [&hellip;]<\/p>\n","protected":false},"author":1,"featured_media":14479,"comment_status":"closed","ping_status":"closed","sticky":false,"template":"","format":"standard","meta":{"jnews-multi-image_gallery":[],"jnews_single_post":{"subtitle":"Fenerbah\u00e7e Erkek Basketbol Tak\u0131m\u0131m\u0131z\u0131n Ba\u015fantren\u00f6r\u00fc Aleksandar Djordjevic, Turkish Airlines EuroLeague 27. hafta kar\u015f\u0131la\u015fmas\u0131nda deplasmanda AS Monaco ile oynad\u0131\u011f\u0131 ma\u00e7\u0131n ard\u0131ndan a\u00e7\u0131klamalarda bulundu.","format":"standard","video":"","gallery":"","source_name":"","source_url":"","via_name":"","via_url":"","override_template":"0","override":[{"template":"1","single_blog_custom":"","parallax":"1","fullscreen":"1","layout":"right-sidebar","sidebar":"default-sidebar","second_sidebar":"default-sidebar","sticky_sidebar":"1","share_position":"top","share_float_style":"share-monocrhome","show_share_counter":"1","show_view_counter":"1","show_featured":"1","show_post_meta":"1","show_post_author":"1","show_post_author_image":"1","show_post_date":"1","post_date_format":"default","post_date_format_custom":"Y\/m\/d","show_post_category":"1","show_post_reading_time":"0","post_reading_time_wpm":"300","show_zoom_button":"0","zoom_button_out_step":"2","zoom_button_in_step":"3","show_post_tag":"1","show_prev_next_post":"1","show_popup_post":"1","number_popup_post":"1","show_author_box":"0","show_post_related":"0","show_inline_post_related":"0"}],"override_image_size":"0","image_override":[{"single_post_thumbnail_size":"crop-500","single_post_gallery_size":"crop-500"}],"trending_post":"0","trending_post_position":"meta","trending_post_label":"Trending","sponsored_post":"0","sponsored_post_label":"Sponsored by","sponsored_post_name":"","sponsored_post_url":"","sponsored_post_logo_enable":"0","sponsored_post_logo":"","sponsored_post_desc":"","disable_ad":"0"},"jnews_primary_category":{"id":"5"},"jnews_social_meta":{"fb_title":"","fb_description":"","fb_image":"","twitter_title":"","twitter_description":"","twitter_image":""},"jnews_override_counter":{"override_view_counter":"0","view_counter_number":"0","override_share_counter":"0","share_counter_number":"0","override_like_counter":"0","like_counter_number":"0","override_dislike_counter":"0","dislike_counter_number":"0"},"footnotes":""},"categories":[5,6,2],"tags":[24,74,23],"class_list":["post-16407","post","type-post","status-publish","format-standard","has-post-thumbnail","hentry","category-basketbol","category-erkek-basketbol","category-haberler","tag-basketbol","tag-euroleague","tag-fenerbahce"],"amp_enabled":true,"_links":{"self":[{"href":"https:\/\/www.fener.org\/index.php\/wp-json\/wp\/v2\/posts\/16407","targetHints":{"allow":["GET"]}}],"collection":[{"href":"https:\/\/www.fener.org\/index.php\/wp-json\/wp\/v2\/posts"}],"about":[{"href":"https:\/\/www.fener.org\/index.php\/wp-json\/wp\/v2\/types\/post"}],"author":[{"embeddable":true,"href":"https:\/\/www.fener.org\/index.php\/wp-json\/wp\/v2\/users\/1"}],"replies":[{"embeddable":true,"href":"https:\/\/www.fener.org\/index.php\/wp-json\/wp\/v2\/comments?post=16407"}],"version-history":[{"count":1,"href":"https:\/\/www.fener.org\/index.php\/wp-json\/wp\/v2\/posts\/16407\/revisions"}],"predecessor-version":[{"id":16408,"href":"https:\/\/www.fener.org\/index.php\/wp-json\/wp\/v2\/posts\/16407\/revisions\/16408"}],"wp:featuredmedia":[{"embeddable":true,"href":"https:\/\/www.fener.org\/index.php\/wp-json\/wp\/v2\/media\/14479"}],"wp:attachment":[{"href":"https:\/\/www.fener.org\/index.php\/wp-json\/wp\/v2\/media?parent=16407"}],"wp:term":[{"taxonomy":"category","embeddable":true,"href":"https:\/\/www.fener.org\/index.php\/wp-json\/wp\/v2\/categories?post=16407"},{"taxonomy":"post_tag","embeddable":true,"href":"https:\/\/www.fener.org\/index.php\/wp-json\/wp\/v2\/tags?post=16407"}],"curies":[{"name":"wp","href":"https:\/\/api.w.org\/{rel}","templated":true}]}}