{"id":16380,"date":"2022-02-24T14:43:45","date_gmt":"2022-02-24T11:43:45","guid":{"rendered":"https:\/\/www.fener.org\/?p=16380"},"modified":"2022-02-24T14:43:49","modified_gmt":"2022-02-24T11:43:49","slug":"fenerbahce-beko-as-monacoya-konuk-oluyor","status":"publish","type":"post","link":"https:\/\/www.fener.org\/index.php\/2022\/02\/24\/fenerbahce-beko-as-monacoya-konuk-oluyor\/","title":{"rendered":"Fenerbah\u00e7e Beko, AS Monaco\u2019ya konuk oluyor"},"content":{"rendered":"\n<p>Fenerbah\u00e7e Beko Erkek Basketbol Tak\u0131m\u0131m\u0131z, Turkish Airlines EuroLeague 27. hafta kar\u015f\u0131la\u015fmas\u0131nda Frans\u0131z temsilcisi AS Monaco\u2019ya konuk oluyor. Yar\u0131n (25 \u015eubat Cuma g\u00fcn\u00fc) saat 22.00\u2019da Salle Gaston Medecin\u2019da oynanacak m\u00fccadele beIN Sports Haber taraf\u0131ndan canl\u0131 yay\u0131nlanacak. M\u00fcsabakay\u0131 Luigi Lamonica (\u0130talya), Benjamin Jimenez (\u0130spanya), Marcin Kowalski (Polonya) hakem \u00fc\u00e7l\u00fcs\u00fc y\u00f6netecek.<\/p>\n\n\n\n<p>Tak\u0131m\u0131m\u0131z, son resmi ma\u00e7lar\u0131na Bitci T\u00fcrkiye Kupas\u0131\u2019nda \u00e7\u0131kt\u0131. Bursa\u2019da d\u00fczenlenen D\u00f6rtl\u00fc Final m\u00fcsabakalar\u0131nda 18 \u015eubat Cuma g\u00fcn\u00fc Galatasaray Nef\u2019i 64-49 ile ge\u00e7erek final vizesi alan Fenerbah\u00e7e Beko, finalde ise 20 \u015eubat Pazar g\u00fcn\u00fc Anadolu Efes\u2019e 72-86 yenilmekten kurtulamad\u0131.<\/p>\n\n\n\n<p>Ekibimiz, Turkish Airlines EuroLeague\u2019deki son ma\u00e7\u0131nda 8 \u015eubat Sal\u0131 g\u00fcn\u00fc Real Madrid\u2019i konuk etti. Fenerbah\u00e7e Beko, rakibini 66-51 ile ge\u00e7ti. Tak\u0131m\u0131m\u0131zda Marko Guduric 12, Melih Mahmuto\u011flu ve Pierria Henry 10\u2019ar say\u0131 \u00fcretti. Fenerbah\u00e7e Beko\u2019nun EuroLeague\u2019de 22 ma\u00e7ta 12 galibiyeti bulunuyor.<\/p>\n\n\n\n<p>Fenerbah\u00e7e Beko\u2019da bir s\u00fcredir sakatl\u0131klar\u0131 nedeniyle forma giyemeyen Nando De Colo, Danilo Barthel, Jan Vesely ve Marial Shayok idmanlara ba\u015flad\u0131. Bu isimler, ekibimizin Monaco ma\u00e7 kafilesinde yer alacak. De Colo ve Barthel\u2019in m\u00fccadele i\u00e7in haz\u0131r olmas\u0131 beklenirken, Vesely ve Shayok\u2019un durumlar\u0131na ma\u00e7 saatinde karar verilecek. Bitci T\u00fcrkiye Kupas\u0131 kar\u015f\u0131la\u015fmalar\u0131nda sakatlanan Pierria Henry\u2019nin yan\u0131 s\u0131ra, FIBA 2023 D\u00fcnya Kupas\u0131 Elemeleri ma\u00e7lar\u0131 i\u00e7in milli tak\u0131mlarda bulunan Melih Mahmuto\u011flu, Metecan Birsen ve Ahmet D\u00fcverio\u011flu, Monaco m\u00fccadelesinde forma giyemeyecek.<\/p>\n\n\n\n<p>Ko\u00e7 Sasa Obradovic taraf\u0131ndan \u00e7al\u0131\u015ft\u0131r\u0131lan AS Monaco, bu sezon EuroLeague\u2019de oynad\u0131\u011f\u0131 26 ma\u00e7ta 13 galibiyet ald\u0131. Rakibimiz, son olarak erteleme kar\u015f\u0131la\u015fmas\u0131nda 22 \u015eubat Sal\u0131 g\u00fcn\u00fc konuk etti\u011fi UNICS Kazan\u2019\u0131 79-76 ma\u011flup etti.<\/p>\n\n\n\n<p>Rakibimiz, Fransa Ligi\u2019nde oynad\u0131\u011f\u0131 20 ma\u00e7ta 13 galibiyet elde etti. Monaco, son lig kar\u015f\u0131la\u015fmas\u0131nda 19 \u015eubat Cumartesi g\u00fcn\u00fc konuk oldu\u011fu Gravelines\u2019i 66-82 yendi.<\/p>\n\n\n\n<p>\u0130ki tak\u0131m bug\u00fcne dek EuroLeague\u2019de bir kez kar\u015f\u0131la\u015ft\u0131. 2021-22 sezonu ilk yar\u0131s\u0131nda 2 Aral\u0131k Per\u015fembe g\u00fcn\u00fc \u00dclker Spor ve Etkinlik Salonu\u2019nda oynanan m\u00fccadeleyi Fenerbah\u00e7e Beko 96-86 kazand\u0131.<\/p>\n","protected":false},"excerpt":{"rendered":"<p>Fenerbah\u00e7e Beko Erkek Basketbol Tak\u0131m\u0131m\u0131z, Turkish Airlines EuroLeague 27. hafta kar\u015f\u0131la\u015fmas\u0131nda Frans\u0131z temsilcisi AS Monaco\u2019ya konuk oluyor. Yar\u0131n (25 \u015eubat Cuma g\u00fcn\u00fc) saat 22.00\u2019da Salle Gaston Medecin\u2019da oynanacak m\u00fccadele beIN Sports Haber taraf\u0131ndan canl\u0131 yay\u0131nlanacak. M\u00fcsabakay\u0131 Luigi Lamonica (\u0130talya), Benjamin Jimenez (\u0130spanya), Marcin Kowalski (Polonya) hakem \u00fc\u00e7l\u00fcs\u00fc y\u00f6netecek. Tak\u0131m\u0131m\u0131z, son resmi ma\u00e7lar\u0131na Bitci T\u00fcrkiye Kupas\u0131\u2019nda [&hellip;]<\/p>\n","protected":false},"author":1,"featured_media":16381,"comment_status":"closed","ping_status":"closed","sticky":false,"template":"","format":"standard","meta":{"jnews-multi-image_gallery":[],"jnews_single_post":{"subtitle":"Fenerbah\u00e7e Erkek Basketbol Tak\u0131m\u0131m\u0131z, Turkish Airlines EuroLeague 27. hafta kar\u015f\u0131la\u015fmas\u0131nda deplasmanda AS Monaco ile m\u00fccadele edecek.","format":"standard","video":"","gallery":"","source_name":"","source_url":"","via_name":"","via_url":"","override_template":"0","override":[{"template":"1","single_blog_custom":"","parallax":"1","fullscreen":"1","layout":"right-sidebar","sidebar":"default-sidebar","second_sidebar":"default-sidebar","sticky_sidebar":"1","share_position":"top","share_float_style":"share-monocrhome","show_share_counter":"1","show_view_counter":"1","show_featured":"1","show_post_meta":"1","show_post_author":"1","show_post_author_image":"1","show_post_date":"1","post_date_format":"default","post_date_format_custom":"Y\/m\/d","show_post_category":"1","show_post_reading_time":"0","post_reading_time_wpm":"300","show_zoom_button":"0","zoom_button_out_step":"2","zoom_button_in_step":"3","show_post_tag":"1","show_prev_next_post":"1","show_popup_post":"1","number_popup_post":"1","show_author_box":"0","show_post_related":"0","show_inline_post_related":"0"}],"override_image_size":"0","image_override":[{"single_post_thumbnail_size":"crop-500","single_post_gallery_size":"crop-500"}],"trending_post":"0","trending_post_position":"meta","trending_post_label":"Trending","sponsored_post":"0","sponsored_post_label":"Sponsored by","sponsored_post_name":"","sponsored_post_url":"","sponsored_post_logo_enable":"0","sponsored_post_logo":"","sponsored_post_desc":"","disable_ad":"0"},"jnews_primary_category":{"id":"5"},"jnews_social_meta":{"fb_title":"","fb_description":"","fb_image":"","twitter_title":"","twitter_description":"","twitter_image":""},"jnews_override_counter":{"override_view_counter":"0","view_counter_number":"0","override_share_counter":"0","share_counter_number":"0","override_like_counter":"0","like_counter_number":"0","override_dislike_counter":"0","dislike_counter_number":"0"},"footnotes":""},"categories":[5,6,2],"tags":[24,74,23],"class_list":["post-16380","post","type-post","status-publish","format-standard","has-post-thumbnail","hentry","category-basketbol","category-erkek-basketbol","category-haberler","tag-basketbol","tag-euroleague","tag-fenerbahce"],"amp_enabled":true,"_links":{"self":[{"href":"https:\/\/www.fener.org\/index.php\/wp-json\/wp\/v2\/posts\/16380","targetHints":{"allow":["GET"]}}],"collection":[{"href":"https:\/\/www.fener.org\/index.php\/wp-json\/wp\/v2\/posts"}],"about":[{"href":"https:\/\/www.fener.org\/index.php\/wp-json\/wp\/v2\/types\/post"}],"author":[{"embeddable":true,"href":"https:\/\/www.fener.org\/index.php\/wp-json\/wp\/v2\/users\/1"}],"replies":[{"embeddable":true,"href":"https:\/\/www.fener.org\/index.php\/wp-json\/wp\/v2\/comments?post=16380"}],"version-history":[{"count":1,"href":"https:\/\/www.fener.org\/index.php\/wp-json\/wp\/v2\/posts\/16380\/revisions"}],"predecessor-version":[{"id":16382,"href":"https:\/\/www.fener.org\/index.php\/wp-json\/wp\/v2\/posts\/16380\/revisions\/16382"}],"wp:featuredmedia":[{"embeddable":true,"href":"https:\/\/www.fener.org\/index.php\/wp-json\/wp\/v2\/media\/16381"}],"wp:attachment":[{"href":"https:\/\/www.fener.org\/index.php\/wp-json\/wp\/v2\/media?parent=16380"}],"wp:term":[{"taxonomy":"category","embeddable":true,"href":"https:\/\/www.fener.org\/index.php\/wp-json\/wp\/v2\/categories?post=16380"},{"taxonomy":"post_tag","embeddable":true,"href":"https:\/\/www.fener.org\/index.php\/wp-json\/wp\/v2\/tags?post=16380"}],"curies":[{"name":"wp","href":"https:\/\/api.w.org\/{rel}","templated":true}]}}