{"id":15952,"date":"2022-01-23T16:11:18","date_gmt":"2022-01-23T13:11:18","guid":{"rendered":"https:\/\/www.fener.org\/?p=15952"},"modified":"2022-01-23T16:11:29","modified_gmt":"2022-01-23T13:11:29","slug":"fenerbahce-serdar-aziz-ve-filip-novakin-saglik-durumu-hakkinda-aciklama-yapti","status":"publish","type":"post","link":"https:\/\/www.fener.org\/index.php\/2022\/01\/23\/fenerbahce-serdar-aziz-ve-filip-novakin-saglik-durumu-hakkinda-aciklama-yapti\/","title":{"rendered":"Fenerbah\u00e7e, Serdar Aziz ve Filip Novak&#8217;\u0131n sa\u011fl\u0131k durumu hakk\u0131nda a\u00e7\u0131klama yapt\u0131"},"content":{"rendered":"\n<p>S\u00fcper Lig&#8217;in 23. haftas\u0131nda Fenerbah\u00e7e&#8217;nin Sivasspor ile 1-1 kald\u0131\u011f\u0131 m\u00fccadelede Serdar Aziz ve Filip Novak sakatland\u0131. Tecr\u00fcbeli stoper 42&#8217;de yerini Tisserand&#8217;a b\u0131rak\u0131rken, \u00c7ek bek Novak ise 55&#8217;te yerini Pelkas&#8217;a b\u0131rakt\u0131.<\/p>\n\n\n\n<p>Fenerbah\u00e7e ma\u00e7ta sakatl\u0131k ya\u015fayan futbolcular\u0131n sa\u011fl\u0131k durummu hakk\u0131nda a\u00e7\u0131klama yapt\u0131.<\/p>\n\n\n\n<p>Sa\u011f kas\u0131k b\u00f6lgesinde 1. derece zorlanma tespit edilen Serdar Aziz yakla\u015f\u0131k 1,5 hafta sahalardan uzak kalacak.<\/p>\n\n\n\n<p>Sol uyluk arka \u00fcst adele tendonunda, tendon i\u00e7i y\u0131rt\u0131k saptanan \u00c7ek bek Filip Novak ise 3-4 hafta sahalardan uzak kalacak.<\/p>\n\n\n\n<p>Kul\u00fcb\u00fcm\u00fcz\u00fcn resmi sitesinde yay\u0131nlanan a\u00e7\u0131klamada \u015f\u00f6yle denildi:<\/p>\n\n\n\n<blockquote class=\"wp-block-quote is-layout-flow wp-block-quote-is-layout-flow\"><p>D\u00fcn ak\u015fam Demir Grup Sivasspor ile oynad\u0131\u011f\u0131m\u0131z kar\u015f\u0131la\u015fmada sakatlanan oyuncular\u0131m\u0131z\u0131n yap\u0131lan ilk de\u011ferlendirmelerinde; Serdar Aziz\u2019in sa\u011f kas\u0131k b\u00f6lgesinde 1. Derece zorlanma, Filip Novak\u2019\u0131n sol uyluk arka \u00fcst adele tendonunda, tendon i\u00e7i y\u0131rt\u0131k saptanm\u0131\u015ft\u0131r. Oyuncular\u0131m\u0131z\u0131n tedavi programlar\u0131 ba\u015flam\u0131\u015ft\u0131r.<\/p><p><strong>Fenerbah\u00e7e Spor Kul\u00fcb\u00fc<\/strong><\/p><\/blockquote>\n","protected":false},"excerpt":{"rendered":"<p>S\u00fcper Lig&#8217;in 23. haftas\u0131nda Fenerbah\u00e7e&#8217;nin Sivasspor ile 1-1 kald\u0131\u011f\u0131 m\u00fccadelede Serdar Aziz ve Filip Novak sakatland\u0131. Tecr\u00fcbeli stoper 42&#8217;de yerini Tisserand&#8217;a b\u0131rak\u0131rken, \u00c7ek bek Novak ise 55&#8217;te yerini Pelkas&#8217;a b\u0131rakt\u0131. Fenerbah\u00e7e ma\u00e7ta sakatl\u0131k ya\u015fayan futbolcular\u0131n sa\u011fl\u0131k durummu hakk\u0131nda a\u00e7\u0131klama yapt\u0131. Sa\u011f kas\u0131k b\u00f6lgesinde 1. derece zorlanma tespit edilen Serdar Aziz yakla\u015f\u0131k 1,5 hafta sahalardan uzak [&hellip;]<\/p>\n","protected":false},"author":1,"featured_media":15953,"comment_status":"closed","ping_status":"closed","sticky":false,"template":"","format":"standard","meta":{"jnews-multi-image_gallery":[],"jnews_single_post":{"subtitle":"Fenerbah\u00e7e, Sivasspor ma\u00e7\u0131nda sakatlanan Novak ve Serdar Aziz'in sa\u011fl\u0131k durumu hakk\u0131nda a\u00e7\u0131klama yapt\u0131.","format":"standard","video":"","gallery":"","source_name":"","source_url":"","via_name":"","via_url":"","override_template":"0","override":[{"template":"1","single_blog_custom":"","parallax":"1","fullscreen":"1","layout":"right-sidebar","sidebar":"default-sidebar","second_sidebar":"default-sidebar","sticky_sidebar":"1","share_position":"top","share_float_style":"share-monocrhome","show_share_counter":"1","show_view_counter":"1","show_featured":"1","show_post_meta":"1","show_post_author":"1","show_post_author_image":"1","show_post_date":"1","post_date_format":"default","post_date_format_custom":"Y\/m\/d","show_post_category":"1","show_post_reading_time":"0","post_reading_time_wpm":"300","show_zoom_button":"0","zoom_button_out_step":"2","zoom_button_in_step":"3","show_post_tag":"1","show_prev_next_post":"1","show_popup_post":"1","number_popup_post":"1","show_author_box":"0","show_post_related":"0","show_inline_post_related":"0"}],"override_image_size":"0","image_override":[{"single_post_thumbnail_size":"crop-500","single_post_gallery_size":"crop-500"}],"trending_post":"0","trending_post_position":"meta","trending_post_label":"Trending","sponsored_post":"0","sponsored_post_label":"Sponsored by","sponsored_post_name":"","sponsored_post_url":"","sponsored_post_logo_enable":"0","sponsored_post_logo":"","sponsored_post_desc":"","disable_ad":"0"},"jnews_primary_category":{"id":"4"},"jnews_social_meta":{"fb_title":"","fb_description":"","fb_image":"","twitter_title":"","twitter_description":"","twitter_image":""},"jnews_override_counter":{"override_view_counter":"0","view_counter_number":"0","override_share_counter":"0","share_counter_number":"0","override_like_counter":"0","like_counter_number":"0","override_dislike_counter":"0","dislike_counter_number":"0"},"footnotes":""},"categories":[4,2,47],"tags":[23,54],"class_list":["post-15952","post","type-post","status-publish","format-standard","has-post-thumbnail","hentry","category-futbol","category-haberler","category-profesyonel-a-futbol-takimi","tag-fenerbahce","tag-futbol"],"amp_enabled":true,"_links":{"self":[{"href":"https:\/\/www.fener.org\/index.php\/wp-json\/wp\/v2\/posts\/15952","targetHints":{"allow":["GET"]}}],"collection":[{"href":"https:\/\/www.fener.org\/index.php\/wp-json\/wp\/v2\/posts"}],"about":[{"href":"https:\/\/www.fener.org\/index.php\/wp-json\/wp\/v2\/types\/post"}],"author":[{"embeddable":true,"href":"https:\/\/www.fener.org\/index.php\/wp-json\/wp\/v2\/users\/1"}],"replies":[{"embeddable":true,"href":"https:\/\/www.fener.org\/index.php\/wp-json\/wp\/v2\/comments?post=15952"}],"version-history":[{"count":1,"href":"https:\/\/www.fener.org\/index.php\/wp-json\/wp\/v2\/posts\/15952\/revisions"}],"predecessor-version":[{"id":15954,"href":"https:\/\/www.fener.org\/index.php\/wp-json\/wp\/v2\/posts\/15952\/revisions\/15954"}],"wp:featuredmedia":[{"embeddable":true,"href":"https:\/\/www.fener.org\/index.php\/wp-json\/wp\/v2\/media\/15953"}],"wp:attachment":[{"href":"https:\/\/www.fener.org\/index.php\/wp-json\/wp\/v2\/media?parent=15952"}],"wp:term":[{"taxonomy":"category","embeddable":true,"href":"https:\/\/www.fener.org\/index.php\/wp-json\/wp\/v2\/categories?post=15952"},{"taxonomy":"post_tag","embeddable":true,"href":"https:\/\/www.fener.org\/index.php\/wp-json\/wp\/v2\/tags?post=15952"}],"curies":[{"name":"wp","href":"https:\/\/api.w.org\/{rel}","templated":true}]}}