{"id":15921,"date":"2022-01-22T19:25:56","date_gmt":"2022-01-22T16:25:56","guid":{"rendered":"https:\/\/www.fener.org\/?p=15921"},"modified":"2022-01-22T19:35:23","modified_gmt":"2022-01-22T16:35:23","slug":"ismail-kartal","status":"publish","type":"post","link":"https:\/\/www.fener.org\/index.php\/2022\/01\/22\/ismail-kartal\/","title":{"rendered":"\u0130smail Kartal: \u00d6n\u00fcm\u00fcze bakaca\u011f\u0131z"},"content":{"rendered":"\n<p>Teknik Direkt\u00f6r\u00fcm\u00fcz \u0130smail Kartal, 1-1 e\u015fitlikle tamamlanan Demir Grup Sivasspor ma\u00e7\u0131n\u0131n ard\u0131ndan yay\u0131nc\u0131 kurulu\u015fa a\u00e7\u0131klamalarda bulundu.<br>&nbsp;<br>Kartal a\u00e7\u0131kmas\u0131nda \u015funlar\u0131 s\u00f6yledi:<\/p>\n\n\n\n<blockquote class=\"wp-block-quote is-layout-flow wp-block-quote-is-layout-flow\"><p>\u201cMa\u00e7a iyi ba\u015flad\u0131k, \u00e7\u00fcnk\u00fc iyi haz\u0131rland\u0131k. 3 puan i\u00e7in geldik. S\u00f6ylemi\u015ftim zaten, Fenerbah\u00e7e\u2019ye oynatmak istedi\u011fim oyun bu. Ma\u00e7a \u00e7ok iyi ba\u015flad\u0131k. Kazanmak i\u00e7in sahaya \u00e7\u0131kan bir Fenerbah\u00e7e, pozitif futbol oynatmaya \u00e7al\u0131\u015ft\u0131raca\u011f\u0131m bir tak\u0131m, benim oyun felsefem bu diye zaten a\u00e7\u0131klam\u0131\u015ft\u0131m. Bunu da ilk yar\u0131da g\u00f6sterdik. Ancak bizim baz\u0131 mevkilerimizin alternatifi yok. \u0130kinci yar\u0131 biz hocalarla birlikte ba\u015fka bir hamle yapmay\u0131 d\u00fc\u015f\u00fcn\u00fcrken, Novak\u2019\u0131n bir sakatl\u0131\u011f\u0131 oldu. Bu sakatl\u0131\u011f\u0131 gidermek i\u00e7in bir oyuncumu mecburen onun yerine kayd\u0131rd\u0131k. Onun yerine kayd\u0131r\u0131nca oyun g\u00fcc\u00fcm\u00fcz azald\u0131. 10-15 dakika oyun tempomuz, g\u00fcc\u00fcm\u00fcz kalmad\u0131. O esnada rakip bask\u0131 kurdu, gol\u00fc de yedik. Daha sonra bir hamle yap\u0131p oyunu \u00e7evirebilirdik, pozisyonlar yakalayabilirdik. Sonu\u00e7 olarak ikinci yar\u0131 sakatl\u0131klardan do\u011fan mecburi de\u011fi\u015fikliklerden dolay\u0131 oyunu istedi\u011fimiz gibi oynayamad\u0131k. \u0130stedi\u011fimiz oyunu oynayabilmek i\u00e7in oyuncular\u0131mla birlikte \u00e7al\u0131\u015faca\u011f\u0131z. Sakatl\u0131klar\u0131n oldu\u011fu baz\u0131 orijin mevkilerle ilgili belki y\u00f6netimle konu\u015fup oralara birka\u00e7 takviye yapabilirsek, \u00f6n\u00fcm\u00fczdeki g\u00fcnlerde bug\u00fcn ilk yar\u0131daki gibi Fenerbah\u00e7e\u2019nin istedi\u011fim futbolu, taraftar\u0131m\u0131z\u0131n istedi\u011fi futbolu, \u00fcst\u00fcne koyarak; daha iyi olaca\u011f\u0131m\u0131z\u0131 d\u00fc\u015f\u00fcn\u00fcyorum. Bug\u00fcn insanlar \u015funu diyebilir: \u2018\u0130kinci yar\u0131 Fenerbah\u00e7e k\u00f6t\u00fc oynad\u0131.\u2019 Ama neden k\u00f6t\u00fc oynad\u0131? Nedenleri nelerdir? Buralara dikkat etmek gerekir. \u0130lk devre sen \u00e7ok iyi oynuyorsun, ikinci yar\u0131 bir sakatl\u0131k oluyor, ilk yar\u0131 Serdar\u2019\u0131n sakatlanmas\u0131, ikinci yar\u0131 Novak\u2019\u0131n sakatlanmas\u0131, \u00f6ndeki en etkili oyuncular\u0131mdan birini sol beke mecburen \u00e7ekmem\u2026 Ne oluyor? &nbsp;\u00d6nde top tutam\u0131yorsunuz, rakibe tehdit olam\u0131yorsunuz, rakip de \u00fcst\u00fcn\u00fcze daha rahat geliyor. Oyun g\u00fcc\u00fcn\u00fcz azal\u0131yor. Rakip bunu g\u00f6r\u00fcrse sizin \u00fczerinize daha fazla gelir. Bug\u00fcn her \u015feye ra\u011fmen Sivas gibi zor bir deplasmandan b\u00f6yle so\u011fuk havada 1 puan ald\u0131k. \u0130yi futbol oynamaya \u00e7al\u0131\u015ft\u0131\u011f\u0131m\u0131z d\u00f6nemde bunu g\u00f6sterdik. Gol att\u0131k, 2-3 net pozisyonumuz vard\u0131. Oyun g\u00fcc\u00fcm\u00fcz\u00fcn azald\u0131\u011f\u0131 d\u00f6nemde ikinci yar\u0131 Sivasspor\u2019un direkten d\u00f6nen birka\u00e7 topu oldu. Onlar da iyi oynad\u0131, bunu kabul etmek laz\u0131m. Berabere bitti, \u00f6n\u00fcm\u00fcze bakaca\u011f\u0131z. Oyuncular\u0131m\u0131 verdikleri m\u00fccadeleden dolay\u0131 tebrik ediyorum. Sivasspor\u2019a da bundan sonraki ma\u00e7lar\u0131nda ba\u015far\u0131lar diliyorum.\u201d<\/p><\/blockquote>\n","protected":false},"excerpt":{"rendered":"<p>Teknik Direkt\u00f6r\u00fcm\u00fcz \u0130smail Kartal, 1-1 e\u015fitlikle tamamlanan Demir Grup Sivasspor ma\u00e7\u0131n\u0131n ard\u0131ndan yay\u0131nc\u0131 kurulu\u015fa a\u00e7\u0131klamalarda bulundu.&nbsp;Kartal a\u00e7\u0131kmas\u0131nda \u015funlar\u0131 s\u00f6yledi: \u201cMa\u00e7a iyi ba\u015flad\u0131k, \u00e7\u00fcnk\u00fc iyi haz\u0131rland\u0131k. 3 puan i\u00e7in geldik. S\u00f6ylemi\u015ftim zaten, Fenerbah\u00e7e\u2019ye oynatmak istedi\u011fim oyun bu. Ma\u00e7a \u00e7ok iyi ba\u015flad\u0131k. Kazanmak i\u00e7in sahaya \u00e7\u0131kan bir Fenerbah\u00e7e, pozitif futbol oynatmaya \u00e7al\u0131\u015ft\u0131raca\u011f\u0131m bir tak\u0131m, benim oyun felsefem [&hellip;]<\/p>\n","protected":false},"author":1,"featured_media":15922,"comment_status":"closed","ping_status":"closed","sticky":false,"template":"","format":"standard","meta":{"jnews-multi-image_gallery":[],"jnews_single_post":{"subtitle":"Fenerbah\u00e7e Teknik Direkt\u00f6r\u00fc \u0130smail Kartal, tak\u0131m\u0131m\u0131z\u0131n S\u00fcper Lig Ahmet \u00c7al\u0131k Sezonunun 23. haftas\u0131nda deplasmanda Demir Grup Sivasspor ile 1-1 berabere kald\u0131\u011f\u0131 m\u00fccadelenin ard\u0131ndan a\u00e7\u0131klamalarda bulundu. ","format":"standard","video":"","gallery":"","source_name":"","source_url":"","via_name":"","via_url":"","override_template":"0","override":[{"template":"1","single_blog_custom":"","parallax":"1","fullscreen":"1","layout":"right-sidebar","sidebar":"default-sidebar","second_sidebar":"default-sidebar","sticky_sidebar":"1","share_position":"top","share_float_style":"share-monocrhome","show_share_counter":"1","show_view_counter":"1","show_featured":"1","show_post_meta":"1","show_post_author":"1","show_post_author_image":"1","show_post_date":"1","post_date_format":"default","post_date_format_custom":"Y\/m\/d","show_post_category":"1","show_post_reading_time":"0","post_reading_time_wpm":"300","show_zoom_button":"0","zoom_button_out_step":"2","zoom_button_in_step":"3","show_post_tag":"1","show_prev_next_post":"1","show_popup_post":"1","number_popup_post":"1","show_author_box":"0","show_post_related":"0","show_inline_post_related":"0"}],"override_image_size":"0","image_override":[{"single_post_thumbnail_size":"crop-500","single_post_gallery_size":"crop-500"}],"trending_post":"0","trending_post_position":"meta","trending_post_label":"Trending","sponsored_post":"0","sponsored_post_label":"Sponsored by","sponsored_post_name":"","sponsored_post_url":"","sponsored_post_logo_enable":"0","sponsored_post_logo":"","sponsored_post_desc":"","disable_ad":"0"},"jnews_primary_category":{"id":"4"},"jnews_social_meta":{"fb_title":"","fb_description":"","fb_image":"","twitter_title":"","twitter_description":"","twitter_image":""},"jnews_override_counter":{"override_view_counter":"0","view_counter_number":"0","override_share_counter":"0","share_counter_number":"0","override_like_counter":"0","like_counter_number":"0","override_dislike_counter":"0","dislike_counter_number":"0"},"footnotes":""},"categories":[4,2,47],"tags":[23,54],"class_list":["post-15921","post","type-post","status-publish","format-standard","has-post-thumbnail","hentry","category-futbol","category-haberler","category-profesyonel-a-futbol-takimi","tag-fenerbahce","tag-futbol"],"amp_enabled":true,"_links":{"self":[{"href":"https:\/\/www.fener.org\/index.php\/wp-json\/wp\/v2\/posts\/15921","targetHints":{"allow":["GET"]}}],"collection":[{"href":"https:\/\/www.fener.org\/index.php\/wp-json\/wp\/v2\/posts"}],"about":[{"href":"https:\/\/www.fener.org\/index.php\/wp-json\/wp\/v2\/types\/post"}],"author":[{"embeddable":true,"href":"https:\/\/www.fener.org\/index.php\/wp-json\/wp\/v2\/users\/1"}],"replies":[{"embeddable":true,"href":"https:\/\/www.fener.org\/index.php\/wp-json\/wp\/v2\/comments?post=15921"}],"version-history":[{"count":2,"href":"https:\/\/www.fener.org\/index.php\/wp-json\/wp\/v2\/posts\/15921\/revisions"}],"predecessor-version":[{"id":15924,"href":"https:\/\/www.fener.org\/index.php\/wp-json\/wp\/v2\/posts\/15921\/revisions\/15924"}],"wp:featuredmedia":[{"embeddable":true,"href":"https:\/\/www.fener.org\/index.php\/wp-json\/wp\/v2\/media\/15922"}],"wp:attachment":[{"href":"https:\/\/www.fener.org\/index.php\/wp-json\/wp\/v2\/media?parent=15921"}],"wp:term":[{"taxonomy":"category","embeddable":true,"href":"https:\/\/www.fener.org\/index.php\/wp-json\/wp\/v2\/categories?post=15921"},{"taxonomy":"post_tag","embeddable":true,"href":"https:\/\/www.fener.org\/index.php\/wp-json\/wp\/v2\/tags?post=15921"}],"curies":[{"name":"wp","href":"https:\/\/api.w.org\/{rel}","templated":true}]}}