{"id":15804,"date":"2022-01-14T09:12:51","date_gmt":"2022-01-14T06:12:51","guid":{"rendered":"https:\/\/www.fener.org\/?p=15804"},"modified":"2022-01-14T19:05:41","modified_gmt":"2022-01-14T16:05:41","slug":"arina-fedorovtseva-2021-yilinin-en-iyi-12-kadin-voleybolcusu-listesinde-yer-aldi","status":"publish","type":"post","link":"https:\/\/www.fener.org\/index.php\/2022\/01\/14\/arina-fedorovtseva-2021-yilinin-en-iyi-12-kadin-voleybolcusu-listesinde-yer-aldi\/","title":{"rendered":"Arina Fedorovtseva &#8220;2021 y\u0131l\u0131n\u0131n en iyi 12 kad\u0131n voleybolcusu&#8221; listesinde yer ald\u0131"},"content":{"rendered":"\n<p>Fenerbah\u00e7e Opet Kad\u0131n Voleybol Tak\u0131m\u0131m\u0131z\u0131n ba\u015far\u0131l\u0131 sma\u00e7\u00f6r\u00fc Arina Fedorovtseva, FIVB&#8217;nin &nbsp;&#8220;2021 y\u0131l\u0131n\u0131n en iyi 12 kad\u0131n voleybolcusu&#8221; listesinde 8. s\u0131rada yer ald\u0131.<\/p>\n\n\n\n<p>&#8220;2021 y\u0131l\u0131n\u0131n en iyi 12 kad\u0131n voleybolcusu&#8221; listesine Fenerbah\u00e7e Opet Kad\u0131n Voleybol Tak\u0131m\u0131m\u0131z\u0131n Kaptan\u0131 Eda Erdem D\u00fcndar\u2019\u0131n ard\u0131ndan bir sporcumuz daha girdi. Ba\u015far\u0131l\u0131 sma\u00e7\u00f6r\u00fcm\u00fcz Arina Fedorovtseva da listede yer ald\u0131.<br><br>Rusya milli tak\u0131m\u0131n\u0131n da formas\u0131n\u0131 giyen Fedorovtseva, \u00fclkemizin ev sahipli\u011finde d\u00fczenlenen ve Fenerbah\u00e7e Opet\u2019in \u00fc\u00e7\u00fcnc\u00fc oldu\u011fu FIVB D\u00fcnya Kul\u00fcpler \u015eampiyonas\u0131\u2019nda en iyi sma\u00e7\u00f6r se\u00e7ildi ve r\u00fcya tak\u0131mda yer ald\u0131.<br><br>&#8220;2021 y\u0131l\u0131n\u0131n en iyi 12 kad\u0131n voleybolcusu&#8221; listesi,&nbsp; Volleyball World taraf\u0131ndan Milletler Ligi, Avrupa \u015eampiyonas\u0131 ve Tokyo Olimpiyat Oyunlar\u0131 gibi 2021 y\u0131l\u0131n\u0131n en \u00f6nemli spor organizasyonlar\u0131 baz al\u0131narak haz\u0131rland\u0131.<\/p>\n","protected":false},"excerpt":{"rendered":"<p>Fenerbah\u00e7e Opet Kad\u0131n Voleybol Tak\u0131m\u0131m\u0131z\u0131n ba\u015far\u0131l\u0131 sma\u00e7\u00f6r\u00fc Arina Fedorovtseva, FIVB&#8217;nin &nbsp;&#8220;2021 y\u0131l\u0131n\u0131n en iyi 12 kad\u0131n voleybolcusu&#8221; listesinde 8. s\u0131rada yer ald\u0131. &#8220;2021 y\u0131l\u0131n\u0131n en iyi 12 kad\u0131n voleybolcusu&#8221; listesine Fenerbah\u00e7e Opet Kad\u0131n Voleybol Tak\u0131m\u0131m\u0131z\u0131n Kaptan\u0131 Eda Erdem D\u00fcndar\u2019\u0131n ard\u0131ndan bir sporcumuz daha girdi. Ba\u015far\u0131l\u0131 sma\u00e7\u00f6r\u00fcm\u00fcz Arina Fedorovtseva da listede yer ald\u0131. Rusya milli tak\u0131m\u0131n\u0131n [&hellip;]<\/p>\n","protected":false},"author":1,"featured_media":15805,"comment_status":"closed","ping_status":"closed","sticky":false,"template":"","format":"standard","meta":{"jnews-multi-image_gallery":[],"jnews_single_post":{"subtitle":"Fenerbah\u00e7e Kad\u0131n Voleybol Tak\u0131m\u0131m\u0131z\u0131n ba\u015far\u0131l\u0131 oyuncusu Arina Fedorovtseva, \"2021 y\u0131l\u0131n\u0131n en iyi 12 kad\u0131n voleybolcusu\" listesinde yer ald\u0131.","format":"standard","video":"","gallery":"","source_name":"","source_url":"","via_name":"","via_url":"","override_template":"0","override":[{"template":"1","single_blog_custom":"","parallax":"1","fullscreen":"1","layout":"right-sidebar","sidebar":"default-sidebar","second_sidebar":"default-sidebar","sticky_sidebar":"1","share_position":"top","share_float_style":"share-monocrhome","show_share_counter":"1","show_view_counter":"1","show_featured":"1","show_post_meta":"1","show_post_author":"1","show_post_author_image":"1","show_post_date":"1","post_date_format":"default","post_date_format_custom":"Y\/m\/d","show_post_category":"1","show_post_reading_time":"0","post_reading_time_wpm":"300","show_zoom_button":"0","zoom_button_out_step":"2","zoom_button_in_step":"3","show_post_tag":"1","show_prev_next_post":"1","show_popup_post":"1","number_popup_post":"1","show_author_box":"0","show_post_related":"0","show_inline_post_related":"0"}],"override_image_size":"0","image_override":[{"single_post_thumbnail_size":"crop-500","single_post_gallery_size":"crop-500"}],"trending_post":"0","trending_post_position":"meta","trending_post_label":"Trending","sponsored_post":"0","sponsored_post_label":"Sponsored by","sponsored_post_name":"","sponsored_post_url":"","sponsored_post_logo_enable":"0","sponsored_post_logo":"","sponsored_post_desc":"","disable_ad":"0"},"jnews_primary_category":{"id":"8"},"jnews_social_meta":{"fb_title":"","fb_description":"","fb_image":"","twitter_title":"","twitter_description":"","twitter_image":""},"jnews_override_counter":{"override_view_counter":"0","view_counter_number":"0","override_share_counter":"0","share_counter_number":"0","override_like_counter":"0","like_counter_number":"0","override_dislike_counter":"0","dislike_counter_number":"0"},"footnotes":""},"categories":[2,10,8],"tags":[23,29],"class_list":["post-15804","post","type-post","status-publish","format-standard","has-post-thumbnail","hentry","category-haberler","category-kadin-voleybol","category-voleybol","tag-fenerbahce","tag-voleybol"],"amp_enabled":true,"_links":{"self":[{"href":"https:\/\/www.fener.org\/index.php\/wp-json\/wp\/v2\/posts\/15804","targetHints":{"allow":["GET"]}}],"collection":[{"href":"https:\/\/www.fener.org\/index.php\/wp-json\/wp\/v2\/posts"}],"about":[{"href":"https:\/\/www.fener.org\/index.php\/wp-json\/wp\/v2\/types\/post"}],"author":[{"embeddable":true,"href":"https:\/\/www.fener.org\/index.php\/wp-json\/wp\/v2\/users\/1"}],"replies":[{"embeddable":true,"href":"https:\/\/www.fener.org\/index.php\/wp-json\/wp\/v2\/comments?post=15804"}],"version-history":[{"count":1,"href":"https:\/\/www.fener.org\/index.php\/wp-json\/wp\/v2\/posts\/15804\/revisions"}],"predecessor-version":[{"id":15806,"href":"https:\/\/www.fener.org\/index.php\/wp-json\/wp\/v2\/posts\/15804\/revisions\/15806"}],"wp:featuredmedia":[{"embeddable":true,"href":"https:\/\/www.fener.org\/index.php\/wp-json\/wp\/v2\/media\/15805"}],"wp:attachment":[{"href":"https:\/\/www.fener.org\/index.php\/wp-json\/wp\/v2\/media?parent=15804"}],"wp:term":[{"taxonomy":"category","embeddable":true,"href":"https:\/\/www.fener.org\/index.php\/wp-json\/wp\/v2\/categories?post=15804"},{"taxonomy":"post_tag","embeddable":true,"href":"https:\/\/www.fener.org\/index.php\/wp-json\/wp\/v2\/tags?post=15804"}],"curies":[{"name":"wp","href":"https:\/\/api.w.org\/{rel}","templated":true}]}}