{"id":15787,"date":"2022-01-12T14:31:39","date_gmt":"2022-01-12T11:31:39","guid":{"rendered":"https:\/\/www.fener.org\/?p=15787"},"modified":"2022-01-12T14:31:57","modified_gmt":"2022-01-12T11:31:57","slug":"eda-erdem-dundar-2021-yilinin-en-iyi-12-kadin-voleybolcusu-listesinde-yer-aldi","status":"publish","type":"post","link":"https:\/\/www.fener.org\/index.php\/2022\/01\/12\/eda-erdem-dundar-2021-yilinin-en-iyi-12-kadin-voleybolcusu-listesinde-yer-aldi\/","title":{"rendered":"Eda Erdem D\u00fcndar &#8220;2021 y\u0131l\u0131n\u0131n en iyi 12 kad\u0131n voleybolcusu&#8221; listesinde yer ald\u0131"},"content":{"rendered":"\n<p>Fenerbah\u00e7e Opet ve A Milli Kad\u0131n Voleybol Tak\u0131m\u0131m\u0131z\u0131n kaptan\u0131 Eda Erdem D\u00fcndar, FIVB&#8217;nin &#8220;2021 y\u0131l\u0131n\u0131n en iyi 12 kad\u0131n voleybolcusu&#8221; listesinde yer ald\u0131.<\/p>\n\n\n\n<p>Volleyball World taraf\u0131ndan Milletler Ligi, Avrupa \u015eampiyonas\u0131 ve Tokyo Olimpiyat Oyunlar\u0131 gibi 2021 y\u0131l\u0131n\u0131n en \u00f6nemli spor organizasyonlar\u0131 baz al\u0131narak haz\u0131rlanan \u2018The #BestOf2021\u2019 listesinde Kaptan\u0131m\u0131z Eda Erdem D\u00fcndar, 11. s\u0131raya yerle\u015fti.<\/p>\n\n\n\n<p>A Milli Tak\u0131m formas\u0131yla m\u00fccadele etti\u011fi 2021 FIVB Voleybol Kad\u0131nlar Uluslar Ligi ve 2021 Avrupa Kad\u0131nlar Voleybol \u015eampiyonas\u0131 gibi iki \u00f6nemli organizasyonda milli tak\u0131m formas\u0131yla bronz madalya kazanan Kaptan, ayn\u0131 zamanda bu iki b\u00fcy\u00fck \u015fampiyonada \u2018R\u00fcya Tak\u0131m\u2019da yer alma ba\u015far\u0131s\u0131 da g\u00f6sterdi. Kaptan Eda Erdem D\u00fcndar\u2019\u0131n liderlik etti\u011fi Filenin Sultanlar\u0131, Tokyo Olimpiyatlar\u0131\u2019nda ise \u00c7eyrek Finale kalma ba\u015far\u0131s\u0131 g\u00f6stererek tarihinde ilk kez olimpiyatlarda son 8 tak\u0131m aras\u0131na kald\u0131. Eda Erdem D\u00fcndar\u2019\u0131n 2021 y\u0131l\u0131ndaki son ba\u015far\u0131s\u0131 ise T\u00fcrkiye\u2019nin ev sahipli\u011fi yapt\u0131\u011f\u0131 FIVB Kad\u0131nlar D\u00fcnya Kul\u00fcpler \u015eampiyonas\u0131\u2019nda, Fenerbah\u00e7e Opet Kad\u0131n Voleybol Tak\u0131m\u0131m\u0131z ile D\u00fcnya \u00fc\u00e7\u00fcnc\u00fcl\u00fc\u011f\u00fc oldu.<\/p>\n\n\n\n<p>Ge\u00e7ti\u011fimiz y\u0131l Uluslararas\u0131 Voleybol Federasyonu FIVB taraf\u0131ndan &#8216;Tarihin En \u0130yi 100 Oyuncusu&#8217; listesine se\u00e7ilerek tarihi bir ba\u015far\u0131ya da imza atan kaptan\u0131m\u0131z Eda Erdem D\u00fcndar, ayn\u0131 zamanda 2021 CEV \u015eampiyonlar Ligi\u2019nde voleybol severlerin oylar\u0131yla belirlenen All Star tak\u0131m\u0131nda \u201cEn \u0130yi Orta Oyuncu\u201d olarak da yer ald\u0131.<\/p>\n","protected":false},"excerpt":{"rendered":"<p>Fenerbah\u00e7e Opet ve A Milli Kad\u0131n Voleybol Tak\u0131m\u0131m\u0131z\u0131n kaptan\u0131 Eda Erdem D\u00fcndar, FIVB&#8217;nin &#8220;2021 y\u0131l\u0131n\u0131n en iyi 12 kad\u0131n voleybolcusu&#8221; listesinde yer ald\u0131. Volleyball World taraf\u0131ndan Milletler Ligi, Avrupa \u015eampiyonas\u0131 ve Tokyo Olimpiyat Oyunlar\u0131 gibi 2021 y\u0131l\u0131n\u0131n en \u00f6nemli spor organizasyonlar\u0131 baz al\u0131narak haz\u0131rlanan \u2018The #BestOf2021\u2019 listesinde Kaptan\u0131m\u0131z Eda Erdem D\u00fcndar, 11. s\u0131raya yerle\u015fti. A [&hellip;]<\/p>\n","protected":false},"author":1,"featured_media":4927,"comment_status":"closed","ping_status":"closed","sticky":false,"template":"","format":"standard","meta":{"jnews-multi-image_gallery":[],"jnews_single_post":{"subtitle":"Fenerbah\u00e7e Kad\u0131n Voleybol Tak\u0131m\u0131m\u0131z ve A Milli Kad\u0131n Voleybol Tak\u0131m\u0131m\u0131z\u0131n kaptan\u0131 Eda Erdem D\u00fcndar, FIVB'nin \"2021 y\u0131l\u0131n\u0131n en iyi 12 kad\u0131n voleybolcusu\" listesinde yer ald\u0131.","format":"standard","video":"","gallery":"","source_name":"","source_url":"","via_name":"","via_url":"","override_template":"0","override":[{"template":"1","single_blog_custom":"","parallax":"1","fullscreen":"1","layout":"right-sidebar","sidebar":"default-sidebar","second_sidebar":"default-sidebar","sticky_sidebar":"1","share_position":"top","share_float_style":"share-monocrhome","show_share_counter":"1","show_view_counter":"1","show_featured":"1","show_post_meta":"1","show_post_author":"1","show_post_author_image":"1","show_post_date":"1","post_date_format":"default","post_date_format_custom":"Y\/m\/d","show_post_category":"1","show_post_reading_time":"0","post_reading_time_wpm":"300","show_zoom_button":"0","zoom_button_out_step":"2","zoom_button_in_step":"3","show_post_tag":"1","show_prev_next_post":"1","show_popup_post":"1","number_popup_post":"1","show_author_box":"0","show_post_related":"0","show_inline_post_related":"0"}],"override_image_size":"0","image_override":[{"single_post_thumbnail_size":"crop-500","single_post_gallery_size":"crop-500"}],"trending_post":"0","trending_post_position":"meta","trending_post_label":"Trending","sponsored_post":"0","sponsored_post_label":"Sponsored by","sponsored_post_name":"","sponsored_post_url":"","sponsored_post_logo_enable":"0","sponsored_post_logo":"","sponsored_post_desc":"","disable_ad":"0"},"jnews_primary_category":{"id":"8"},"jnews_social_meta":{"fb_title":"","fb_description":"","fb_image":"","twitter_title":"","twitter_description":"","twitter_image":""},"jnews_override_counter":{"override_view_counter":"0","view_counter_number":"0","override_share_counter":"0","share_counter_number":"0","override_like_counter":"0","like_counter_number":"0","override_dislike_counter":"0","dislike_counter_number":"0"},"footnotes":""},"categories":[2],"tags":[23,29],"class_list":["post-15787","post","type-post","status-publish","format-standard","has-post-thumbnail","hentry","category-haberler","tag-fenerbahce","tag-voleybol"],"amp_enabled":true,"_links":{"self":[{"href":"https:\/\/www.fener.org\/index.php\/wp-json\/wp\/v2\/posts\/15787","targetHints":{"allow":["GET"]}}],"collection":[{"href":"https:\/\/www.fener.org\/index.php\/wp-json\/wp\/v2\/posts"}],"about":[{"href":"https:\/\/www.fener.org\/index.php\/wp-json\/wp\/v2\/types\/post"}],"author":[{"embeddable":true,"href":"https:\/\/www.fener.org\/index.php\/wp-json\/wp\/v2\/users\/1"}],"replies":[{"embeddable":true,"href":"https:\/\/www.fener.org\/index.php\/wp-json\/wp\/v2\/comments?post=15787"}],"version-history":[{"count":1,"href":"https:\/\/www.fener.org\/index.php\/wp-json\/wp\/v2\/posts\/15787\/revisions"}],"predecessor-version":[{"id":15788,"href":"https:\/\/www.fener.org\/index.php\/wp-json\/wp\/v2\/posts\/15787\/revisions\/15788"}],"wp:featuredmedia":[{"embeddable":true,"href":"https:\/\/www.fener.org\/index.php\/wp-json\/wp\/v2\/media\/4927"}],"wp:attachment":[{"href":"https:\/\/www.fener.org\/index.php\/wp-json\/wp\/v2\/media?parent=15787"}],"wp:term":[{"taxonomy":"category","embeddable":true,"href":"https:\/\/www.fener.org\/index.php\/wp-json\/wp\/v2\/categories?post=15787"},{"taxonomy":"post_tag","embeddable":true,"href":"https:\/\/www.fener.org\/index.php\/wp-json\/wp\/v2\/tags?post=15787"}],"curies":[{"name":"wp","href":"https:\/\/api.w.org\/{rel}","templated":true}]}}