{"id":15755,"date":"2022-01-10T09:06:15","date_gmt":"2022-01-10T06:06:15","guid":{"rendered":"https:\/\/www.fener.org\/?p=15755"},"modified":"2022-01-10T09:06:24","modified_gmt":"2022-01-10T06:06:24","slug":"fenerbahce-adana-demirsporu-konuk-ediyor","status":"publish","type":"post","link":"https:\/\/www.fener.org\/index.php\/2022\/01\/10\/fenerbahce-adana-demirsporu-konuk-ediyor\/","title":{"rendered":"Fenerbah\u00e7e, Adana Demirspor\u2019u konuk ediyor"},"content":{"rendered":"\n<p>Fenerbah\u00e7emiz, Spor Toto S\u00fcper Lig&#8217;de ikinci devrenin ilk ma\u00e7\u0131na \u00e7\u0131k\u0131yor. Tak\u0131m\u0131m\u0131z, bug\u00fcn (10 Ocak Pazartesi g\u00fcn\u00fc) Adana Demirspor\u2019u konuk edecek. Saat 20.00&#8217;de ba\u015flayacak kar\u015f\u0131la\u015fmay\u0131 Halil Umut Meler y\u00f6netecek. Meler\u2019in yard\u0131mc\u0131l\u0131klar\u0131n\u0131 Volkan Ahmet Narin\u00e7 ile Esat Sancaktar yapacak. M\u00fcsabakan\u0131n d\u00f6rd\u00fcnc\u00fc hakemi ise Kutluhan Bilgi\u00e7.<\/p>\n\n\n\n<p>Fenerbah\u00e7emiz ile Adana Demirspor, S\u00fcper Lig&#8217;de 36. kez kar\u015f\u0131 kar\u015f\u0131ya gelecek. \u0130ki tak\u0131m aras\u0131nda ligde daha \u00f6nce oynanan 35 kar\u015f\u0131la\u015fmada Fenerbah\u00e7emizin 21, Adana Demirspor&#8217;un 4 galibiyeti bulunuyor. Taraflar 10 ma\u00e7ta ise e\u015fitli\u011fi bozamad\u0131.<\/p>\n\n\n\n<p>Tak\u0131m\u0131m\u0131z, ligin ilk haftas\u0131nda deplasmanda oynad\u0131\u011f\u0131 kar\u015f\u0131la\u015fmadan Mesut \u00d6zil\u2019in gol\u00fcyle 1-0 galip ayr\u0131lm\u0131\u015ft\u0131.<\/p>\n\n\n\n<p>Tak\u0131m\u0131m\u0131z, S\u00fcper Lig\u2019de geride kalan 19 haftada 9 galibiyet, 5 beraberlik ve 5 yenilgi ald\u0131. 31 gol at\u0131p, kalesinde 23 gol g\u00f6ren Futbol A Tak\u0131m\u0131m\u0131z toplad\u0131\u011f\u0131 32 puanla 4. s\u0131rada bulunuyor.<\/p>\n\n\n\n<p>Konuk tak\u0131m Adana Demirspor ise elde etti\u011fi 30 puanla 19 hafta sonunda 7. s\u0131rada yer ald\u0131.\u00a0<\/p>\n\n\n\n<p>Fenerbah\u00e7emizin, Adana Demirspor ile oynayaca\u011f\u0131 ma\u00e7\u0131n kamp kadrosunda yer alan oyuncular\u0131m\u0131z:<\/p>\n\n\n\n<p>Berke \u00d6zer, Osman Ertu\u011frul \u00c7etin, Attila Szalai, Kim Min-Jae, Marcel Tisserand, Serdar Aziz, Filip Novak, Bright Osayi-Samuel, Ferdi Kad\u0131o\u011flu, Max Meyer, Jose Sosa, Miha Zajc, Mert Hakan Yanda\u015f, Muhammed G\u00fcm\u00fc\u015fkaya, Burak Kapacak, Dimitris Pelkas, \u0130rfan Can Kahveci, Mesut \u00d6zil, Enner Valencia, Serdar Dursun, Diego Rossi.<\/p>\n","protected":false},"excerpt":{"rendered":"<p>Fenerbah\u00e7emiz, Spor Toto S\u00fcper Lig&#8217;de ikinci devrenin ilk ma\u00e7\u0131na \u00e7\u0131k\u0131yor. Tak\u0131m\u0131m\u0131z, bug\u00fcn (10 Ocak Pazartesi g\u00fcn\u00fc) Adana Demirspor\u2019u konuk edecek. Saat 20.00&#8217;de ba\u015flayacak kar\u015f\u0131la\u015fmay\u0131 Halil Umut Meler y\u00f6netecek. Meler\u2019in yard\u0131mc\u0131l\u0131klar\u0131n\u0131 Volkan Ahmet Narin\u00e7 ile Esat Sancaktar yapacak. M\u00fcsabakan\u0131n d\u00f6rd\u00fcnc\u00fc hakemi ise Kutluhan Bilgi\u00e7. Fenerbah\u00e7emiz ile Adana Demirspor, S\u00fcper Lig&#8217;de 36. kez kar\u015f\u0131 kar\u015f\u0131ya gelecek. \u0130ki [&hellip;]<\/p>\n","protected":false},"author":1,"featured_media":14307,"comment_status":"closed","ping_status":"closed","sticky":false,"template":"","format":"standard","meta":{"jnews-multi-image_gallery":[],"jnews_single_post":{"subtitle":"Fenerbah\u00e7e, Spor Toto S\u00fcper Lig'de ikinci devrenin ilk ma\u00e7\u0131nda sahas\u0131nda Adana Demirspor\u2019u konuk ediyor.","format":"standard","video":"","gallery":"","source_name":"","source_url":"","via_name":"","via_url":"","override_template":"0","override":[{"template":"1","single_blog_custom":"","parallax":"1","fullscreen":"1","layout":"right-sidebar","sidebar":"default-sidebar","second_sidebar":"default-sidebar","sticky_sidebar":"1","share_position":"top","share_float_style":"share-monocrhome","show_share_counter":"1","show_view_counter":"1","show_featured":"1","show_post_meta":"1","show_post_author":"1","show_post_author_image":"1","show_post_date":"1","post_date_format":"default","post_date_format_custom":"Y\/m\/d","show_post_category":"1","show_post_reading_time":"0","post_reading_time_wpm":"300","show_zoom_button":"0","zoom_button_out_step":"2","zoom_button_in_step":"3","show_post_tag":"1","show_prev_next_post":"1","show_popup_post":"1","number_popup_post":"1","show_author_box":"0","show_post_related":"0","show_inline_post_related":"0"}],"override_image_size":"0","image_override":[{"single_post_thumbnail_size":"crop-500","single_post_gallery_size":"crop-500"}],"trending_post":"0","trending_post_position":"meta","trending_post_label":"Trending","sponsored_post":"0","sponsored_post_label":"Sponsored by","sponsored_post_name":"","sponsored_post_url":"","sponsored_post_logo_enable":"0","sponsored_post_logo":"","sponsored_post_desc":"","disable_ad":"0"},"jnews_primary_category":{"id":"4"},"jnews_social_meta":{"fb_title":"","fb_description":"","fb_image":"","twitter_title":"","twitter_description":"","twitter_image":""},"jnews_override_counter":{"override_view_counter":"0","view_counter_number":"0","override_share_counter":"0","share_counter_number":"0","override_like_counter":"0","like_counter_number":"0","override_dislike_counter":"0","dislike_counter_number":"0"},"footnotes":""},"categories":[4,2,47],"tags":[23,54],"class_list":["post-15755","post","type-post","status-publish","format-standard","has-post-thumbnail","hentry","category-futbol","category-haberler","category-profesyonel-a-futbol-takimi","tag-fenerbahce","tag-futbol"],"amp_enabled":true,"_links":{"self":[{"href":"https:\/\/www.fener.org\/index.php\/wp-json\/wp\/v2\/posts\/15755","targetHints":{"allow":["GET"]}}],"collection":[{"href":"https:\/\/www.fener.org\/index.php\/wp-json\/wp\/v2\/posts"}],"about":[{"href":"https:\/\/www.fener.org\/index.php\/wp-json\/wp\/v2\/types\/post"}],"author":[{"embeddable":true,"href":"https:\/\/www.fener.org\/index.php\/wp-json\/wp\/v2\/users\/1"}],"replies":[{"embeddable":true,"href":"https:\/\/www.fener.org\/index.php\/wp-json\/wp\/v2\/comments?post=15755"}],"version-history":[{"count":1,"href":"https:\/\/www.fener.org\/index.php\/wp-json\/wp\/v2\/posts\/15755\/revisions"}],"predecessor-version":[{"id":15756,"href":"https:\/\/www.fener.org\/index.php\/wp-json\/wp\/v2\/posts\/15755\/revisions\/15756"}],"wp:featuredmedia":[{"embeddable":true,"href":"https:\/\/www.fener.org\/index.php\/wp-json\/wp\/v2\/media\/14307"}],"wp:attachment":[{"href":"https:\/\/www.fener.org\/index.php\/wp-json\/wp\/v2\/media?parent=15755"}],"wp:term":[{"taxonomy":"category","embeddable":true,"href":"https:\/\/www.fener.org\/index.php\/wp-json\/wp\/v2\/categories?post=15755"},{"taxonomy":"post_tag","embeddable":true,"href":"https:\/\/www.fener.org\/index.php\/wp-json\/wp\/v2\/tags?post=15755"}],"curies":[{"name":"wp","href":"https:\/\/api.w.org\/{rel}","templated":true}]}}