{"id":15736,"date":"2022-01-08T22:27:06","date_gmt":"2022-01-08T19:27:06","guid":{"rendered":"https:\/\/www.fener.org\/?p=15736"},"modified":"2022-01-08T22:27:26","modified_gmt":"2022-01-08T19:27:26","slug":"fenerbahce-kadin-futbol-takimimizin-konugu-ankara-b-s-b-fomget-g-s-k","status":"publish","type":"post","link":"https:\/\/www.fener.org\/index.php\/2022\/01\/08\/fenerbahce-kadin-futbol-takimimizin-konugu-ankara-b-s-b-fomget-g-s-k\/","title":{"rendered":"Fenerbah\u00e7e Kad\u0131n Futbol Tak\u0131m\u0131m\u0131z&#8217;\u0131n konu\u011fu, Ankara B.\u015e.B. FOMGET G.S.K."},"content":{"rendered":"\n<p>Fenerbah\u00e7e Kad\u0131n Futbol Tak\u0131m\u0131m\u0131z, Turkcell Kad\u0131n Futbol S\u00fcper Ligi\u2019ndeki d\u00f6rd\u00fcnc\u00fc hafta ma\u00e7\u0131na \u00e7\u0131k\u0131yor. A Grubu\u2019nda yer alan Kad\u0131n Futbol Tak\u0131m\u0131m\u0131z, Ankara B\u00fcy\u00fck\u015fehir Belediyesi FOMGET Gen\u00e7lik ve Spor Kul\u00fcb\u00fc\u2019n\u00fc konuk edecek. Yar\u0131n (9 Ocak Pazar g\u00fcn\u00fc) Derea\u011fz\u0131 Lefter K\u00fc\u00e7\u00fckandonyadis Tesislerimizde oynanacak ve saat 12.00\u2019de ba\u015flayacak ma\u00e7, FB TV\u2019den canl\u0131 yay\u0131nlanacak.<br>\u00a0<br>Ligin ilk haftas\u0131nda Be\u015fikta\u015f Vodafone ile deplasmanda kar\u015f\u0131la\u015fan ve 2-1 ma\u011flup ayr\u0131lan Fenerbah\u00e7e Kad\u0131n Futbol Tak\u0131m\u0131m\u0131z, ikinci hafta ma\u00e7\u0131nda konuk etti\u011fi 1207 Antalyaspor Kad\u0131n Futbol Kul\u00fcb\u00fc\u2019n\u00fc 5-0, \u00fc\u00e7\u00fcnc\u00fc hafta ma\u00e7\u0131nda konuk oldu\u011fu Ata\u015fehir Belediye Spor\u2019u da 3-0 ma\u011flup etti.<\/p>\n","protected":false},"excerpt":{"rendered":"<p>Fenerbah\u00e7e Kad\u0131n Futbol Tak\u0131m\u0131m\u0131z, Turkcell Kad\u0131n Futbol S\u00fcper Ligi\u2019ndeki d\u00f6rd\u00fcnc\u00fc hafta ma\u00e7\u0131na \u00e7\u0131k\u0131yor. A Grubu\u2019nda yer alan Kad\u0131n Futbol Tak\u0131m\u0131m\u0131z, Ankara B\u00fcy\u00fck\u015fehir Belediyesi FOMGET Gen\u00e7lik ve Spor Kul\u00fcb\u00fc\u2019n\u00fc konuk edecek. Yar\u0131n (9 Ocak Pazar g\u00fcn\u00fc) Derea\u011fz\u0131 Lefter K\u00fc\u00e7\u00fckandonyadis Tesislerimizde oynanacak ve saat 12.00\u2019de ba\u015flayacak ma\u00e7, FB TV\u2019den canl\u0131 yay\u0131nlanacak.\u00a0Ligin ilk haftas\u0131nda Be\u015fikta\u015f Vodafone ile deplasmanda [&hellip;]<\/p>\n","protected":false},"author":1,"featured_media":15494,"comment_status":"closed","ping_status":"closed","sticky":false,"template":"","format":"standard","meta":{"jnews-multi-image_gallery":[],"jnews_single_post":{"subtitle":"Fenerbah\u00e7e Kad\u0131n Futbol Tak\u0131m\u0131m\u0131z, Kad\u0131n Futbol S\u00fcper Ligi\u2019ndeki d\u00f6rd\u00fcnc\u00fc hafta ma\u00e7\u0131nda sahas\u0131nda Ankara B\u00fcy\u00fck\u015fehir Belediyesi FOMGET Gen\u00e7lik ve Spor Kul\u00fcb\u00fc ile m\u00fccadele edecek.","format":"standard","video":"","gallery":"","source_name":"","source_url":"","via_name":"","via_url":"","override_template":"0","override":[{"template":"1","single_blog_custom":"","parallax":"1","fullscreen":"1","layout":"right-sidebar","sidebar":"default-sidebar","second_sidebar":"default-sidebar","sticky_sidebar":"1","share_position":"top","share_float_style":"share-monocrhome","show_share_counter":"1","show_view_counter":"1","show_featured":"1","show_post_meta":"1","show_post_author":"1","show_post_author_image":"1","show_post_date":"1","post_date_format":"default","post_date_format_custom":"Y\/m\/d","show_post_category":"1","show_post_reading_time":"0","post_reading_time_wpm":"300","show_zoom_button":"0","zoom_button_out_step":"2","zoom_button_in_step":"3","show_post_tag":"1","show_prev_next_post":"1","show_popup_post":"1","number_popup_post":"1","show_author_box":"0","show_post_related":"0","show_inline_post_related":"0"}],"override_image_size":"0","image_override":[{"single_post_thumbnail_size":"crop-500","single_post_gallery_size":"crop-500"}],"trending_post":"0","trending_post_position":"meta","trending_post_label":"Trending","sponsored_post":"0","sponsored_post_label":"Sponsored by","sponsored_post_name":"","sponsored_post_url":"","sponsored_post_logo_enable":"0","sponsored_post_logo":"","sponsored_post_desc":"","disable_ad":"0"},"jnews_primary_category":{"id":"4"},"jnews_social_meta":{"fb_title":"","fb_description":"","fb_image":"","twitter_title":"","twitter_description":"","twitter_image":""},"jnews_override_counter":{"override_view_counter":"0","view_counter_number":"0","override_share_counter":"0","share_counter_number":"0","override_like_counter":"0","like_counter_number":"0","override_dislike_counter":"0","dislike_counter_number":"0"},"footnotes":""},"categories":[4,2,191],"tags":[23,54],"class_list":["post-15736","post","type-post","status-publish","format-standard","has-post-thumbnail","hentry","category-futbol","category-haberler","category-kadin-futbol","tag-fenerbahce","tag-futbol"],"amp_enabled":true,"_links":{"self":[{"href":"https:\/\/www.fener.org\/index.php\/wp-json\/wp\/v2\/posts\/15736","targetHints":{"allow":["GET"]}}],"collection":[{"href":"https:\/\/www.fener.org\/index.php\/wp-json\/wp\/v2\/posts"}],"about":[{"href":"https:\/\/www.fener.org\/index.php\/wp-json\/wp\/v2\/types\/post"}],"author":[{"embeddable":true,"href":"https:\/\/www.fener.org\/index.php\/wp-json\/wp\/v2\/users\/1"}],"replies":[{"embeddable":true,"href":"https:\/\/www.fener.org\/index.php\/wp-json\/wp\/v2\/comments?post=15736"}],"version-history":[{"count":1,"href":"https:\/\/www.fener.org\/index.php\/wp-json\/wp\/v2\/posts\/15736\/revisions"}],"predecessor-version":[{"id":15737,"href":"https:\/\/www.fener.org\/index.php\/wp-json\/wp\/v2\/posts\/15736\/revisions\/15737"}],"wp:featuredmedia":[{"embeddable":true,"href":"https:\/\/www.fener.org\/index.php\/wp-json\/wp\/v2\/media\/15494"}],"wp:attachment":[{"href":"https:\/\/www.fener.org\/index.php\/wp-json\/wp\/v2\/media?parent=15736"}],"wp:term":[{"taxonomy":"category","embeddable":true,"href":"https:\/\/www.fener.org\/index.php\/wp-json\/wp\/v2\/categories?post=15736"},{"taxonomy":"post_tag","embeddable":true,"href":"https:\/\/www.fener.org\/index.php\/wp-json\/wp\/v2\/tags?post=15736"}],"curies":[{"name":"wp","href":"https:\/\/api.w.org\/{rel}","templated":true}]}}