{"id":15734,"date":"2022-01-08T22:13:13","date_gmt":"2022-01-08T19:13:13","guid":{"rendered":"https:\/\/www.fener.org\/?p=15734"},"modified":"2022-01-08T22:13:27","modified_gmt":"2022-01-08T19:13:27","slug":"victor-lapena-ilerleyen-gunlerde-umarim-daha-da-iyi-olacagiz","status":"publish","type":"post","link":"https:\/\/www.fener.org\/index.php\/2022\/01\/08\/victor-lapena-ilerleyen-gunlerde-umarim-daha-da-iyi-olacagiz\/","title":{"rendered":"Victor Lapena: \u0130lerleyen g\u00fcnlerde umar\u0131m daha da iyi olaca\u011f\u0131z"},"content":{"rendered":"\n<p>Fenerbah\u00e7e Safiport Kad\u0131n Basketbol Tak\u0131m\u0131m\u0131z\u0131n Ba\u015fantren\u00f6r\u00fc Victor Lapena, UMF Yap\u0131 \u0130zmit Belediyespor ma\u00e7\u0131n\u0131n ard\u0131ndan yapt\u0131\u011f\u0131 a\u00e7\u0131klamada \u015funlar\u0131 s\u00f6yledi:<\/p>\n\n\n\n<p>\u201c\u00d6ncelikle bu hafta i\u00e7inde ya\u015fad\u0131\u011f\u0131m\u0131z baz\u0131 Covid-19 pozitif vakalar oldu. Dolay\u0131s\u0131yla hem oyuncular hem teknik ekipte ya\u015fanan gerginli\u011fe ra\u011fmen tak\u0131m\u0131mdan bug\u00fcn g\u00f6sterdikleri karakter a\u00e7\u0131s\u0131ndan \u00e7ok memnunum. Umar\u0131m ilerleyen g\u00fcnlerde eksik oyuncular\u0131m\u0131z da, teknik ekip de aram\u0131za kat\u0131l\u0131r. Ben oyuncular\u0131mdan her zaman daha fazlas\u0131n\u0131 istiyorum. Bunun kar\u015f\u0131l\u0131\u011f\u0131n\u0131 bana hep veriyorlar, dolay\u0131s\u0131yla bug\u00fcn \u00e7ok mutluyum. \u0130lerleyen g\u00fcnlerde umar\u0131m daha da iyi olaca\u011f\u0131z.\u201d<\/p>\n","protected":false},"excerpt":{"rendered":"<p>Fenerbah\u00e7e Safiport Kad\u0131n Basketbol Tak\u0131m\u0131m\u0131z\u0131n Ba\u015fantren\u00f6r\u00fc Victor Lapena, UMF Yap\u0131 \u0130zmit Belediyespor ma\u00e7\u0131n\u0131n ard\u0131ndan yapt\u0131\u011f\u0131 a\u00e7\u0131klamada \u015funlar\u0131 s\u00f6yledi: \u201c\u00d6ncelikle bu hafta i\u00e7inde ya\u015fad\u0131\u011f\u0131m\u0131z baz\u0131 Covid-19 pozitif vakalar oldu. Dolay\u0131s\u0131yla hem oyuncular hem teknik ekipte ya\u015fanan gerginli\u011fe ra\u011fmen tak\u0131m\u0131mdan bug\u00fcn g\u00f6sterdikleri karakter a\u00e7\u0131s\u0131ndan \u00e7ok memnunum. Umar\u0131m ilerleyen g\u00fcnlerde eksik oyuncular\u0131m\u0131z da, teknik ekip de aram\u0131za kat\u0131l\u0131r. [&hellip;]<\/p>\n","protected":false},"author":1,"featured_media":15578,"comment_status":"closed","ping_status":"closed","sticky":false,"template":"","format":"standard","meta":{"jnews-multi-image_gallery":[],"jnews_single_post":{"subtitle":"Fenerbah\u00e7e Kad\u0131n Basketbol Tak\u0131m\u0131m\u0131z\u0131n Ba\u015fantren\u00f6r\u00fc Victor Lapena, tak\u0131m\u0131m\u0131z\u0131n Kad\u0131nlar Basketbol S\u00fcper Ligi 13. hafta ma\u00e7\u0131nda konuk etti\u011fi UMF Yap\u0131 \u0130zmit Belediyespor\u2019u 106-44 ma\u011flup etti\u011fi kar\u015f\u0131la\u015fman\u0131n ard\u0131ndan a\u00e7\u0131klamalarda bulundu.","format":"standard","video":"","gallery":"","source_name":"","source_url":"","via_name":"","via_url":"","override_template":"0","override":[{"template":"1","single_blog_custom":"","parallax":"1","fullscreen":"1","layout":"right-sidebar","sidebar":"default-sidebar","second_sidebar":"default-sidebar","sticky_sidebar":"1","share_position":"top","share_float_style":"share-monocrhome","show_share_counter":"1","show_view_counter":"1","show_featured":"1","show_post_meta":"1","show_post_author":"1","show_post_author_image":"1","show_post_date":"1","post_date_format":"default","post_date_format_custom":"Y\/m\/d","show_post_category":"1","show_post_reading_time":"0","post_reading_time_wpm":"300","show_zoom_button":"0","zoom_button_out_step":"2","zoom_button_in_step":"3","show_post_tag":"1","show_prev_next_post":"1","show_popup_post":"1","number_popup_post":"1","show_author_box":"0","show_post_related":"0","show_inline_post_related":"0"}],"override_image_size":"0","image_override":[{"single_post_thumbnail_size":"crop-500","single_post_gallery_size":"crop-500"}],"trending_post":"0","trending_post_position":"meta","trending_post_label":"Trending","sponsored_post":"0","sponsored_post_label":"Sponsored by","sponsored_post_name":"","sponsored_post_url":"","sponsored_post_logo_enable":"0","sponsored_post_logo":"","sponsored_post_desc":"","disable_ad":"0"},"jnews_primary_category":{"id":"5"},"jnews_social_meta":{"fb_title":"","fb_description":"","fb_image":"","twitter_title":"","twitter_description":"","twitter_image":""},"jnews_override_counter":{"override_view_counter":"0","view_counter_number":"0","override_share_counter":"0","share_counter_number":"0","override_like_counter":"0","like_counter_number":"0","override_dislike_counter":"0","dislike_counter_number":"0"},"footnotes":""},"categories":[5,2,7],"tags":[24,23],"class_list":["post-15734","post","type-post","status-publish","format-standard","has-post-thumbnail","hentry","category-basketbol","category-haberler","category-kadin-basketbol","tag-basketbol","tag-fenerbahce"],"amp_enabled":true,"_links":{"self":[{"href":"https:\/\/www.fener.org\/index.php\/wp-json\/wp\/v2\/posts\/15734","targetHints":{"allow":["GET"]}}],"collection":[{"href":"https:\/\/www.fener.org\/index.php\/wp-json\/wp\/v2\/posts"}],"about":[{"href":"https:\/\/www.fener.org\/index.php\/wp-json\/wp\/v2\/types\/post"}],"author":[{"embeddable":true,"href":"https:\/\/www.fener.org\/index.php\/wp-json\/wp\/v2\/users\/1"}],"replies":[{"embeddable":true,"href":"https:\/\/www.fener.org\/index.php\/wp-json\/wp\/v2\/comments?post=15734"}],"version-history":[{"count":1,"href":"https:\/\/www.fener.org\/index.php\/wp-json\/wp\/v2\/posts\/15734\/revisions"}],"predecessor-version":[{"id":15735,"href":"https:\/\/www.fener.org\/index.php\/wp-json\/wp\/v2\/posts\/15734\/revisions\/15735"}],"wp:featuredmedia":[{"embeddable":true,"href":"https:\/\/www.fener.org\/index.php\/wp-json\/wp\/v2\/media\/15578"}],"wp:attachment":[{"href":"https:\/\/www.fener.org\/index.php\/wp-json\/wp\/v2\/media?parent=15734"}],"wp:term":[{"taxonomy":"category","embeddable":true,"href":"https:\/\/www.fener.org\/index.php\/wp-json\/wp\/v2\/categories?post=15734"},{"taxonomy":"post_tag","embeddable":true,"href":"https:\/\/www.fener.org\/index.php\/wp-json\/wp\/v2\/tags?post=15734"}],"curies":[{"name":"wp","href":"https:\/\/api.w.org\/{rel}","templated":true}]}}