{"id":15678,"date":"2021-12-27T18:17:35","date_gmt":"2021-12-27T15:17:35","guid":{"rendered":"https:\/\/www.fener.org\/?p=15678"},"modified":"2021-12-27T18:17:58","modified_gmt":"2021-12-27T15:17:58","slug":"yargitay-sike-davasinda-beraatleri-onadi","status":"publish","type":"post","link":"https:\/\/www.fener.org\/index.php\/2021\/12\/27\/yargitay-sike-davasinda-beraatleri-onadi\/","title":{"rendered":"Yarg\u0131tay, \u015fike davas\u0131nda beraatleri onad\u0131"},"content":{"rendered":"\n<p>Yarg\u0131tay 5. Ceza Dairesi, Futbolda \u015fike davas\u0131nda aralar\u0131nda eski Fenerbah\u00e7e Ba\u015fkan\u0131 Aziz Y\u0131ld\u0131r\u0131m, Abdullah Ba\u015fak, \u0130lhan Y\u00fcksel Ek\u015fio\u011flu, Ahmet \u00c7elebi&#8217;ye verilen beraatleri onad\u0131.<\/p>\n\n\n\n<p>Daire, 36 san\u0131kl\u0131 davadan dosyas\u0131 ayr\u0131lan san\u0131klar Aziz Y\u0131ld\u0131r\u0131m, Abdullah Ba\u015fak, \u0130lhan Y\u00fcksel Ek\u015fio\u011flu, Ahmet \u00c7elebi&#8217;nin beraatlerine ili\u015fkin yerel mahkeme karar\u0131na kar\u015f\u0131, Trabzon Kul\u00fcb\u00fc Derne\u011finin temyiz istemini karara ba\u011flad\u0131.<\/p>\n\n\n\n<p>Daire, aralar\u0131nda eski Fenerbah\u00e7e Ba\u015fkan\u0131 Aziz Y\u0131ld\u0131r\u0131m&#8217;\u0131n da bulundu\u011fu 4 san\u0131k hakk\u0131nda verilen beraatleri oy birli\u011fiyle onad\u0131.<\/p>\n\n\n\n<p>Dairenin karar\u0131nda, ileti\u015fimin tespiti kararlar\u0131n\u0131n ard\u0131ndan al\u0131nan ses kay\u0131tlar\u0131n\u0131n Aziz Y\u0131ld\u0131r\u0131m taraf\u0131ndan kabul edildi\u011fi ancak Y\u0131ld\u0131r\u0131m&#8217;\u0131n bu ikrar\u0131n\u0131n hukuka uygun \u015fekilde tespit edilmedi\u011fi belirtildi. Kararda, bu nedenle ileti\u015fimin tespiti kararlar\u0131n\u0131n, su\u00e7un s\u00fcbutunda delil olarak de\u011ferlendirilemeyece\u011fi ifade edildi.<\/p>\n\n\n\n<p>Kararda, &#8220;Hukuka ayk\u0131r\u0131 nitelikteki bu deliller d\u0131\u015flanarak mevcut delillerin de\u011ferlendirilmesi suretiyle Aziz Y\u0131ld\u0131r\u0131m, Abdullah Ba\u015fak, Ahmet \u00c7elebi ve \u0130lhan Y\u00fcksel Ek\u015fio\u011flu&#8217;nun at\u0131l\u0131 \u015fike ve te\u015fvik primi su\u00e7lar\u0131ndan mahkumiyetlerine dair h\u00fck\u00fcmlerin, Ceza Muhakemesi Kanunu&#8217;nun 323\/1 maddesi gere\u011fince iptali ve h\u00fck\u00fcml\u00fclerin isnat edilen su\u00e7lardan beraatlerine ili\u015fkin yerel mahkeme kararlar\u0131nda bir isabetsizlik g\u00f6r\u00fclmemi\u015ftir.&#8221; denildi.<\/p>\n\n\n\n<p>Yarg\u0131tay 5. Ceza Dairesi, di\u011fer san\u0131k Selim K\u0131m\u0131l hakk\u0131nda Giresun FM&#8217;in sahibi Mustafa Cici&#8217;ye y\u00f6nelik tehdit su\u00e7undan verilen mahkumiyet h\u00fckm\u00fcn\u00fcn temyizini de karara ba\u011flad\u0131. Daire, K\u0131m\u0131l&#8217;\u0131n avukat\u0131n\u0131n temyiz istemini reddederek mahkumiyet karar\u0131n\u0131 onad\u0131.<\/p>\n\n\n\n<p>Fenerbah\u00e7e Kul\u00fcb\u00fc, konuyla ilgili a\u00e7\u0131klama yay\u0131nlad\u0131.<\/p>\n\n\n\n<p>Fenerbah\u00e7e&#8217;den konuyla ilgili yap\u0131lan a\u00e7\u0131klama \u015f\u00f6yle:<\/p>\n\n\n\n<blockquote class=\"wp-block-quote is-layout-flow wp-block-quote-is-layout-flow\"><p>\u2018<strong><em>Biz Fenerbah\u00e7eyiz\u201d<\/em><\/strong>\u00a0diyenlerin bir araya geldi\u011fi; \u015fanl\u0131 tarihimize s\u00fcr\u00fclmek istenen lekenin g\u00f6zya\u015flar\u0131yla, al\u0131n teriyle, sevdas\u0131yla y\u0131kand\u0131\u011f\u0131 \u015fanl\u0131 direni\u015fimiz, BUG\u00dcN B\u0130R ZAFER OLDU!<\/p><p>Haks\u0131zca hukuksuzca milyonlar\u0131n can\u0131n\u0131 yakanlar, Fenerbah\u00e7e \u015fike yapt\u0131 diyenler bug\u00fcn bir daha hat\u0131rlanmamak \u00fczere tarihe g\u00f6m\u00fcld\u00fcler!\u00a0<\/p><p>AMA B\u0130Z\u00a0<br>Hep hat\u0131rlayaca\u011f\u0131z;<\/p><p>Haks\u0131zl\u0131\u011f\u0131,<br>Onursuzlu\u011fu;<br>Y\u00fcreksizli\u011fi,<br>Kul\u00fcb\u00fcm\u00fcze ve camiam\u0131za reva g\u00f6r\u00fclen muameleleri<br>Al\u0131n terine ve \u00fclkesine ihanet edenleri!<\/p><p>Hi\u00e7 unutmayaca\u011f\u0131z, unutturmayaca\u011f\u0131z;<\/p><p>B\u00fcy\u00fck Fenerbah\u00e7e\u2019nin, b\u00fcy\u00fck Fenerbah\u00e7e taraftar\u0131n\u0131n soylulu\u011fundan do\u011fan ve vicdanlar\u0131 \u2018tertemiz al\u0131n teri\u2019 ile dolduran kuvvetini!<\/p><p>Ve bug\u00fcn;<br>\u0130stanbul Cumhuriyet Ba\u015fsavc\u0131l\u0131\u011f\u0131&#8217;n\u0131n talimat\u0131yla Organize Su\u00e7larla M\u00fccadele \u015eube M\u00fcd\u00fcrl\u00fc\u011f\u00fc&#8217;ne ba\u011fl\u0131 ekiplerin yapm\u0131\u015f oldu\u011fu hedefi ve maksad\u0131 belli olan teknik ve fiziki takip inceleme neticesinde d\u00f6nemin FET\u00d6 polisi, savc\u0131s\u0131, hakimi, medyas\u0131 taraf\u0131ndan d\u00f6rt bir koldan 3 Temmuz 2011 tarihinde ba\u015flat\u0131lan,\u00a0<\/p><p>27 Mart 2017 tarihinde ise Yarg\u0131tay Cumhuriyet Ba\u015fsavc\u0131l\u0131\u011f\u0131\u2019n\u0131n &#8220;<strong><em>Beraat kararlar\u0131n\u0131n onaylanmas\u0131 ve \u0130stanbul 13. A\u011f\u0131r Ceza Mahkemesi&#8217;nin verdi\u011fi karar\u0131n onanmas\u0131<\/em><\/strong>&#8221; y\u00f6n\u00fcnde tebli\u011f yaparak dosyay\u0131 davan\u0131n g\u00f6r\u00fc\u015f\u00fcld\u00fc\u011f\u00fc Yarg\u0131tay 5. Ceza Dairesi&#8217;ne g\u00f6ndermesiyle devam eden ve\u00a0<\/p><p>BUG\u00dcN YARGITAY 5. CEZA DA\u0130RES\u0130, TEMY\u0130Z \u0130NCELEMES\u0130N\u0130N sona ermesiyle V\u0130CDANLARDA TERTEM\u0130Z olan CAM\u0130AMIZ, HUKUK \u00f6n\u00fcnde de art\u0131k TERTEM\u0130Z!<\/p><p>Yaz\u0131lanlar\u0131n, \u00e7izilenlerin ve su\u00e7lamalara inananlar\u0131n aksine 3 Temmuz\u2019dan bug\u00fcne Ba\u015fkan\u0131na, Y\u00f6netimine, sahadaki al\u0131n terine sahip \u00e7\u0131kan ve inanan camiam\u0131z, 10 y\u0131l\u0131 a\u015fk\u0131n s\u00fcredir devam eden \u2018ONUR VE HUKUK\u2019 m\u00fccadelesini kazand\u0131.<\/p><p>Ba\u015fkan ve y\u00f6neticilerimizi demir parmakl\u0131klar arkas\u0131na tutsak etmeye \u00e7al\u0131\u015fsalar da, ekonomik \u00e7\u00f6k\u00fc\u015f\u00fcm\u00fcz\u00fcn fitilini yakmaya \u00e7al\u0131\u015fm\u0131\u015f olsalar da; bir asr\u0131 a\u015fan g\u00fcc\u00fcn, \u015fan\u0131n, m\u00fccadelenin ad\u0131d\u0131r, Fenerbah\u00e7e!<\/p><p>D\u00fcn\u00fcnde g\u00fcc\u00fcn\u00fc taraftar\u0131ndan ald\u0131\u011f\u0131 gibi yar\u0131nlar\u0131na da taraftar\u0131n\u0131n co\u015fkusuyla y\u00fcr\u00fcyen Sivil Toplum Kurulu\u015fu\u2019dur, Fenerbah\u00e7e!<\/p><p>Fenerbah\u00e7e, direndi!<\/p><p>FET\u00d6 taraf\u0131ndan kurgulanan, en k\u00fc\u00e7\u00fck ayr\u0131nt\u0131s\u0131na kadar milyonlar\u0131 ele ge\u00e7irmenin hesab\u0131n\u0131n yap\u0131ld\u0131\u011f\u0131 bu kirli d\u00fczenin ba\u015fkald\u0131ran\u0131yd\u0131, Fenerbah\u00e7e!<\/p><p>Vatan\u2019da, Metris\u2019te, \u00c7a\u011flayan\u2019da, Silivri\u2019de; An\u0131tkabir\u2019de, Cadde\u2019de, K\u00f6pr\u00fc\u2019de, Trib\u00fcn\u2019de\u2026 polis ablukas\u0131nda, gencinden ya\u015fl\u0131s\u0131na kad\u0131n\u0131ndan \u00e7ocu\u011funa yenen biber gaz\u0131nda, karanl\u0131k gecenin sessizli\u011fi Fenerbah\u00e7elilerin g\u00f6zya\u015flar\u0131 ve Fenerbah\u00e7elilik sevdas\u0131yla bozuldu.<\/p><p>Evlerinden al\u0131nan y\u00f6neticilerimiz, operasyoncular taraf\u0131ndan didik didik aranan kul\u00fcb\u00fcm\u00fcz ve buna ses \u00e7\u0131karmayaca\u011f\u0131n\u0131 d\u00fc\u015f\u00fcnd\u00fckleri milyonlar\u0131m\u0131z vard\u0131.<\/p><p>Ama o ses yeri geldi \u2018cezal\u0131 ma\u00e7\u2019 diye kad\u0131n ve \u00e7ocuklar\u0131n mabedimizi dolduru\u015fu oldu; yeri geldi Metris\u2019i mesken tutanlar\u0131n \u2018bu Fenerbah\u00e7e\u2019nin onur m\u00fccadelesidir\u2019 deme \u015fekli.<\/p><p>UEFA\u2019n\u0131n Futbol Tak\u0131m\u0131m\u0131z i\u00e7in verdi\u011fi Avrupa kupalar\u0131ndan \u2018men\u2019 karar\u0131 kar\u015f\u0131s\u0131nda da bir oldu Fenerbah\u00e7eliler; \u00d6zel Yetkili Mahkemelerin kald\u0131r\u0131lmas\u0131yla birlikte verilen h\u00fck\u00fcmlerin, art\u0131k yaln\u0131zca esastan de\u011fil, \u015feklen de gayrime\u015fru olu\u015fu kar\u015f\u0131s\u0131nda da hakl\u0131 m\u00fccadelesine devam etti.<\/p><p>Her bir payda\u015f\u0131m\u0131zla 10 y\u0131l\u0131 a\u015fk\u0131n s\u00fcredir verdi\u011fimiz bu m\u00fccadelede \u00f6yle \u015feyler ya\u015fad\u0131 ki kul\u00fcb\u00fcm\u00fcz, taraftar\u0131m\u0131z, camiam\u0131z ama o b\u00fcy\u00fckl\u00fc\u011f\u00fcnden hi\u00e7bir \u015fey kaybetmedi\u011fi gibi en \u00f6nemli de\u011ferlerimizden olan derneklerimizin \u00e7al\u0131\u015fmalar\u0131yla da g\u00fcc\u00fcn\u00fc per\u00e7inledi.<\/p><p>Vicdanlar\u0131n\u0131n emirlerine muhalif, mill\u00ee namuslar\u0131na ayk\u0131r\u0131 hareket edenler \u015funu kabul etmeli ve \u015funa inanmal\u0131d\u0131r ki;<\/p><p>Fenerbah\u00e7e,<br>Fenerbah\u00e7eliler,<br>Ve Fenerbah\u00e7elilik,<\/p><p>Televizyonda ahkam kesenlerden(!), r\u00fczgara g\u00f6re hareket edenlerden (!) gazetelerde k\u00f6\u015felerine s\u0131\u011f\u0131nanlardan(!), devletin i\u00e7ine sirayet edenlerden(!)\u2026 \u00e7ok ama \u00e7ok daha b\u00fcy\u00fckt\u00fcr ve yenilmezdir.<\/p><p>Milyonlar\u0131n y\u00fcreklerini kanatanlar i\u00e7in ilk g\u00fcn ne dediysek bug\u00fcn onu ya\u015f\u0131yoruz ve bu yolun sonunda parlayan mutluluk g\u00fcne\u015fi art\u0131k b\u00fct\u00fcn a\u00e7\u0131kl\u0131\u011f\u0131yla g\u00f6r\u00fclmektedir. Bu camia da o g\u00fcne\u015fe ula\u015fm\u0131\u015ft\u0131r.<\/p><p>3 Temmuz Fenerbah\u00e7e\u2019nin k\u0131rm\u0131z\u0131 \u00e7izgisidir; 3 Temmuz Fenerbah\u00e7e\u2019nin duru\u015fudur ve bizler bu duru\u015fu hi\u00e7bir zaman kaybetmeyece\u011fiz. Bu duru\u015fumuz tarihin sayfalar\u0131nda alt\u0131n harflerle yer alacakt\u0131r.<\/p><p>Sar\u0131 ve Lacivert\u2019in etraf\u0131nda bir nehir gibi co\u015fup ta\u015fan, m\u00fccadeleyi kabul etmi\u015f bizler; b\u00fct\u00fcnl\u00fc\u011f\u00fcm\u00fcz\u00fc ve ba\u011f\u0131ms\u0131zl\u0131\u011f\u0131m\u0131z\u0131 tehdit eden hukuk d\u0131\u015f\u0131 birtak\u0131m tutkulara inanc\u0131m\u0131z, irademiz ve kararl\u0131l\u0131\u011f\u0131m\u0131zla en g\u00fczel cevab\u0131; d\u00fcn de verdik, bug\u00fcn de veriyoruz, yar\u0131n da verece\u011fiz.<\/p><p>Ve biz;<br>\u00a0\u2018<strong><em>Biz Fenerbah\u00e7eyiz\u201d<\/em><\/strong>\u00a0diyenlerdeniz\u2026<\/p><p>\u015e\u0130MD\u0130 HESAP ZAMANI\u2026<\/p><\/blockquote>\n","protected":false},"excerpt":{"rendered":"<p>Yarg\u0131tay 5. Ceza Dairesi, Futbolda \u015fike davas\u0131nda aralar\u0131nda eski Fenerbah\u00e7e Ba\u015fkan\u0131 Aziz Y\u0131ld\u0131r\u0131m, Abdullah Ba\u015fak, \u0130lhan Y\u00fcksel Ek\u015fio\u011flu, Ahmet \u00c7elebi&#8217;ye verilen beraatleri onad\u0131. Daire, 36 san\u0131kl\u0131 davadan dosyas\u0131 ayr\u0131lan san\u0131klar Aziz Y\u0131ld\u0131r\u0131m, Abdullah Ba\u015fak, \u0130lhan Y\u00fcksel Ek\u015fio\u011flu, Ahmet \u00c7elebi&#8217;nin beraatlerine ili\u015fkin yerel mahkeme karar\u0131na kar\u015f\u0131, Trabzon Kul\u00fcb\u00fc Derne\u011finin temyiz istemini karara ba\u011flad\u0131. Daire, aralar\u0131nda eski [&hellip;]<\/p>\n","protected":false},"author":1,"featured_media":1378,"comment_status":"closed","ping_status":"closed","sticky":false,"template":"","format":"standard","meta":{"jnews-multi-image_gallery":[],"jnews_single_post":{"subtitle":"Yarg\u0131tay 5. Ceza Dairesi, Futbolda \u015fike davas\u0131nda aralar\u0131nda eski Fenerbah\u00e7e Ba\u015fkan\u0131 Aziz Y\u0131ld\u0131r\u0131m, Abdullah Ba\u015fak, \u0130lhan Y\u00fcksel Ek\u015fio\u011flu, Ahmet \u00c7elebi'ye verilen beraatleri onad\u0131.","format":"standard","video":"","gallery":"","source_name":"","source_url":"","via_name":"","via_url":"","override":[{"template":"1","single_blog_custom":"","parallax":"1","fullscreen":"1","layout":"right-sidebar","sidebar":"default-sidebar","second_sidebar":"default-sidebar","sticky_sidebar":"1","share_position":"top","share_float_style":"share-monocrhome","show_share_counter":"1","show_view_counter":"1","show_featured":"1","show_post_meta":"1","show_post_author":"1","show_post_author_image":"1","show_post_date":"1","post_date_format":"default","post_date_format_custom":"Y\/m\/d","show_post_category":"1","post_reading_time_wpm":"300","zoom_button_out_step":"2","zoom_button_in_step":"3","show_post_tag":"1","show_prev_next_post":"1","show_popup_post":"1","number_popup_post":"1"}],"image_override":[{"single_post_thumbnail_size":"crop-500","single_post_gallery_size":"crop-500"}],"trending_post_position":"meta","trending_post_label":"Trending","sponsored_post_label":"Sponsored by","sponsored_post_name":"","sponsored_post_url":"","sponsored_post_logo":"","sponsored_post_desc":""},"jnews_primary_category":{"id":"3"},"jnews_social_meta":{"fb_title":"","fb_description":"","fb_image":"","twitter_title":"","twitter_description":"","twitter_image":""},"jnews_override_counter":{"view_counter_number":"0","share_counter_number":"0","like_counter_number":"0","dislike_counter_number":"0"},"footnotes":""},"categories":[2,3],"tags":[23],"class_list":["post-15678","post","type-post","status-publish","format-standard","has-post-thumbnail","hentry","category-haberler","category-kulup","tag-fenerbahce"],"amp_enabled":true,"_links":{"self":[{"href":"https:\/\/www.fener.org\/index.php\/wp-json\/wp\/v2\/posts\/15678","targetHints":{"allow":["GET"]}}],"collection":[{"href":"https:\/\/www.fener.org\/index.php\/wp-json\/wp\/v2\/posts"}],"about":[{"href":"https:\/\/www.fener.org\/index.php\/wp-json\/wp\/v2\/types\/post"}],"author":[{"embeddable":true,"href":"https:\/\/www.fener.org\/index.php\/wp-json\/wp\/v2\/users\/1"}],"replies":[{"embeddable":true,"href":"https:\/\/www.fener.org\/index.php\/wp-json\/wp\/v2\/comments?post=15678"}],"version-history":[{"count":2,"href":"https:\/\/www.fener.org\/index.php\/wp-json\/wp\/v2\/posts\/15678\/revisions"}],"predecessor-version":[{"id":15680,"href":"https:\/\/www.fener.org\/index.php\/wp-json\/wp\/v2\/posts\/15678\/revisions\/15680"}],"wp:featuredmedia":[{"embeddable":true,"href":"https:\/\/www.fener.org\/index.php\/wp-json\/wp\/v2\/media\/1378"}],"wp:attachment":[{"href":"https:\/\/www.fener.org\/index.php\/wp-json\/wp\/v2\/media?parent=15678"}],"wp:term":[{"taxonomy":"category","embeddable":true,"href":"https:\/\/www.fener.org\/index.php\/wp-json\/wp\/v2\/categories?post=15678"},{"taxonomy":"post_tag","embeddable":true,"href":"https:\/\/www.fener.org\/index.php\/wp-json\/wp\/v2\/tags?post=15678"}],"curies":[{"name":"wp","href":"https:\/\/api.w.org\/{rel}","templated":true}]}}