{"id":15675,"date":"2021-12-27T18:04:25","date_gmt":"2021-12-27T15:04:25","guid":{"rendered":"https:\/\/www.fener.org\/?p=15675"},"modified":"2021-12-27T18:04:40","modified_gmt":"2021-12-27T15:04:40","slug":"fenerbahce-afjet-afyonspor-macinin-hazirliklarina-basladi","status":"publish","type":"post","link":"https:\/\/www.fener.org\/index.php\/2021\/12\/27\/fenerbahce-afjet-afyonspor-macinin-hazirliklarina-basladi\/","title":{"rendered":"Fenerbah\u00e7e, Afjet Afyonspor ma\u00e7\u0131n\u0131n haz\u0131rl\u0131klar\u0131na ba\u015flad\u0131"},"content":{"rendered":"\n<p>Fenerbah\u00e7emiz, Ziraat T\u00fcrkiye Kupas\u0131 5. Turunda 29 Aral\u0131k \u00c7ar\u015famba g\u00fcn\u00fc saat 21.00\u2019de Afjet Afyonspor ile \u00dclker Stadyumu Fenerbah\u00e7e \u015e\u00fckr\u00fc Saraco\u011flu Spor Kompleksi\u2019nde oynayaca\u011f\u0131 kar\u015f\u0131la\u015fman\u0131n haz\u0131rl\u0131klar\u0131na bug\u00fcn Can Bartu Tesisleri&#8217;nde yapt\u0131\u011f\u0131 antrenmanla ba\u015flad\u0131.<\/p>\n\n\n\n<p>\u00d6znur Kablo Yeni Malatyaspor ile oynad\u0131\u011f\u0131m\u0131z kar\u015f\u0131la\u015fman\u0131n ilk 11\u2019inde forma giyen futbolcular\u0131m\u0131z idman\u0131 rejenerasyon \u00e7al\u0131\u015fmas\u0131yla tamamlad\u0131. Di\u011fer oyuncular\u0131m\u0131z ise \u0131s\u0131nma ve \u00e7abukluk \u00e7al\u0131\u015fmas\u0131yla ba\u015flad\u0131klar\u0131 antrenman\u0131 pas \u00e7al\u0131\u015fmalar\u0131yla s\u00fcrd\u00fcrd\u00fc. \u0130dman, bireysel \u00e7al\u0131\u015fmalarla noktaland\u0131.<\/p>\n\n\n\n<p>Arka \u00fcst adale yap\u0131\u015fma yerinde tendinit bulgular\u0131 tespit edilen Luiz Gustavo g\u00fcn\u00fc tedavi programlar\u0131 ile ge\u00e7irirken; sa\u011f elinde k\u0131r\u0131k bulunan Serdar Aziz sahada bireysel antrenman yapt\u0131. Ferdi Kad\u0131o\u011flu ve Mergim Berisha\u2019n\u0131n tedavileri devam ederken, Altay Bay\u0131nd\u0131r ise bireysel \u00e7al\u0131\u015fmalarla g\u00fcn\u00fc tamamlad\u0131.<\/p>\n\n\n\n<p>Tak\u0131m\u0131m\u0131z, yar\u0131n (28 Aral\u0131k Sal\u0131 g\u00fcn\u00fc) yapaca\u011f\u0131 antrenmanla Afjet Afyonspor ma\u00e7\u0131n\u0131n haz\u0131rl\u0131klar\u0131n\u0131 tamamlayacak.<\/p>\n","protected":false},"excerpt":{"rendered":"<p>Fenerbah\u00e7emiz, Ziraat T\u00fcrkiye Kupas\u0131 5. Turunda 29 Aral\u0131k \u00c7ar\u015famba g\u00fcn\u00fc saat 21.00\u2019de Afjet Afyonspor ile \u00dclker Stadyumu Fenerbah\u00e7e \u015e\u00fckr\u00fc Saraco\u011flu Spor Kompleksi\u2019nde oynayaca\u011f\u0131 kar\u015f\u0131la\u015fman\u0131n haz\u0131rl\u0131klar\u0131na bug\u00fcn Can Bartu Tesisleri&#8217;nde yapt\u0131\u011f\u0131 antrenmanla ba\u015flad\u0131. \u00d6znur Kablo Yeni Malatyaspor ile oynad\u0131\u011f\u0131m\u0131z kar\u015f\u0131la\u015fman\u0131n ilk 11\u2019inde forma giyen futbolcular\u0131m\u0131z idman\u0131 rejenerasyon \u00e7al\u0131\u015fmas\u0131yla tamamlad\u0131. Di\u011fer oyuncular\u0131m\u0131z ise \u0131s\u0131nma ve \u00e7abukluk \u00e7al\u0131\u015fmas\u0131yla [&hellip;]<\/p>\n","protected":false},"author":1,"featured_media":15677,"comment_status":"closed","ping_status":"closed","sticky":false,"template":"","format":"standard","meta":{"jnews-multi-image_gallery":[],"jnews_single_post":{"subtitle":"Fenerbah\u00e7e, Ziraat T\u00fcrkiye Kupas\u0131 5. Turunda sahas\u0131nda Afjet Afyonspor ile oynayaca\u011f\u0131 kar\u015f\u0131la\u015fman\u0131n haz\u0131rl\u0131klar\u0131na bug\u00fcn yapt\u0131\u011f\u0131 antrenmanla ba\u015flad\u0131.","format":"standard","video":"","gallery":"","source_name":"","source_url":"","via_name":"","via_url":"","override":[{"template":"1","single_blog_custom":"","parallax":"1","fullscreen":"1","layout":"right-sidebar","sidebar":"default-sidebar","second_sidebar":"default-sidebar","sticky_sidebar":"1","share_position":"top","share_float_style":"share-monocrhome","show_share_counter":"1","show_view_counter":"1","show_featured":"1","show_post_meta":"1","show_post_author":"1","show_post_author_image":"1","show_post_date":"1","post_date_format":"default","post_date_format_custom":"Y\/m\/d","show_post_category":"1","post_reading_time_wpm":"300","zoom_button_out_step":"2","zoom_button_in_step":"3","show_post_tag":"1","show_prev_next_post":"1","show_popup_post":"1","number_popup_post":"1"}],"image_override":[{"single_post_thumbnail_size":"crop-500","single_post_gallery_size":"crop-500"}],"trending_post_position":"meta","trending_post_label":"Trending","sponsored_post_label":"Sponsored by","sponsored_post_name":"","sponsored_post_url":"","sponsored_post_logo":"","sponsored_post_desc":""},"jnews_primary_category":{"id":"4"},"jnews_social_meta":{"fb_title":"","fb_description":"","fb_image":"","twitter_title":"","twitter_description":"","twitter_image":""},"jnews_override_counter":{"view_counter_number":"0","share_counter_number":"0","like_counter_number":"0","dislike_counter_number":"0"},"footnotes":""},"categories":[4,2,47],"tags":[23,54],"class_list":["post-15675","post","type-post","status-publish","format-standard","has-post-thumbnail","hentry","category-futbol","category-haberler","category-profesyonel-a-futbol-takimi","tag-fenerbahce","tag-futbol"],"amp_enabled":true,"_links":{"self":[{"href":"https:\/\/www.fener.org\/index.php\/wp-json\/wp\/v2\/posts\/15675","targetHints":{"allow":["GET"]}}],"collection":[{"href":"https:\/\/www.fener.org\/index.php\/wp-json\/wp\/v2\/posts"}],"about":[{"href":"https:\/\/www.fener.org\/index.php\/wp-json\/wp\/v2\/types\/post"}],"author":[{"embeddable":true,"href":"https:\/\/www.fener.org\/index.php\/wp-json\/wp\/v2\/users\/1"}],"replies":[{"embeddable":true,"href":"https:\/\/www.fener.org\/index.php\/wp-json\/wp\/v2\/comments?post=15675"}],"version-history":[{"count":1,"href":"https:\/\/www.fener.org\/index.php\/wp-json\/wp\/v2\/posts\/15675\/revisions"}],"predecessor-version":[{"id":15676,"href":"https:\/\/www.fener.org\/index.php\/wp-json\/wp\/v2\/posts\/15675\/revisions\/15676"}],"wp:featuredmedia":[{"embeddable":true,"href":"https:\/\/www.fener.org\/index.php\/wp-json\/wp\/v2\/media\/15677"}],"wp:attachment":[{"href":"https:\/\/www.fener.org\/index.php\/wp-json\/wp\/v2\/media?parent=15675"}],"wp:term":[{"taxonomy":"category","embeddable":true,"href":"https:\/\/www.fener.org\/index.php\/wp-json\/wp\/v2\/categories?post=15675"},{"taxonomy":"post_tag","embeddable":true,"href":"https:\/\/www.fener.org\/index.php\/wp-json\/wp\/v2\/tags?post=15675"}],"curies":[{"name":"wp","href":"https:\/\/api.w.org\/{rel}","templated":true}]}}