{"id":15671,"date":"2021-12-27T13:48:33","date_gmt":"2021-12-27T10:48:33","guid":{"rendered":"https:\/\/www.fener.org\/?p=15671"},"modified":"2021-12-27T13:48:45","modified_gmt":"2021-12-27T10:48:45","slug":"fenerbahce-afjet-afyonspor-macinin-hakemleri-belli-oldu","status":"publish","type":"post","link":"https:\/\/www.fener.org\/index.php\/2021\/12\/27\/fenerbahce-afjet-afyonspor-macinin-hakemleri-belli-oldu\/","title":{"rendered":"Fenerbah\u00e7e &#8211; Afjet Afyonspor ma\u00e7\u0131n\u0131n hakemleri belli oldu"},"content":{"rendered":"\n<p>Fenerbah\u00e7emiz ile Afjet Afyonspor aras\u0131nda oynanacak ma\u00e7\u0131 hakem Turgut Doman y\u00f6netecek.<\/p>\n\n\n\n<p>Fenerbah\u00e7emizin, Ziraat T\u00fcrkiye Kupas\u0131 5. Tur ma\u00e7\u0131nda 29 Aral\u0131k \u00c7ar\u015famba g\u00fcn\u00fc saat 21.00\u2019de \u00dclker Stadyumu Fenerbah\u00e7e \u015e\u00fckr\u00fc Saraco\u011flu Spor Kompleksi\u2019nde Afjet Afyonspor ile oynayaca\u011f\u0131 kar\u015f\u0131la\u015fmay\u0131 Turgut Doman y\u00f6netecek. Doman\u2019\u0131n yard\u0131mc\u0131l\u0131klar\u0131n\u0131 Ekrem Kan ve \u0130brahim Bozbey yapacak. Kar\u015f\u0131la\u015fman\u0131n 4. hakemi ise Alper \u00c7etin.<\/p>\n","protected":false},"excerpt":{"rendered":"<p>Fenerbah\u00e7emiz ile Afjet Afyonspor aras\u0131nda oynanacak ma\u00e7\u0131 hakem Turgut Doman y\u00f6netecek. Fenerbah\u00e7emizin, Ziraat T\u00fcrkiye Kupas\u0131 5. Tur ma\u00e7\u0131nda 29 Aral\u0131k \u00c7ar\u015famba g\u00fcn\u00fc saat 21.00\u2019de \u00dclker Stadyumu Fenerbah\u00e7e \u015e\u00fckr\u00fc Saraco\u011flu Spor Kompleksi\u2019nde Afjet Afyonspor ile oynayaca\u011f\u0131 kar\u015f\u0131la\u015fmay\u0131 Turgut Doman y\u00f6netecek. Doman\u2019\u0131n yard\u0131mc\u0131l\u0131klar\u0131n\u0131 Ekrem Kan ve \u0130brahim Bozbey yapacak. Kar\u015f\u0131la\u015fman\u0131n 4. hakemi ise Alper \u00c7etin.<\/p>\n","protected":false},"author":1,"featured_media":15672,"comment_status":"closed","ping_status":"closed","sticky":false,"template":"","format":"standard","meta":{"jnews-multi-image_gallery":[],"jnews_single_post":{"subtitle":"Ziraat T\u00fcrkiye Kupas\u0131 5. Tur ma\u00e7\u0131nda Fenerbah\u00e7e ile Afjet Afyonspor oynanacak kar\u015f\u0131la\u015fmay\u0131 Turgut Doman y\u00f6netecek.","format":"standard","video":"","gallery":"","source_name":"","source_url":"","via_name":"","via_url":"","override":[{"template":"1","single_blog_custom":"","parallax":"1","fullscreen":"1","layout":"right-sidebar","sidebar":"default-sidebar","second_sidebar":"default-sidebar","sticky_sidebar":"1","share_position":"top","share_float_style":"share-monocrhome","show_share_counter":"1","show_view_counter":"1","show_featured":"1","show_post_meta":"1","show_post_author":"1","show_post_author_image":"1","show_post_date":"1","post_date_format":"default","post_date_format_custom":"Y\/m\/d","show_post_category":"1","post_reading_time_wpm":"300","zoom_button_out_step":"2","zoom_button_in_step":"3","show_post_tag":"1","show_prev_next_post":"1","show_popup_post":"1","number_popup_post":"1"}],"image_override":[{"single_post_thumbnail_size":"crop-500","single_post_gallery_size":"crop-500"}],"trending_post_position":"meta","trending_post_label":"Trending","sponsored_post_label":"Sponsored by","sponsored_post_name":"","sponsored_post_url":"","sponsored_post_logo":"","sponsored_post_desc":""},"jnews_primary_category":{"id":"4"},"jnews_social_meta":{"fb_title":"","fb_description":"","fb_image":"","twitter_title":"","twitter_description":"","twitter_image":""},"jnews_override_counter":{"view_counter_number":"0","share_counter_number":"0","like_counter_number":"0","dislike_counter_number":"0"},"footnotes":""},"categories":[4,2,47],"tags":[23,54],"class_list":["post-15671","post","type-post","status-publish","format-standard","has-post-thumbnail","hentry","category-futbol","category-haberler","category-profesyonel-a-futbol-takimi","tag-fenerbahce","tag-futbol"],"amp_enabled":true,"_links":{"self":[{"href":"https:\/\/www.fener.org\/index.php\/wp-json\/wp\/v2\/posts\/15671","targetHints":{"allow":["GET"]}}],"collection":[{"href":"https:\/\/www.fener.org\/index.php\/wp-json\/wp\/v2\/posts"}],"about":[{"href":"https:\/\/www.fener.org\/index.php\/wp-json\/wp\/v2\/types\/post"}],"author":[{"embeddable":true,"href":"https:\/\/www.fener.org\/index.php\/wp-json\/wp\/v2\/users\/1"}],"replies":[{"embeddable":true,"href":"https:\/\/www.fener.org\/index.php\/wp-json\/wp\/v2\/comments?post=15671"}],"version-history":[{"count":1,"href":"https:\/\/www.fener.org\/index.php\/wp-json\/wp\/v2\/posts\/15671\/revisions"}],"predecessor-version":[{"id":15673,"href":"https:\/\/www.fener.org\/index.php\/wp-json\/wp\/v2\/posts\/15671\/revisions\/15673"}],"wp:featuredmedia":[{"embeddable":true,"href":"https:\/\/www.fener.org\/index.php\/wp-json\/wp\/v2\/media\/15672"}],"wp:attachment":[{"href":"https:\/\/www.fener.org\/index.php\/wp-json\/wp\/v2\/media?parent=15671"}],"wp:term":[{"taxonomy":"category","embeddable":true,"href":"https:\/\/www.fener.org\/index.php\/wp-json\/wp\/v2\/categories?post=15671"},{"taxonomy":"post_tag","embeddable":true,"href":"https:\/\/www.fener.org\/index.php\/wp-json\/wp\/v2\/tags?post=15671"}],"curies":[{"name":"wp","href":"https:\/\/api.w.org\/{rel}","templated":true}]}}