{"id":15662,"date":"2021-12-26T14:55:59","date_gmt":"2021-12-26T11:55:59","guid":{"rendered":"https:\/\/www.fener.org\/?p=15662"},"modified":"2021-12-26T14:56:06","modified_gmt":"2021-12-26T11:56:06","slug":"fenerbahce-bekodan-jan-vesely-ve-nando-de-colo-aciklamasi-2","status":"publish","type":"post","link":"https:\/\/www.fener.org\/index.php\/2021\/12\/26\/fenerbahce-bekodan-jan-vesely-ve-nando-de-colo-aciklamasi-2\/","title":{"rendered":"Fenerbah\u00e7e Beko&#8217;dan Jan Vesely ve Nando De Colo a\u00e7\u0131klamas\u0131"},"content":{"rendered":"\n<p>Fenerbah\u00e7e Beko, Euroleague arenas\u0131nda ASVEL ile oynad\u0131\u011f\u0131 kar\u015f\u0131la\u015fmada sakatlanan sporcular\u0131m\u0131z Jan Vesely ve Nando De Colo&#8217;nun son durumlar\u0131yla ilgili bilgilendirmede bulundu.<\/p>\n\n\n\n<p>Yap\u0131lan a\u00e7\u0131klamada sporcular\u0131m\u0131z\u0131n sahalara d\u00f6n\u00fc\u015f s\u00fcrelerinin; sa\u011f ayak bile\u011finde burkulmaya ba\u011fl\u0131 ba\u011f yaralanmas\u0131 olu\u015fan Jan Vesely i\u00e7in 6 hafta ve sol el ikinci tarak kemi\u011finde k\u0131r\u0131k meydana gelen Nando De Colo i\u00e7in ise 8-10 hafta olarak \u00f6ng\u00f6r\u00fcld\u00fc\u011f\u00fc ifade edildi.<\/p>\n\n\n\n<p>Kul\u00fcb\u00fcm\u00fcz\u00fcn resmi sitesinde yay\u0131nlanan a\u00e7\u0131klama \u015f\u00f6yle:<\/p>\n\n\n\n<blockquote class=\"wp-block-quote is-layout-flow wp-block-quote-is-layout-flow\"><p>Tak\u0131m\u0131m\u0131z Fenerbah\u00e7e Beko\u2019nun 23 Aral\u0131k Per\u015fembe g\u00fcn\u00fc oynad\u0131\u011f\u0131 ASVEL kar\u015f\u0131la\u015fmas\u0131nda sa\u011f ayak bile\u011finde burkulmaya ba\u011fl\u0131 ba\u011f yaralanmas\u0131 olu\u015fan Jan Vesely ve sol el ikinci tarak kemi\u011finde k\u0131r\u0131k meydana gelen Nando De Colo\u2019nun \u0130stanbul\u2019da yap\u0131lan tetkik ve m\u00fcdahalelerinin ard\u0131ndan, sporcular\u0131m\u0131z\u0131n sahalara d\u00f6n\u00fc\u015f s\u00fcreleri Vesely i\u00e7in 6 hafta, De Colo i\u00e7in ise 8-10 hafta olarak \u00f6ng\u00f6r\u00fclmektedir.<\/p><p>Oyuncular\u0131m\u0131z\u0131n sa\u011fl\u0131k durumlar\u0131na ili\u015fkin gerekli bilgilendirmeler ilerleyen d\u00f6nemde yeniden yap\u0131lacakt\u0131r.<\/p><p>Fenerbah\u00e7e Spor Kul\u00fcb\u00fc<\/p><\/blockquote>\n","protected":false},"excerpt":{"rendered":"<p>Fenerbah\u00e7e Beko, Euroleague arenas\u0131nda ASVEL ile oynad\u0131\u011f\u0131 kar\u015f\u0131la\u015fmada sakatlanan sporcular\u0131m\u0131z Jan Vesely ve Nando De Colo&#8217;nun son durumlar\u0131yla ilgili bilgilendirmede bulundu. Yap\u0131lan a\u00e7\u0131klamada sporcular\u0131m\u0131z\u0131n sahalara d\u00f6n\u00fc\u015f s\u00fcrelerinin; sa\u011f ayak bile\u011finde burkulmaya ba\u011fl\u0131 ba\u011f yaralanmas\u0131 olu\u015fan Jan Vesely i\u00e7in 6 hafta ve sol el ikinci tarak kemi\u011finde k\u0131r\u0131k meydana gelen Nando De Colo i\u00e7in ise 8-10 [&hellip;]<\/p>\n","protected":false},"author":1,"featured_media":12952,"comment_status":"closed","ping_status":"closed","sticky":false,"template":"","format":"standard","meta":{"jnews-multi-image_gallery":[],"jnews_single_post":{"subtitle":"Fenerbah\u00e7e Beko, tak\u0131m\u0131m\u0131z\u0131n oynad\u0131\u011f\u0131 ASVEL kar\u015f\u0131la\u015fmas\u0131nda sakatlanan oyuncular\u0131m\u0131z Jan Vesely ve Nando De Colo'nun sa\u011fl\u0131k durumlar\u0131yla ilgili a\u00e7\u0131klamada bulundu.","format":"standard","video":"","gallery":"","source_name":"","source_url":"","via_name":"","via_url":"","override":[{"template":"1","single_blog_custom":"","parallax":"1","fullscreen":"1","layout":"right-sidebar","sidebar":"default-sidebar","second_sidebar":"default-sidebar","sticky_sidebar":"1","share_position":"top","share_float_style":"share-monocrhome","show_share_counter":"1","show_view_counter":"1","show_featured":"1","show_post_meta":"1","show_post_author":"1","show_post_author_image":"1","show_post_date":"1","post_date_format":"default","post_date_format_custom":"Y\/m\/d","show_post_category":"1","post_reading_time_wpm":"300","zoom_button_out_step":"2","zoom_button_in_step":"3","show_post_tag":"1","show_prev_next_post":"1","show_popup_post":"1","number_popup_post":"1"}],"image_override":[{"single_post_thumbnail_size":"crop-500","single_post_gallery_size":"crop-500"}],"trending_post_position":"meta","trending_post_label":"Trending","sponsored_post_label":"Sponsored by","sponsored_post_name":"","sponsored_post_url":"","sponsored_post_logo":"","sponsored_post_desc":""},"jnews_primary_category":{"id":"5"},"jnews_social_meta":{"fb_title":"","fb_description":"","fb_image":"","twitter_title":"","twitter_description":"","twitter_image":""},"jnews_override_counter":{"view_counter_number":"0","share_counter_number":"0","like_counter_number":"0","dislike_counter_number":"0"},"footnotes":""},"categories":[5,6,2],"tags":[24,23],"class_list":["post-15662","post","type-post","status-publish","format-standard","has-post-thumbnail","hentry","category-basketbol","category-erkek-basketbol","category-haberler","tag-basketbol","tag-fenerbahce"],"amp_enabled":true,"_links":{"self":[{"href":"https:\/\/www.fener.org\/index.php\/wp-json\/wp\/v2\/posts\/15662","targetHints":{"allow":["GET"]}}],"collection":[{"href":"https:\/\/www.fener.org\/index.php\/wp-json\/wp\/v2\/posts"}],"about":[{"href":"https:\/\/www.fener.org\/index.php\/wp-json\/wp\/v2\/types\/post"}],"author":[{"embeddable":true,"href":"https:\/\/www.fener.org\/index.php\/wp-json\/wp\/v2\/users\/1"}],"replies":[{"embeddable":true,"href":"https:\/\/www.fener.org\/index.php\/wp-json\/wp\/v2\/comments?post=15662"}],"version-history":[{"count":1,"href":"https:\/\/www.fener.org\/index.php\/wp-json\/wp\/v2\/posts\/15662\/revisions"}],"predecessor-version":[{"id":15663,"href":"https:\/\/www.fener.org\/index.php\/wp-json\/wp\/v2\/posts\/15662\/revisions\/15663"}],"wp:featuredmedia":[{"embeddable":true,"href":"https:\/\/www.fener.org\/index.php\/wp-json\/wp\/v2\/media\/12952"}],"wp:attachment":[{"href":"https:\/\/www.fener.org\/index.php\/wp-json\/wp\/v2\/media?parent=15662"}],"wp:term":[{"taxonomy":"category","embeddable":true,"href":"https:\/\/www.fener.org\/index.php\/wp-json\/wp\/v2\/categories?post=15662"},{"taxonomy":"post_tag","embeddable":true,"href":"https:\/\/www.fener.org\/index.php\/wp-json\/wp\/v2\/tags?post=15662"}],"curies":[{"name":"wp","href":"https:\/\/api.w.org\/{rel}","templated":true}]}}