{"id":15626,"date":"2021-12-25T10:30:59","date_gmt":"2021-12-25T07:30:59","guid":{"rendered":"https:\/\/www.fener.org\/?p=15626"},"modified":"2021-12-25T10:31:34","modified_gmt":"2021-12-25T07:31:34","slug":"fenerbahce-kadin-futbol-takimimiz-1207-antalyasporu-konuk-ediyor","status":"publish","type":"post","link":"https:\/\/www.fener.org\/index.php\/2021\/12\/25\/fenerbahce-kadin-futbol-takimimiz-1207-antalyasporu-konuk-ediyor\/","title":{"rendered":"Fenerbah\u00e7e Kad\u0131n Futbol Tak\u0131m\u0131m\u0131z, 1207 Antalyaspor&#8217;u konuk ediyor"},"content":{"rendered":"\n<p>Fenerbah\u00e7e Kad\u0131n Futbol Tak\u0131m\u0131m\u0131z, Turkcell Kad\u0131n Futbol S\u00fcper Ligi\u2019ndeki ikinci hafta ma\u00e7\u0131na \u00e7\u0131k\u0131yor. A Grubu\u2019nda yer alan Kad\u0131n Futbol Tak\u0131m\u0131m\u0131z, 1207 Antalyaspor Kad\u0131n Futbol Kul\u00fcb\u00fc\u2019n\u00fc konuk ediyor. Bug\u00fcn (25 Aral\u0131k Cumartesi g\u00fcn\u00fc) Fenerbah\u00e7e Derea\u011fz\u0131 Lefter K\u00fc\u00e7\u00fckandonyadis Tesisleri\u2019nde oynanacak ve saat 14.30\u2019da ba\u015flayacak ve FB TV &#8211; Fenerbah\u00e7e Youtube\u2019dan canl\u0131 yay\u0131nlanacak.<\/p>\n\n\n\n<p>Tarihindeki ilk resmi ma\u00e7\u0131nda ligin ilk haftas\u0131nda Be\u015fikta\u015f Vodafone ile deplasmanda kar\u015f\u0131la\u015fan Fenerbah\u00e7e Kad\u0131n Futbol Tak\u0131m\u0131m\u0131z, m\u00fccadeleden 2-1 ma\u011flup ayr\u0131ld\u0131.<\/p>\n","protected":false},"excerpt":{"rendered":"<p>Fenerbah\u00e7e Kad\u0131n Futbol Tak\u0131m\u0131m\u0131z, Turkcell Kad\u0131n Futbol S\u00fcper Ligi\u2019ndeki ikinci hafta ma\u00e7\u0131na \u00e7\u0131k\u0131yor. A Grubu\u2019nda yer alan Kad\u0131n Futbol Tak\u0131m\u0131m\u0131z, 1207 Antalyaspor Kad\u0131n Futbol Kul\u00fcb\u00fc\u2019n\u00fc konuk ediyor. Bug\u00fcn (25 Aral\u0131k Cumartesi g\u00fcn\u00fc) Fenerbah\u00e7e Derea\u011fz\u0131 Lefter K\u00fc\u00e7\u00fckandonyadis Tesisleri\u2019nde oynanacak ve saat 14.30\u2019da ba\u015flayacak ve FB TV &#8211; Fenerbah\u00e7e Youtube\u2019dan canl\u0131 yay\u0131nlanacak. Tarihindeki ilk resmi ma\u00e7\u0131nda ligin [&hellip;]<\/p>\n","protected":false},"author":1,"featured_media":15628,"comment_status":"closed","ping_status":"closed","sticky":false,"template":"","format":"standard","meta":{"jnews-multi-image_gallery":[],"jnews_single_post":{"subtitle":"Fenerbah\u00e7e Kad\u0131n Futbol Tak\u0131m\u0131m\u0131z, Kad\u0131n Futbol S\u00fcper Ligi\u2019ndeki ikinci hafta ma\u00e7\u0131nda sahas\u0131nda 1207 Antalyaspor ile m\u00fccadele edecek.","format":"standard","video":"","gallery":"","source_name":"","source_url":"","via_name":"","via_url":"","override":[{"template":"1","single_blog_custom":"","parallax":"1","fullscreen":"1","layout":"right-sidebar","sidebar":"default-sidebar","second_sidebar":"default-sidebar","sticky_sidebar":"1","share_position":"top","share_float_style":"share-monocrhome","show_share_counter":"1","show_view_counter":"1","show_featured":"1","show_post_meta":"1","show_post_author":"1","show_post_author_image":"1","show_post_date":"1","post_date_format":"default","post_date_format_custom":"Y\/m\/d","show_post_category":"1","post_reading_time_wpm":"300","zoom_button_out_step":"2","zoom_button_in_step":"3","show_post_tag":"1","show_prev_next_post":"1","show_popup_post":"1","number_popup_post":"1"}],"image_override":[{"single_post_thumbnail_size":"crop-500","single_post_gallery_size":"crop-500"}],"trending_post_position":"meta","trending_post_label":"Trending","sponsored_post_label":"Sponsored by","sponsored_post_name":"","sponsored_post_url":"","sponsored_post_logo":"","sponsored_post_desc":""},"jnews_primary_category":{"id":"4"},"jnews_social_meta":{"fb_title":"","fb_description":"","fb_image":"","twitter_title":"","twitter_description":"","twitter_image":""},"jnews_override_counter":{"view_counter_number":"0","share_counter_number":"0","like_counter_number":"0","dislike_counter_number":"0"},"footnotes":""},"categories":[4,2,191],"tags":[23,54],"class_list":["post-15626","post","type-post","status-publish","format-standard","has-post-thumbnail","hentry","category-futbol","category-haberler","category-kadin-futbol","tag-fenerbahce","tag-futbol"],"amp_enabled":true,"_links":{"self":[{"href":"https:\/\/www.fener.org\/index.php\/wp-json\/wp\/v2\/posts\/15626","targetHints":{"allow":["GET"]}}],"collection":[{"href":"https:\/\/www.fener.org\/index.php\/wp-json\/wp\/v2\/posts"}],"about":[{"href":"https:\/\/www.fener.org\/index.php\/wp-json\/wp\/v2\/types\/post"}],"author":[{"embeddable":true,"href":"https:\/\/www.fener.org\/index.php\/wp-json\/wp\/v2\/users\/1"}],"replies":[{"embeddable":true,"href":"https:\/\/www.fener.org\/index.php\/wp-json\/wp\/v2\/comments?post=15626"}],"version-history":[{"count":3,"href":"https:\/\/www.fener.org\/index.php\/wp-json\/wp\/v2\/posts\/15626\/revisions"}],"predecessor-version":[{"id":15630,"href":"https:\/\/www.fener.org\/index.php\/wp-json\/wp\/v2\/posts\/15626\/revisions\/15630"}],"wp:featuredmedia":[{"embeddable":true,"href":"https:\/\/www.fener.org\/index.php\/wp-json\/wp\/v2\/media\/15628"}],"wp:attachment":[{"href":"https:\/\/www.fener.org\/index.php\/wp-json\/wp\/v2\/media?parent=15626"}],"wp:term":[{"taxonomy":"category","embeddable":true,"href":"https:\/\/www.fener.org\/index.php\/wp-json\/wp\/v2\/categories?post=15626"},{"taxonomy":"post_tag","embeddable":true,"href":"https:\/\/www.fener.org\/index.php\/wp-json\/wp\/v2\/tags?post=15626"}],"curies":[{"name":"wp","href":"https:\/\/api.w.org\/{rel}","templated":true}]}}