{"id":15463,"date":"2021-12-15T21:00:10","date_gmt":"2021-12-15T18:00:10","guid":{"rendered":"https:\/\/www.fener.org\/?p=15463"},"modified":"2021-12-15T21:00:15","modified_gmt":"2021-12-15T18:00:15","slug":"prosecco-doc-imoco-conegliano-3-0-fenerbahce-opet","status":"publish","type":"post","link":"https:\/\/www.fener.org\/index.php\/2021\/12\/15\/prosecco-doc-imoco-conegliano-3-0-fenerbahce-opet\/","title":{"rendered":"Prosecco Doc Imoco Conegliano 3-0 Fenerbah\u00e7e Opet"},"content":{"rendered":"\n<p>Fenerbah\u00e7e Opet Kad\u0131n Voleybol Tak\u0131m\u0131m\u0131z, FIVB Kad\u0131nlar D\u00fcnya Kul\u00fcpler \u015eampiyonas\u0131\u2019ndaki ilk ma\u00e7\u0131nda \u0130talya temsilcisi Prosecco Doc Imoco Conegliano ile kar\u015f\u0131la\u015ft\u0131. Sar\u0131 Melekler setlerini 25-12, 25-23, 25-23 geride tamamlad\u0131\u011f\u0131 ma\u00e7\u0131 3-0 kaybetti.<\/p>\n\n\n\n<p>Fenerbah\u00e7e Opet, ilk kez T\u00fcrkiye\u2019nin ev sahipli\u011finde d\u00fczenlenen FIVB Kad\u0131nlar D\u00fcnya Kul\u00fcpler \u015eampiyonas\u0131\u2019ndaki A Grubu ikinci ma\u00e7\u0131nda Brezilya ekibi Dentil Praia Clube ile kar\u015f\u0131la\u015facak. Saat 18.30\u2019da ba\u015flayacak m\u00fcsabaka TRT Spor Y\u0131ld\u0131z\u2019dan naklen yay\u0131nlanacak.<\/p>\n\n\n\n<p>Grup a\u015famas\u0131nda oynanan kar\u015f\u0131la\u015fmalar\u0131n ard\u0131ndan puan cetvelinde ilk iki s\u0131ray\u0131 alan tak\u0131mlar, yar\u0131 finale y\u00fckselecek ve \u00e7apraz bir \u015fekilde e\u015fle\u015fecek. (A1-B2, B1-A2)<\/p>\n\n\n\n<p>Tak\u0131m\u0131m\u0131z, Ankara Spor Salonu\u2019nda ma\u00e7a; Anna Lazareva, Meliha \u0130smailo\u011flu, Arina Fedorovtseva, Eda Erdem D\u00fcndar, Naz Aydemir Akyol, Mina Popovic alt\u0131s\u0131 ve libero Gizem \u00d6rge ile ba\u015flad\u0131.<\/p>\n\n\n\n<p>\u0130lk sete istedi\u011fi ba\u015flang\u0131c\u0131 yapamayan Tak\u0131m\u0131m\u0131z, seti 25-12 geride tamamlad\u0131. \u00c7eki\u015fmeli ge\u00e7en ikinci sette 15-15 e\u015fitli\u011fin ard\u0131ndan Ana Cristina De Souza ile 17-18 \u00f6ne ge\u00e7en Tak\u0131m\u0131m\u0131z, rakibine de mola ald\u0131rd\u0131. Moladan da say\u0131larla d\u00f6nen Sar\u0131 Melekler, fark\u0131 3 say\u0131ya y\u00fckseltti: 17-20. Kalan b\u00f6l\u00fcmde \u0130talya ekibi avantaj\u0131 eline ge\u00e7irdi ve seti 25-23 \u00f6nde tamamlad\u0131. Kar\u015f\u0131l\u0131kl\u0131 say\u0131larla ba\u015flayan \u00fc\u00e7\u00fcnc\u00fc sette skor avantaj\u0131n\u0131 eline ge\u00e7iremeyen Fenerbah\u00e7e Opet; seti 25-23, ma\u00e7\u0131 da 3-0 kaybetti.<\/p>\n","protected":false},"excerpt":{"rendered":"<p>Fenerbah\u00e7e Opet Kad\u0131n Voleybol Tak\u0131m\u0131m\u0131z, FIVB Kad\u0131nlar D\u00fcnya Kul\u00fcpler \u015eampiyonas\u0131\u2019ndaki ilk ma\u00e7\u0131nda \u0130talya temsilcisi Prosecco Doc Imoco Conegliano ile kar\u015f\u0131la\u015ft\u0131. Sar\u0131 Melekler setlerini 25-12, 25-23, 25-23 geride tamamlad\u0131\u011f\u0131 ma\u00e7\u0131 3-0 kaybetti. Fenerbah\u00e7e Opet, ilk kez T\u00fcrkiye\u2019nin ev sahipli\u011finde d\u00fczenlenen FIVB Kad\u0131nlar D\u00fcnya Kul\u00fcpler \u015eampiyonas\u0131\u2019ndaki A Grubu ikinci ma\u00e7\u0131nda Brezilya ekibi Dentil Praia Clube ile kar\u015f\u0131la\u015facak. [&hellip;]<\/p>\n","protected":false},"author":1,"featured_media":15464,"comment_status":"closed","ping_status":"closed","sticky":false,"template":"","format":"standard","meta":{"jnews-multi-image_gallery":[],"jnews_single_post":{"subtitle":"Fenerbah\u00e7e Kad\u0131n Voleybol Tak\u0131m\u0131m\u0131z, FIVB Kad\u0131nlar D\u00fcnya Kul\u00fcpler \u015eampiyonas\u0131\u2019ndaki ilk ma\u00e7\u0131nda kar\u015f\u0131la\u015ft\u0131\u011f\u0131 Prosecco Doc Imoco Conegliano'ya 3-0 kaybetti.","format":"standard","video":"","gallery":"","source_name":"","source_url":"","via_name":"","via_url":"","override":[{"template":"1","single_blog_custom":"","parallax":"1","fullscreen":"1","layout":"right-sidebar","sidebar":"default-sidebar","second_sidebar":"default-sidebar","sticky_sidebar":"1","share_position":"top","share_float_style":"share-monocrhome","show_share_counter":"1","show_view_counter":"1","show_featured":"1","show_post_meta":"1","show_post_author":"1","show_post_author_image":"1","show_post_date":"1","post_date_format":"default","post_date_format_custom":"Y\/m\/d","show_post_category":"1","post_reading_time_wpm":"300","zoom_button_out_step":"2","zoom_button_in_step":"3","show_post_tag":"1","show_prev_next_post":"1","show_popup_post":"1","number_popup_post":"1"}],"image_override":[{"single_post_thumbnail_size":"crop-500","single_post_gallery_size":"crop-500"}],"trending_post_position":"meta","trending_post_label":"Trending","sponsored_post_label":"Sponsored by","sponsored_post_name":"","sponsored_post_url":"","sponsored_post_logo":"","sponsored_post_desc":""},"jnews_primary_category":{"id":"8"},"jnews_social_meta":{"fb_title":"","fb_description":"","fb_image":"","twitter_title":"","twitter_description":"","twitter_image":""},"jnews_override_counter":{"view_counter_number":"0","share_counter_number":"0","like_counter_number":"0","dislike_counter_number":"0"},"footnotes":""},"categories":[2,10,8],"tags":[23,29],"class_list":["post-15463","post","type-post","status-publish","format-standard","has-post-thumbnail","hentry","category-haberler","category-kadin-voleybol","category-voleybol","tag-fenerbahce","tag-voleybol"],"amp_enabled":true,"_links":{"self":[{"href":"https:\/\/www.fener.org\/index.php\/wp-json\/wp\/v2\/posts\/15463","targetHints":{"allow":["GET"]}}],"collection":[{"href":"https:\/\/www.fener.org\/index.php\/wp-json\/wp\/v2\/posts"}],"about":[{"href":"https:\/\/www.fener.org\/index.php\/wp-json\/wp\/v2\/types\/post"}],"author":[{"embeddable":true,"href":"https:\/\/www.fener.org\/index.php\/wp-json\/wp\/v2\/users\/1"}],"replies":[{"embeddable":true,"href":"https:\/\/www.fener.org\/index.php\/wp-json\/wp\/v2\/comments?post=15463"}],"version-history":[{"count":1,"href":"https:\/\/www.fener.org\/index.php\/wp-json\/wp\/v2\/posts\/15463\/revisions"}],"predecessor-version":[{"id":15465,"href":"https:\/\/www.fener.org\/index.php\/wp-json\/wp\/v2\/posts\/15463\/revisions\/15465"}],"wp:featuredmedia":[{"embeddable":true,"href":"https:\/\/www.fener.org\/index.php\/wp-json\/wp\/v2\/media\/15464"}],"wp:attachment":[{"href":"https:\/\/www.fener.org\/index.php\/wp-json\/wp\/v2\/media?parent=15463"}],"wp:term":[{"taxonomy":"category","embeddable":true,"href":"https:\/\/www.fener.org\/index.php\/wp-json\/wp\/v2\/categories?post=15463"},{"taxonomy":"post_tag","embeddable":true,"href":"https:\/\/www.fener.org\/index.php\/wp-json\/wp\/v2\/tags?post=15463"}],"curies":[{"name":"wp","href":"https:\/\/api.w.org\/{rel}","templated":true}]}}