{"id":15398,"date":"2021-12-11T18:23:46","date_gmt":"2021-12-11T15:23:46","guid":{"rendered":"https:\/\/www.fener.org\/?p=15398"},"modified":"2021-12-11T18:24:45","modified_gmt":"2021-12-11T15:24:45","slug":"fenerbahce-opet-3-1karayollari","status":"publish","type":"post","link":"https:\/\/www.fener.org\/index.php\/2021\/12\/11\/fenerbahce-opet-3-1karayollari\/","title":{"rendered":"Fenerbah\u00e7e Opet 3-1 Karayollar\u0131"},"content":{"rendered":"\n<p>Fenerbah\u00e7e Opet Kad\u0131n Voleybol Tak\u0131m\u0131m\u0131z, Misli.com Sultanlar Ligi 13 haftas\u0131nda Karayollar\u0131\u2019n\u0131 a\u011f\u0131rlad\u0131. Rakibini 3-1\u2019le ge\u00e7en Sar\u0131 Melekler, ligde ilk yar\u0131y\u0131 11 galibiyet, 2 ma\u011flubiyetle lider tamamlad\u0131. M\u00fccadelenin setleri 25-18, 24-26, 25-15, 25-19 sonu\u00e7land\u0131.<\/p>\n\n\n\n<p>Tak\u0131m\u0131m\u0131z, Burhan Felek Vestel Voleybol Salonu\u2019nda oynanan kar\u015f\u0131la\u015fmaya; Tutku Burcu Y\u00fczgen\u00e7, Ana Cristina De Souza, Dicle Nur Babat, Beliz Ba\u015fk\u0131r, Naz Aydemir Akyol, Meliha \u0130smailo\u011flu ve liberolar Gizem \u00d6rge-Cansu \u00c7etin\u2019le ba\u015flad\u0131.<\/p>\n\n\n\n<p>Sar\u0131 Melekler, ikinci b\u00f6l\u00fcmde yakalad\u0131\u011f\u0131 seriyle ilk seti 25-18 kazand\u0131.<\/p>\n\n\n\n<p>Kar\u015f\u0131l\u0131kl\u0131 say\u0131larla ba\u015flayan ikinci sette Dicle\u2019nin say\u0131s\u0131yla 10-9 \u00f6ne ge\u00e7en Tak\u0131m\u0131m\u0131z, Meliha ile de skoru 18-15\u2019e ta\u015f\u0131d\u0131. Setin sonunda konuk tak\u0131m 8-0\u2019l\u0131k seri yakalad\u0131 ve seti 24-26 ald\u0131.<\/p>\n\n\n\n<p>\u00dc\u00e7\u00fcnc\u00fc sette kontrol\u00fc eline alan ve son b\u00f6l\u00fcm\u00fcnde yakalad\u0131\u011f\u0131 seriyle seti 25-15 kazanan tak\u0131m\u0131m\u0131z, ma\u00e7ta 2-1 \u00f6ne ge\u00e7ti.<br><br>4-0\u2019l\u0131k seriyle ba\u015flad\u0131\u011f\u0131 d\u00f6rd\u00fcnc\u00fc sette fark\u0131 set boyuncu koruyan Fenerbah\u00e7e Opet, 25-19\u2019luk set sonucuyla ma\u00e7tan 3-1 galip ayr\u0131ld\u0131. Bu sonu\u00e7la 11. galibiyetine imza atan Sar\u0131 Melekler, 33 puanla ilk yar\u0131y\u0131 lider tamamlad\u0131. &nbsp;<br><br>Fenerbah\u00e7e Opet, Ankara\u2019ya gidiyor. Sar\u0131 Melekler, 14-19 Aral\u0131k 2021 tarihleri aras\u0131nda Ankara\u2019da d\u00fczenlenecek FIVB Kad\u0131nlar D\u00fcnya Kul\u00fcpler \u015eampiyonas\u0131\u2019nda m\u00fccadele edecek.<\/p>\n","protected":false},"excerpt":{"rendered":"<p>Fenerbah\u00e7e Opet Kad\u0131n Voleybol Tak\u0131m\u0131m\u0131z, Misli.com Sultanlar Ligi 13 haftas\u0131nda Karayollar\u0131\u2019n\u0131 a\u011f\u0131rlad\u0131. Rakibini 3-1\u2019le ge\u00e7en Sar\u0131 Melekler, ligde ilk yar\u0131y\u0131 11 galibiyet, 2 ma\u011flubiyetle lider tamamlad\u0131. M\u00fccadelenin setleri 25-18, 24-26, 25-15, 25-19 sonu\u00e7land\u0131. Tak\u0131m\u0131m\u0131z, Burhan Felek Vestel Voleybol Salonu\u2019nda oynanan kar\u015f\u0131la\u015fmaya; Tutku Burcu Y\u00fczgen\u00e7, Ana Cristina De Souza, Dicle Nur Babat, Beliz Ba\u015fk\u0131r, Naz Aydemir [&hellip;]<\/p>\n","protected":false},"author":1,"featured_media":15400,"comment_status":"closed","ping_status":"closed","sticky":false,"template":"","format":"standard","meta":{"jnews-multi-image_gallery":[],"jnews_single_post":{"subtitle":"Fenerbah\u00e7e Kad\u0131n Voleybol Tak\u0131m\u0131m\u0131z, Sultanlar Ligi 13 haftas\u0131nda sahas\u0131nda Karayollar\u0131 ile oynad\u0131\u011f\u0131 m\u00fccadeleyi 3-1 kazanarak ligde ilk yar\u0131y\u0131 lider tamamlad\u0131.","format":"standard","video":"","gallery":"","source_name":"","source_url":"","via_name":"","via_url":"","override":[{"template":"1","single_blog_custom":"","parallax":"1","fullscreen":"1","layout":"right-sidebar","sidebar":"default-sidebar","second_sidebar":"default-sidebar","sticky_sidebar":"1","share_position":"top","share_float_style":"share-monocrhome","show_share_counter":"1","show_view_counter":"1","show_featured":"1","show_post_meta":"1","show_post_author":"1","show_post_author_image":"1","show_post_date":"1","post_date_format":"default","post_date_format_custom":"Y\/m\/d","show_post_category":"1","post_reading_time_wpm":"300","zoom_button_out_step":"2","zoom_button_in_step":"3","show_post_tag":"1","show_prev_next_post":"1","show_popup_post":"1","number_popup_post":"1"}],"image_override":[{"single_post_thumbnail_size":"crop-500","single_post_gallery_size":"crop-500"}],"trending_post_position":"meta","trending_post_label":"Trending","sponsored_post_label":"Sponsored by","sponsored_post_name":"","sponsored_post_url":"","sponsored_post_logo":"","sponsored_post_desc":""},"jnews_primary_category":{"id":"8"},"jnews_social_meta":{"fb_title":"","fb_description":"","fb_image":"","twitter_title":"","twitter_description":"","twitter_image":""},"jnews_override_counter":{"view_counter_number":"0","share_counter_number":"0","like_counter_number":"0","dislike_counter_number":"0"},"footnotes":""},"categories":[2,10,8],"tags":[23,29],"class_list":["post-15398","post","type-post","status-publish","format-standard","has-post-thumbnail","hentry","category-haberler","category-kadin-voleybol","category-voleybol","tag-fenerbahce","tag-voleybol"],"amp_enabled":true,"_links":{"self":[{"href":"https:\/\/www.fener.org\/index.php\/wp-json\/wp\/v2\/posts\/15398","targetHints":{"allow":["GET"]}}],"collection":[{"href":"https:\/\/www.fener.org\/index.php\/wp-json\/wp\/v2\/posts"}],"about":[{"href":"https:\/\/www.fener.org\/index.php\/wp-json\/wp\/v2\/types\/post"}],"author":[{"embeddable":true,"href":"https:\/\/www.fener.org\/index.php\/wp-json\/wp\/v2\/users\/1"}],"replies":[{"embeddable":true,"href":"https:\/\/www.fener.org\/index.php\/wp-json\/wp\/v2\/comments?post=15398"}],"version-history":[{"count":2,"href":"https:\/\/www.fener.org\/index.php\/wp-json\/wp\/v2\/posts\/15398\/revisions"}],"predecessor-version":[{"id":15401,"href":"https:\/\/www.fener.org\/index.php\/wp-json\/wp\/v2\/posts\/15398\/revisions\/15401"}],"wp:featuredmedia":[{"embeddable":true,"href":"https:\/\/www.fener.org\/index.php\/wp-json\/wp\/v2\/media\/15400"}],"wp:attachment":[{"href":"https:\/\/www.fener.org\/index.php\/wp-json\/wp\/v2\/media?parent=15398"}],"wp:term":[{"taxonomy":"category","embeddable":true,"href":"https:\/\/www.fener.org\/index.php\/wp-json\/wp\/v2\/categories?post=15398"},{"taxonomy":"post_tag","embeddable":true,"href":"https:\/\/www.fener.org\/index.php\/wp-json\/wp\/v2\/tags?post=15398"}],"curies":[{"name":"wp","href":"https:\/\/api.w.org\/{rel}","templated":true}]}}