{"id":15381,"date":"2021-12-10T21:35:08","date_gmt":"2021-12-10T18:35:08","guid":{"rendered":"https:\/\/www.fener.org\/?p=15381"},"modified":"2021-12-10T21:35:12","modified_gmt":"2021-12-10T18:35:12","slug":"fenerbahce-opet-karayollarini-konuk-ediyor-2","status":"publish","type":"post","link":"https:\/\/www.fener.org\/index.php\/2021\/12\/10\/fenerbahce-opet-karayollarini-konuk-ediyor-2\/","title":{"rendered":"Fenerbah\u00e7e Opet, Karayollar\u0131&#8217;n\u0131 konuk ediyor"},"content":{"rendered":"\n<p>Fenerbah\u00e7e Opet Kad\u0131n Voleybol Tak\u0131m\u0131m\u0131z, Misli.com Sultanlar Ligi\u2019nde ilk devrenin son ma\u00e7\u0131na \u00e7\u0131k\u0131yor. 13. hafta ma\u00e7\u0131nda 11 Aral\u0131k Cumartesi g\u00fcn\u00fc saat 16.00\u2019da Karayollar\u0131 ile kar\u015f\u0131la\u015facak olan Tak\u0131m\u0131m\u0131z\u0131n bu m\u00fccadelesi Fenerbah\u00e7e TV ile Misli.Com Web ve Mobil TV\u2019den naklen yay\u0131nlanacak.<\/p>\n\n\n\n<p>Sar\u0131 Melekler ligde geride kalan 12 haftay\u0131; 10 galibiyet, 2 ma\u011flubiyetle ge\u00e7erken, Karayollar\u0131 ise 1 galibiyet, 11 ma\u011flubiyetle 14. ve son s\u0131rada yer al\u0131yor.<\/p>\n","protected":false},"excerpt":{"rendered":"<p>Fenerbah\u00e7e Opet Kad\u0131n Voleybol Tak\u0131m\u0131m\u0131z, Misli.com Sultanlar Ligi\u2019nde ilk devrenin son ma\u00e7\u0131na \u00e7\u0131k\u0131yor. 13. hafta ma\u00e7\u0131nda 11 Aral\u0131k Cumartesi g\u00fcn\u00fc saat 16.00\u2019da Karayollar\u0131 ile kar\u015f\u0131la\u015facak olan Tak\u0131m\u0131m\u0131z\u0131n bu m\u00fccadelesi Fenerbah\u00e7e TV ile Misli.Com Web ve Mobil TV\u2019den naklen yay\u0131nlanacak. Sar\u0131 Melekler ligde geride kalan 12 haftay\u0131; 10 galibiyet, 2 ma\u011flubiyetle ge\u00e7erken, Karayollar\u0131 ise 1 galibiyet, [&hellip;]<\/p>\n","protected":false},"author":1,"featured_media":15000,"comment_status":"closed","ping_status":"closed","sticky":false,"template":"","format":"standard","meta":{"jnews-multi-image_gallery":[],"jnews_single_post":{"subtitle":"Fenerbah\u00e7e Kad\u0131n Voleybol Tak\u0131m\u0131m\u0131z, Sultanlar Ligi\u2019nde ilk devrenin 13. hafta ve son ma\u00e7\u0131nda deplasmanda Karayollar\u0131 ile m\u00fccadele edecek.","format":"standard","video":"","gallery":"","source_name":"","source_url":"","via_name":"","via_url":"","override":[{"template":"1","single_blog_custom":"","parallax":"1","fullscreen":"1","layout":"right-sidebar","sidebar":"default-sidebar","second_sidebar":"default-sidebar","sticky_sidebar":"1","share_position":"top","share_float_style":"share-monocrhome","show_share_counter":"1","show_view_counter":"1","show_featured":"1","show_post_meta":"1","show_post_author":"1","show_post_author_image":"1","show_post_date":"1","post_date_format":"default","post_date_format_custom":"Y\/m\/d","show_post_category":"1","post_reading_time_wpm":"300","zoom_button_out_step":"2","zoom_button_in_step":"3","show_post_tag":"1","show_prev_next_post":"1","show_popup_post":"1","number_popup_post":"1"}],"image_override":[{"single_post_thumbnail_size":"crop-500","single_post_gallery_size":"crop-500"}],"trending_post_position":"meta","trending_post_label":"Trending","sponsored_post_label":"Sponsored by","sponsored_post_name":"","sponsored_post_url":"","sponsored_post_logo":"","sponsored_post_desc":""},"jnews_primary_category":{"id":"8"},"jnews_social_meta":{"fb_title":"","fb_description":"","fb_image":"","twitter_title":"","twitter_description":"","twitter_image":""},"jnews_override_counter":{"view_counter_number":"0","share_counter_number":"0","like_counter_number":"0","dislike_counter_number":"0"},"footnotes":""},"categories":[2,10,8],"tags":[23,29],"class_list":["post-15381","post","type-post","status-publish","format-standard","has-post-thumbnail","hentry","category-haberler","category-kadin-voleybol","category-voleybol","tag-fenerbahce","tag-voleybol"],"amp_enabled":true,"_links":{"self":[{"href":"https:\/\/www.fener.org\/index.php\/wp-json\/wp\/v2\/posts\/15381","targetHints":{"allow":["GET"]}}],"collection":[{"href":"https:\/\/www.fener.org\/index.php\/wp-json\/wp\/v2\/posts"}],"about":[{"href":"https:\/\/www.fener.org\/index.php\/wp-json\/wp\/v2\/types\/post"}],"author":[{"embeddable":true,"href":"https:\/\/www.fener.org\/index.php\/wp-json\/wp\/v2\/users\/1"}],"replies":[{"embeddable":true,"href":"https:\/\/www.fener.org\/index.php\/wp-json\/wp\/v2\/comments?post=15381"}],"version-history":[{"count":1,"href":"https:\/\/www.fener.org\/index.php\/wp-json\/wp\/v2\/posts\/15381\/revisions"}],"predecessor-version":[{"id":15382,"href":"https:\/\/www.fener.org\/index.php\/wp-json\/wp\/v2\/posts\/15381\/revisions\/15382"}],"wp:featuredmedia":[{"embeddable":true,"href":"https:\/\/www.fener.org\/index.php\/wp-json\/wp\/v2\/media\/15000"}],"wp:attachment":[{"href":"https:\/\/www.fener.org\/index.php\/wp-json\/wp\/v2\/media?parent=15381"}],"wp:term":[{"taxonomy":"category","embeddable":true,"href":"https:\/\/www.fener.org\/index.php\/wp-json\/wp\/v2\/categories?post=15381"},{"taxonomy":"post_tag","embeddable":true,"href":"https:\/\/www.fener.org\/index.php\/wp-json\/wp\/v2\/tags?post=15381"}],"curies":[{"name":"wp","href":"https:\/\/api.w.org\/{rel}","templated":true}]}}