{"id":15221,"date":"2021-11-30T14:08:54","date_gmt":"2021-11-30T11:08:54","guid":{"rendered":"https:\/\/www.fener.org\/?p=15221"},"modified":"2021-11-30T14:08:59","modified_gmt":"2021-11-30T11:08:59","slug":"fenerbahcede-caykur-rizespor-maci-hazirliklari-basladi-2","status":"publish","type":"post","link":"https:\/\/www.fener.org\/index.php\/2021\/11\/30\/fenerbahcede-caykur-rizespor-maci-hazirliklari-basladi-2\/","title":{"rendered":"Fenerbah\u00e7e&#8217;de \u00c7aykur Rizespor ma\u00e7\u0131 haz\u0131rl\u0131klar\u0131 ba\u015flad\u0131"},"content":{"rendered":"\n<p>Fenerbah\u00e7emiz, S\u00fcper Lig\u2019in 15. haftas\u0131nda 5 Aral\u0131k Pazar g\u00fcn\u00fc saat 19.00\u2019da \u00dclker Stadyumu Fenerbah\u00e7e \u015e\u00fckr\u00fc Saraco\u011flu Spor Kompleksi\u2019nde \u00c7aykur Rizespor ile oynayaca\u011f\u0131 ma\u00e7\u0131n haz\u0131rl\u0131klar\u0131na bug\u00fcn Can Bartu Tesislerimizde yapt\u0131\u011f\u0131 antrenmanla ba\u015flad\u0131.<br>\u00a0<br>D\u00fcn G\u00f6ztepe ile oynad\u0131\u011f\u0131m\u0131z kar\u015f\u0131la\u015fmada g\u00f6rev alan oyuncular\u0131m\u0131z idman\u0131 salonda yapt\u0131klar\u0131 rejenerasyon \u00e7al\u0131\u015fmas\u0131yla tamamlad\u0131. Di\u011fer oyuncular\u0131m\u0131z salonda ger\u00e7ekle\u015ftirilen idmanda \u0131s\u0131nma hareketlerinin ard\u0131ndan kuvvet ve dayan\u0131kl\u0131l\u0131k \u00e7al\u0131\u015fmalar\u0131 yapt\u0131.<br>\u00a0<br>Altay Bay\u0131nd\u0131r ve Enner Valencia, g\u00fcn\u00fc bireysel \u00e7al\u0131\u015fmalarla tamamlad\u0131.<\/p>\n","protected":false},"excerpt":{"rendered":"<p>Fenerbah\u00e7emiz, S\u00fcper Lig\u2019in 15. haftas\u0131nda 5 Aral\u0131k Pazar g\u00fcn\u00fc saat 19.00\u2019da \u00dclker Stadyumu Fenerbah\u00e7e \u015e\u00fckr\u00fc Saraco\u011flu Spor Kompleksi\u2019nde \u00c7aykur Rizespor ile oynayaca\u011f\u0131 ma\u00e7\u0131n haz\u0131rl\u0131klar\u0131na bug\u00fcn Can Bartu Tesislerimizde yapt\u0131\u011f\u0131 antrenmanla ba\u015flad\u0131.\u00a0D\u00fcn G\u00f6ztepe ile oynad\u0131\u011f\u0131m\u0131z kar\u015f\u0131la\u015fmada g\u00f6rev alan oyuncular\u0131m\u0131z idman\u0131 salonda yapt\u0131klar\u0131 rejenerasyon \u00e7al\u0131\u015fmas\u0131yla tamamlad\u0131. Di\u011fer oyuncular\u0131m\u0131z salonda ger\u00e7ekle\u015ftirilen idmanda \u0131s\u0131nma hareketlerinin ard\u0131ndan kuvvet ve dayan\u0131kl\u0131l\u0131k [&hellip;]<\/p>\n","protected":false},"author":1,"featured_media":15222,"comment_status":"closed","ping_status":"closed","sticky":false,"template":"","format":"standard","meta":{"jnews-multi-image_gallery":[],"jnews_single_post":{"subtitle":"","format":"standard","video":"","gallery":"","source_name":"","source_url":"","via_name":"","via_url":"","override":[{"template":"1","single_blog_custom":"","parallax":"1","fullscreen":"1","layout":"right-sidebar","sidebar":"default-sidebar","second_sidebar":"default-sidebar","sticky_sidebar":"1","share_position":"top","share_float_style":"share-monocrhome","show_share_counter":"1","show_view_counter":"1","show_featured":"1","show_post_meta":"1","show_post_author":"1","show_post_author_image":"1","show_post_date":"1","post_date_format":"default","post_date_format_custom":"Y\/m\/d","show_post_category":"1","post_reading_time_wpm":"300","zoom_button_out_step":"2","zoom_button_in_step":"3","show_post_tag":"1","show_prev_next_post":"1","show_popup_post":"1","number_popup_post":"1"}],"image_override":[{"single_post_thumbnail_size":"crop-500","single_post_gallery_size":"crop-500"}],"trending_post_position":"meta","trending_post_label":"Trending","sponsored_post_label":"Sponsored by","sponsored_post_name":"","sponsored_post_url":"","sponsored_post_logo":"","sponsored_post_desc":""},"jnews_primary_category":{"id":"4"},"jnews_social_meta":{"fb_title":"","fb_description":"","fb_image":"","twitter_title":"","twitter_description":"","twitter_image":""},"jnews_override_counter":{"view_counter_number":"0","share_counter_number":"0","like_counter_number":"0","dislike_counter_number":"0"},"footnotes":""},"categories":[4,2,47],"tags":[23,54],"class_list":["post-15221","post","type-post","status-publish","format-standard","has-post-thumbnail","hentry","category-futbol","category-haberler","category-profesyonel-a-futbol-takimi","tag-fenerbahce","tag-futbol"],"amp_enabled":true,"_links":{"self":[{"href":"https:\/\/www.fener.org\/index.php\/wp-json\/wp\/v2\/posts\/15221","targetHints":{"allow":["GET"]}}],"collection":[{"href":"https:\/\/www.fener.org\/index.php\/wp-json\/wp\/v2\/posts"}],"about":[{"href":"https:\/\/www.fener.org\/index.php\/wp-json\/wp\/v2\/types\/post"}],"author":[{"embeddable":true,"href":"https:\/\/www.fener.org\/index.php\/wp-json\/wp\/v2\/users\/1"}],"replies":[{"embeddable":true,"href":"https:\/\/www.fener.org\/index.php\/wp-json\/wp\/v2\/comments?post=15221"}],"version-history":[{"count":1,"href":"https:\/\/www.fener.org\/index.php\/wp-json\/wp\/v2\/posts\/15221\/revisions"}],"predecessor-version":[{"id":15223,"href":"https:\/\/www.fener.org\/index.php\/wp-json\/wp\/v2\/posts\/15221\/revisions\/15223"}],"wp:featuredmedia":[{"embeddable":true,"href":"https:\/\/www.fener.org\/index.php\/wp-json\/wp\/v2\/media\/15222"}],"wp:attachment":[{"href":"https:\/\/www.fener.org\/index.php\/wp-json\/wp\/v2\/media?parent=15221"}],"wp:term":[{"taxonomy":"category","embeddable":true,"href":"https:\/\/www.fener.org\/index.php\/wp-json\/wp\/v2\/categories?post=15221"},{"taxonomy":"post_tag","embeddable":true,"href":"https:\/\/www.fener.org\/index.php\/wp-json\/wp\/v2\/tags?post=15221"}],"curies":[{"name":"wp","href":"https:\/\/api.w.org\/{rel}","templated":true}]}}