{"id":15167,"date":"2021-11-26T08:42:12","date_gmt":"2021-11-26T05:42:12","guid":{"rendered":"https:\/\/www.fener.org\/?p=15167"},"modified":"2021-11-26T08:42:21","modified_gmt":"2021-11-26T05:42:21","slug":"vitor-pereira-bu-sonucu-kabul-etmek-benim-icin-zor","status":"publish","type":"post","link":"https:\/\/www.fener.org\/index.php\/2021\/11\/26\/vitor-pereira-bu-sonucu-kabul-etmek-benim-icin-zor\/","title":{"rendered":"Vitor Pereira: Bu sonucu kabul etmek benim i\u00e7in zor"},"content":{"rendered":"\n<p>Teknik Direkt\u00f6r\u00fcm\u00fcz Vitor Pereira, UEFA Avrupa Ligi\u2019nin be\u015finci haftas\u0131nda deplasmanda Olympiacos ile oynad\u0131\u011f\u0131m\u0131z kar\u015f\u0131la\u015fman\u0131n ard\u0131ndan yay\u0131nc\u0131 kurulu\u015fa yapt\u0131\u011f\u0131 a\u00e7\u0131klamada \u015funlar\u0131 s\u00f6yledi:<\/p>\n\n\n\n<blockquote class=\"wp-block-quote is-layout-flow wp-block-quote-is-layout-flow\"><p>\u201cB\u00f6yle bir ma\u00e7\u0131 anlatmak tabii ki zor. \u00c7\u00fcnk\u00fc son saniyede, son dakikada kendi yapm\u0131\u015f oldu\u011fumuz hatadan dolay\u0131 yemi\u015f oldu\u011fumuz bir golle kaybetmek ger\u00e7ekten \u00fcz\u00fcc\u00fc. Bizden daha tecr\u00fcbeli bir tak\u0131ma kar\u015f\u0131 oynad\u0131k ve son dakikaya kadar m\u00fccadele ettik. E\u011fer sonu\u00e7 0-0 olsayd\u0131 kabul edebilirdim ama bu sonucu kabul etmek benim i\u00e7in zor. Son dakikada, son saniyede bir gol yedik ve orada topu kontrol edebilecek \u00fc\u00e7 tane oyuncumuz vard\u0131. Biz, gen\u00e7 bir tak\u0131m\u0131z, gen\u00e7 oyunculardan olu\u015fan bir tak\u0131m\u0131z. Bu tarz turnuvalarda bir hata yapt\u0131\u011f\u0131n\u0131z zaman rakibiniz gol\u00fc at\u0131yor. \u015eimdi yapmam\u0131z gereken \u015fey gelece\u011fe bakmak, lige bakmak, Konferans Ligi\u2019ne bakmak, dinlenmek ve bir sonraki oynayaca\u011f\u0131m\u0131z G\u00f6ztepe ma\u00e7\u0131na haz\u0131rlanmak.\u201d<\/p><\/blockquote>\n","protected":false},"excerpt":{"rendered":"<p>Teknik Direkt\u00f6r\u00fcm\u00fcz Vitor Pereira, UEFA Avrupa Ligi\u2019nin be\u015finci haftas\u0131nda deplasmanda Olympiacos ile oynad\u0131\u011f\u0131m\u0131z kar\u015f\u0131la\u015fman\u0131n ard\u0131ndan yay\u0131nc\u0131 kurulu\u015fa yapt\u0131\u011f\u0131 a\u00e7\u0131klamada \u015funlar\u0131 s\u00f6yledi: \u201cB\u00f6yle bir ma\u00e7\u0131 anlatmak tabii ki zor. \u00c7\u00fcnk\u00fc son saniyede, son dakikada kendi yapm\u0131\u015f oldu\u011fumuz hatadan dolay\u0131 yemi\u015f oldu\u011fumuz bir golle kaybetmek ger\u00e7ekten \u00fcz\u00fcc\u00fc. Bizden daha tecr\u00fcbeli bir tak\u0131ma kar\u015f\u0131 oynad\u0131k ve son dakikaya [&hellip;]<\/p>\n","protected":false},"author":1,"featured_media":14782,"comment_status":"closed","ping_status":"closed","sticky":false,"template":"","format":"standard","meta":{"jnews-multi-image_gallery":[],"jnews_single_post":{"subtitle":"Fenerbah\u00e7e Teknik Direkt\u00f6r\u00fc Vitor Pereira, sar\u0131-lacivertlilerin UEFA Avrupa Ligi D Grubu 5. hafta ma\u00e7\u0131nda deplasmanda Olympiacos\u2019a 1-0 ma\u011flup oldu\u011fu m\u00fccadelenin ard\u0131ndan a\u00e7\u0131klamalarda bulundu.","format":"standard","video":"","gallery":"","source_name":"","source_url":"","via_name":"","via_url":"","override":[{"template":"1","single_blog_custom":"","parallax":"1","fullscreen":"1","layout":"right-sidebar","sidebar":"default-sidebar","second_sidebar":"default-sidebar","sticky_sidebar":"1","share_position":"top","share_float_style":"share-monocrhome","show_share_counter":"1","show_view_counter":"1","show_featured":"1","show_post_meta":"1","show_post_author":"1","show_post_author_image":"1","show_post_date":"1","post_date_format":"default","post_date_format_custom":"Y\/m\/d","show_post_category":"1","post_reading_time_wpm":"300","zoom_button_out_step":"2","zoom_button_in_step":"3","show_post_tag":"1","show_prev_next_post":"1","show_popup_post":"1","number_popup_post":"1"}],"image_override":[{"single_post_thumbnail_size":"crop-500","single_post_gallery_size":"crop-500"}],"trending_post_position":"meta","trending_post_label":"Trending","sponsored_post_label":"Sponsored by","sponsored_post_name":"","sponsored_post_url":"","sponsored_post_logo":"","sponsored_post_desc":""},"jnews_primary_category":{"id":"4"},"jnews_social_meta":{"fb_title":"","fb_description":"","fb_image":"","twitter_title":"","twitter_description":"","twitter_image":""},"jnews_override_counter":{"view_counter_number":"0","share_counter_number":"0","like_counter_number":"0","dislike_counter_number":"0"},"footnotes":""},"categories":[4,2,47],"tags":[23,54],"class_list":["post-15167","post","type-post","status-publish","format-standard","has-post-thumbnail","hentry","category-futbol","category-haberler","category-profesyonel-a-futbol-takimi","tag-fenerbahce","tag-futbol"],"amp_enabled":true,"_links":{"self":[{"href":"https:\/\/www.fener.org\/index.php\/wp-json\/wp\/v2\/posts\/15167","targetHints":{"allow":["GET"]}}],"collection":[{"href":"https:\/\/www.fener.org\/index.php\/wp-json\/wp\/v2\/posts"}],"about":[{"href":"https:\/\/www.fener.org\/index.php\/wp-json\/wp\/v2\/types\/post"}],"author":[{"embeddable":true,"href":"https:\/\/www.fener.org\/index.php\/wp-json\/wp\/v2\/users\/1"}],"replies":[{"embeddable":true,"href":"https:\/\/www.fener.org\/index.php\/wp-json\/wp\/v2\/comments?post=15167"}],"version-history":[{"count":3,"href":"https:\/\/www.fener.org\/index.php\/wp-json\/wp\/v2\/posts\/15167\/revisions"}],"predecessor-version":[{"id":15170,"href":"https:\/\/www.fener.org\/index.php\/wp-json\/wp\/v2\/posts\/15167\/revisions\/15170"}],"wp:featuredmedia":[{"embeddable":true,"href":"https:\/\/www.fener.org\/index.php\/wp-json\/wp\/v2\/media\/14782"}],"wp:attachment":[{"href":"https:\/\/www.fener.org\/index.php\/wp-json\/wp\/v2\/media?parent=15167"}],"wp:term":[{"taxonomy":"category","embeddable":true,"href":"https:\/\/www.fener.org\/index.php\/wp-json\/wp\/v2\/categories?post=15167"},{"taxonomy":"post_tag","embeddable":true,"href":"https:\/\/www.fener.org\/index.php\/wp-json\/wp\/v2\/tags?post=15167"}],"curies":[{"name":"wp","href":"https:\/\/api.w.org\/{rel}","templated":true}]}}