{"id":15094,"date":"2021-11-20T00:22:57","date_gmt":"2021-11-19T21:22:57","guid":{"rendered":"https:\/\/www.fener.org\/?p=15094"},"modified":"2021-11-20T00:23:02","modified_gmt":"2021-11-19T21:23:02","slug":"aleksandar-djordjevic-skor-olarak-yaklastigimizda-canimizi-yakan-uclukleri-oldu","status":"publish","type":"post","link":"https:\/\/www.fener.org\/index.php\/2021\/11\/20\/aleksandar-djordjevic-skor-olarak-yaklastigimizda-canimizi-yakan-uclukleri-oldu\/","title":{"rendered":"Aleksandar Djordjevic: Skor olarak yakla\u015ft\u0131\u011f\u0131m\u0131zda can\u0131m\u0131z\u0131 yakan \u00fc\u00e7l\u00fckleri oldu"},"content":{"rendered":"\n<p>Zalgiris Kaunas kar\u015f\u0131s\u0131nda al\u0131nan 86-75\u2019lik ma\u011flubiyetin ard\u0131ndan FB TV\u2019ye de\u011ferlendirmede bulunan Ba\u015fantren\u00f6r\u00fcm\u00fcz Aleksandar Djordjevic, \u015funlar\u0131 s\u00f6yledi:<\/p>\n\n\n\n<blockquote class=\"wp-block-quote is-layout-flow wp-block-quote-is-layout-flow\"><p>&#8220;\u0130kinci \u00e7eyrek, ger\u00e7ekten bu tarz bir atmosferde bu \u015fekilde oynanmamal\u0131. Her pozisyonda sorumlulu\u011fu alman\u0131z gerekiyor. Sorumlu olmak gerekiyor. \u00dc\u00e7\u00fcnc\u00fc \u00e7eyre\u011fe \u00e7ok daha iyi ba\u015flad\u0131k. Hep bir top yakla\u015ft\u0131k ama \u015futlar, at\u0131\u015flar geldi. \u00d6zellikle Kalnietis muhte\u015fem oynad\u0131. \u00c7ok iyi oyun kurdu. 11 say\u0131,11 asistle oynad\u0131. Ulanovas\u2019\u0131n da inan\u0131lmaz \u015futlar\u0131 oldu. \u00d6zellikle skor olarak yakla\u015ft\u0131\u011f\u0131m\u0131zda can\u0131m\u0131z\u0131 yakan \u00fc\u00e7l\u00fckleri oldu.&#8221;<\/p><\/blockquote>\n","protected":false},"excerpt":{"rendered":"<p>Zalgiris Kaunas kar\u015f\u0131s\u0131nda al\u0131nan 86-75\u2019lik ma\u011flubiyetin ard\u0131ndan FB TV\u2019ye de\u011ferlendirmede bulunan Ba\u015fantren\u00f6r\u00fcm\u00fcz Aleksandar Djordjevic, \u015funlar\u0131 s\u00f6yledi: &#8220;\u0130kinci \u00e7eyrek, ger\u00e7ekten bu tarz bir atmosferde bu \u015fekilde oynanmamal\u0131. Her pozisyonda sorumlulu\u011fu alman\u0131z gerekiyor. Sorumlu olmak gerekiyor. \u00dc\u00e7\u00fcnc\u00fc \u00e7eyre\u011fe \u00e7ok daha iyi ba\u015flad\u0131k. Hep bir top yakla\u015ft\u0131k ama \u015futlar, at\u0131\u015flar geldi. \u00d6zellikle Kalnietis muhte\u015fem oynad\u0131. \u00c7ok iyi oyun [&hellip;]<\/p>\n","protected":false},"author":1,"featured_media":14700,"comment_status":"closed","ping_status":"closed","sticky":false,"template":"","format":"standard","meta":{"jnews-multi-image_gallery":[],"jnews_single_post":{"subtitle":"Fenerbah\u00e7e Erkek Basketbol Tak\u0131m\u0131m\u0131z\u0131n Ba\u015fantren\u00f6r\u00fc Aleksandar Djordjevic, tak\u0131m\u0131m\u0131z\u0131n Zalgiris Kaunas kar\u015f\u0131s\u0131nda deplasmanda ald\u0131\u011f\u0131 ma\u011flubiyetin ard\u0131ndan a\u00e7\u0131klamalarda bulundu.","format":"standard","video":"","gallery":"","source_name":"","source_url":"","via_name":"","via_url":"","override":[{"template":"1","single_blog_custom":"","parallax":"1","fullscreen":"1","layout":"right-sidebar","sidebar":"default-sidebar","second_sidebar":"default-sidebar","sticky_sidebar":"1","share_position":"top","share_float_style":"share-monocrhome","show_share_counter":"1","show_view_counter":"1","show_featured":"1","show_post_meta":"1","show_post_author":"1","show_post_author_image":"1","show_post_date":"1","post_date_format":"default","post_date_format_custom":"Y\/m\/d","show_post_category":"1","post_reading_time_wpm":"300","zoom_button_out_step":"2","zoom_button_in_step":"3","show_post_tag":"1","show_prev_next_post":"1","show_popup_post":"1","number_popup_post":"1"}],"image_override":[{"single_post_thumbnail_size":"crop-500","single_post_gallery_size":"crop-500"}],"trending_post_position":"meta","trending_post_label":"Trending","sponsored_post_label":"Sponsored by","sponsored_post_name":"","sponsored_post_url":"","sponsored_post_logo":"","sponsored_post_desc":""},"jnews_primary_category":{"id":"5"},"jnews_social_meta":{"fb_title":"","fb_description":"","fb_image":"","twitter_title":"","twitter_description":"","twitter_image":""},"jnews_override_counter":{"view_counter_number":"0","share_counter_number":"0","like_counter_number":"0","dislike_counter_number":"0"},"footnotes":""},"categories":[5,6,2],"tags":[24,74,23],"class_list":["post-15094","post","type-post","status-publish","format-standard","has-post-thumbnail","hentry","category-basketbol","category-erkek-basketbol","category-haberler","tag-basketbol","tag-euroleague","tag-fenerbahce"],"amp_enabled":true,"_links":{"self":[{"href":"https:\/\/www.fener.org\/index.php\/wp-json\/wp\/v2\/posts\/15094","targetHints":{"allow":["GET"]}}],"collection":[{"href":"https:\/\/www.fener.org\/index.php\/wp-json\/wp\/v2\/posts"}],"about":[{"href":"https:\/\/www.fener.org\/index.php\/wp-json\/wp\/v2\/types\/post"}],"author":[{"embeddable":true,"href":"https:\/\/www.fener.org\/index.php\/wp-json\/wp\/v2\/users\/1"}],"replies":[{"embeddable":true,"href":"https:\/\/www.fener.org\/index.php\/wp-json\/wp\/v2\/comments?post=15094"}],"version-history":[{"count":2,"href":"https:\/\/www.fener.org\/index.php\/wp-json\/wp\/v2\/posts\/15094\/revisions"}],"predecessor-version":[{"id":15096,"href":"https:\/\/www.fener.org\/index.php\/wp-json\/wp\/v2\/posts\/15094\/revisions\/15096"}],"wp:featuredmedia":[{"embeddable":true,"href":"https:\/\/www.fener.org\/index.php\/wp-json\/wp\/v2\/media\/14700"}],"wp:attachment":[{"href":"https:\/\/www.fener.org\/index.php\/wp-json\/wp\/v2\/media?parent=15094"}],"wp:term":[{"taxonomy":"category","embeddable":true,"href":"https:\/\/www.fener.org\/index.php\/wp-json\/wp\/v2\/categories?post=15094"},{"taxonomy":"post_tag","embeddable":true,"href":"https:\/\/www.fener.org\/index.php\/wp-json\/wp\/v2\/tags?post=15094"}],"curies":[{"name":"wp","href":"https:\/\/api.w.org\/{rel}","templated":true}]}}