{"id":15081,"date":"2021-11-18T16:05:53","date_gmt":"2021-11-18T13:05:53","guid":{"rendered":"https:\/\/www.fener.org\/?p=15081"},"modified":"2021-11-18T16:05:58","modified_gmt":"2021-11-18T13:05:58","slug":"galatasaray-fenerbahce-macinin-hakemleri-belli-oldu","status":"publish","type":"post","link":"https:\/\/www.fener.org\/index.php\/2021\/11\/18\/galatasaray-fenerbahce-macinin-hakemleri-belli-oldu\/","title":{"rendered":"Galatasaray-Fenerbah\u00e7e ma\u00e7\u0131n\u0131n hakemleri belli oldu"},"content":{"rendered":"\n<p>Fenerbah\u00e7emiz ile Galatasaray aras\u0131nda oynanacak derbi ma\u00e7\u0131n\u0131 hakem Halil Umut Meler y\u00f6netecek.<br>\u00a0<br>S\u00fcper Lig\u2019de 13. hafta ma\u00e7lar\u0131n\u0131 y\u00f6netecek hakemler belli oldu. 21 Kas\u0131m Pazar g\u00fcn\u00fc Ali Sami Yen Spor Kompleksi Nef Stadyumu\u2019nda oynanacak Galatasaray-Fenerbah\u00e7e ma\u00e7\u0131nda Halil Umut Meler d\u00fcd\u00fck \u00e7alacak. Meler\u2019in yard\u0131mc\u0131l\u0131klar\u0131n\u0131 Mustafa Emre Eyisoy ile \u0130brahim \u00c7a\u011flar Uyarcan yapacak. M\u00fccadelenin 4. hakemi ise Erkan \u00d6zdamar.<\/p>\n","protected":false},"excerpt":{"rendered":"<p>Fenerbah\u00e7emiz ile Galatasaray aras\u0131nda oynanacak derbi ma\u00e7\u0131n\u0131 hakem Halil Umut Meler y\u00f6netecek.\u00a0S\u00fcper Lig\u2019de 13. hafta ma\u00e7lar\u0131n\u0131 y\u00f6netecek hakemler belli oldu. 21 Kas\u0131m Pazar g\u00fcn\u00fc Ali Sami Yen Spor Kompleksi Nef Stadyumu\u2019nda oynanacak Galatasaray-Fenerbah\u00e7e ma\u00e7\u0131nda Halil Umut Meler d\u00fcd\u00fck \u00e7alacak. Meler\u2019in yard\u0131mc\u0131l\u0131klar\u0131n\u0131 Mustafa Emre Eyisoy ile \u0130brahim \u00c7a\u011flar Uyarcan yapacak. M\u00fccadelenin 4. hakemi ise Erkan \u00d6zdamar.<\/p>\n","protected":false},"author":1,"featured_media":3361,"comment_status":"closed","ping_status":"closed","sticky":false,"template":"","format":"standard","meta":{"jnews-multi-image_gallery":[],"jnews_single_post":{"subtitle":"Fenerbah\u00e7e ile Galatasaray aras\u0131nda oynanacak derbi ma\u00e7\u0131n\u0131 hakem Halil Umut Meler y\u00f6netecek.","format":"standard","video":"","gallery":"","source_name":"","source_url":"","via_name":"","via_url":"","override":[{"template":"1","single_blog_custom":"","parallax":"1","fullscreen":"1","layout":"right-sidebar","sidebar":"default-sidebar","second_sidebar":"default-sidebar","sticky_sidebar":"1","share_position":"top","share_float_style":"share-monocrhome","show_share_counter":"1","show_view_counter":"1","show_featured":"1","show_post_meta":"1","show_post_author":"1","show_post_author_image":"1","show_post_date":"1","post_date_format":"default","post_date_format_custom":"Y\/m\/d","show_post_category":"1","post_reading_time_wpm":"300","zoom_button_out_step":"2","zoom_button_in_step":"3","show_post_tag":"1","show_prev_next_post":"1","show_popup_post":"1","number_popup_post":"1"}],"image_override":[{"single_post_thumbnail_size":"crop-500","single_post_gallery_size":"crop-500"}],"trending_post_position":"meta","trending_post_label":"Trending","sponsored_post_label":"Sponsored by","sponsored_post_name":"","sponsored_post_url":"","sponsored_post_logo":"","sponsored_post_desc":""},"jnews_primary_category":{"id":"4"},"jnews_social_meta":{"fb_title":"","fb_description":"","fb_image":"","twitter_title":"","twitter_description":"","twitter_image":""},"jnews_override_counter":{"view_counter_number":"0","share_counter_number":"0","like_counter_number":"0","dislike_counter_number":"0"},"footnotes":""},"categories":[4,2,47],"tags":[23,54],"class_list":["post-15081","post","type-post","status-publish","format-standard","has-post-thumbnail","hentry","category-futbol","category-haberler","category-profesyonel-a-futbol-takimi","tag-fenerbahce","tag-futbol"],"amp_enabled":true,"_links":{"self":[{"href":"https:\/\/www.fener.org\/index.php\/wp-json\/wp\/v2\/posts\/15081","targetHints":{"allow":["GET"]}}],"collection":[{"href":"https:\/\/www.fener.org\/index.php\/wp-json\/wp\/v2\/posts"}],"about":[{"href":"https:\/\/www.fener.org\/index.php\/wp-json\/wp\/v2\/types\/post"}],"author":[{"embeddable":true,"href":"https:\/\/www.fener.org\/index.php\/wp-json\/wp\/v2\/users\/1"}],"replies":[{"embeddable":true,"href":"https:\/\/www.fener.org\/index.php\/wp-json\/wp\/v2\/comments?post=15081"}],"version-history":[{"count":1,"href":"https:\/\/www.fener.org\/index.php\/wp-json\/wp\/v2\/posts\/15081\/revisions"}],"predecessor-version":[{"id":15082,"href":"https:\/\/www.fener.org\/index.php\/wp-json\/wp\/v2\/posts\/15081\/revisions\/15082"}],"wp:featuredmedia":[{"embeddable":true,"href":"https:\/\/www.fener.org\/index.php\/wp-json\/wp\/v2\/media\/3361"}],"wp:attachment":[{"href":"https:\/\/www.fener.org\/index.php\/wp-json\/wp\/v2\/media?parent=15081"}],"wp:term":[{"taxonomy":"category","embeddable":true,"href":"https:\/\/www.fener.org\/index.php\/wp-json\/wp\/v2\/categories?post=15081"},{"taxonomy":"post_tag","embeddable":true,"href":"https:\/\/www.fener.org\/index.php\/wp-json\/wp\/v2\/tags?post=15081"}],"curies":[{"name":"wp","href":"https:\/\/api.w.org\/{rel}","templated":true}]}}