{"id":15057,"date":"2021-11-14T22:03:19","date_gmt":"2021-11-14T19:03:19","guid":{"rendered":"https:\/\/www.fener.org\/?p=15057"},"modified":"2021-11-14T22:03:26","modified_gmt":"2021-11-14T19:03:26","slug":"yelkencilerimizden-ilca-7-dunya-sampiyonasinda-onemli-basari","status":"publish","type":"post","link":"https:\/\/www.fener.org\/index.php\/2021\/11\/14\/yelkencilerimizden-ilca-7-dunya-sampiyonasinda-onemli-basari\/","title":{"rendered":"Yelkencilerimizden ILCA 7 D\u00fcnya \u015eampiyonas\u0131\u2019nda \u00f6nemli ba\u015far\u0131"},"content":{"rendered":"\n<p>ILCA 7 D\u00fcnya \u015eampiyonas\u0131, 3-10 Kas\u0131m tarihlerinde \u0130spanya\/Barselona\u2019da ger\u00e7ekle\u015ftirildi. 135 sporcunun m\u00fccadele etti\u011fi \u015fampiyonada 2024 Olimpiyat Oyunlar\u0131\u2019na bu s\u0131n\u0131fta haz\u0131rlanan sporcular\u0131m\u0131z b\u00fcy\u00fck ba\u015far\u0131 elde etti.<br>&nbsp;<br>Bu s\u0131n\u0131fta 1 hafta \u00f6nce T\u00fcrkiye \u015eampiyonu olan sporcumuz Berkay Abay, D\u00fcnya \u015eampiyonas\u0131n\u0131 23. s\u0131rada tamamlayarak \u00fclkemize tarihindeki en iyi derecelerden birini kazand\u0131rd\u0131. Yine bu s\u0131n\u0131fta T\u00fcrkiye ikincisi olan sporcumuz Yi\u011fit Yal\u00e7\u0131n \u00c7\u0131tak, D\u00fcnya \u015eampiyonas\u0131n\u0131 41. s\u0131rada tamamlarken U21 kategorisinde D\u00fcnya 5.\u2019si oldu.<\/p>\n","protected":false},"excerpt":{"rendered":"<p>ILCA 7 D\u00fcnya \u015eampiyonas\u0131, 3-10 Kas\u0131m tarihlerinde \u0130spanya\/Barselona\u2019da ger\u00e7ekle\u015ftirildi. 135 sporcunun m\u00fccadele etti\u011fi \u015fampiyonada 2024 Olimpiyat Oyunlar\u0131\u2019na bu s\u0131n\u0131fta haz\u0131rlanan sporcular\u0131m\u0131z b\u00fcy\u00fck ba\u015far\u0131 elde etti.&nbsp;Bu s\u0131n\u0131fta 1 hafta \u00f6nce T\u00fcrkiye \u015eampiyonu olan sporcumuz Berkay Abay, D\u00fcnya \u015eampiyonas\u0131n\u0131 23. s\u0131rada tamamlayarak \u00fclkemize tarihindeki en iyi derecelerden birini kazand\u0131rd\u0131. Yine bu s\u0131n\u0131fta T\u00fcrkiye ikincisi olan sporcumuz Yi\u011fit [&hellip;]<\/p>\n","protected":false},"author":1,"featured_media":15058,"comment_status":"closed","ping_status":"closed","sticky":false,"template":"","format":"standard","meta":{"jnews-multi-image_gallery":[],"jnews_single_post":{"subtitle":"","format":"standard","video":"","gallery":"","source_name":"","source_url":"","via_name":"","via_url":"","override":[{"template":"1","single_blog_custom":"","parallax":"1","fullscreen":"1","layout":"right-sidebar","sidebar":"default-sidebar","second_sidebar":"default-sidebar","sticky_sidebar":"1","share_position":"top","share_float_style":"share-monocrhome","show_share_counter":"1","show_view_counter":"1","show_featured":"1","show_post_meta":"1","show_post_author":"1","show_post_author_image":"1","show_post_date":"1","post_date_format":"default","post_date_format_custom":"Y\/m\/d","show_post_category":"1","post_reading_time_wpm":"300","zoom_button_out_step":"2","zoom_button_in_step":"3","show_post_tag":"1","show_prev_next_post":"1","show_popup_post":"1","number_popup_post":"1"}],"image_override":[{"single_post_thumbnail_size":"crop-500","single_post_gallery_size":"crop-500"}],"trending_post_position":"meta","trending_post_label":"Trending","sponsored_post_label":"Sponsored by","sponsored_post_name":"","sponsored_post_url":"","sponsored_post_logo":"","sponsored_post_desc":""},"jnews_primary_category":{"id":"12"},"jnews_social_meta":{"fb_title":"","fb_description":"","fb_image":"","twitter_title":"","twitter_description":"","twitter_image":""},"jnews_override_counter":{"view_counter_number":"0","share_counter_number":"0","like_counter_number":"0","dislike_counter_number":"0"},"footnotes":""},"categories":[2,12],"tags":[23,31],"class_list":["post-15057","post","type-post","status-publish","format-standard","has-post-thumbnail","hentry","category-haberler","category-yelken","tag-fenerbahce","tag-yelken"],"amp_enabled":true,"_links":{"self":[{"href":"https:\/\/www.fener.org\/index.php\/wp-json\/wp\/v2\/posts\/15057","targetHints":{"allow":["GET"]}}],"collection":[{"href":"https:\/\/www.fener.org\/index.php\/wp-json\/wp\/v2\/posts"}],"about":[{"href":"https:\/\/www.fener.org\/index.php\/wp-json\/wp\/v2\/types\/post"}],"author":[{"embeddable":true,"href":"https:\/\/www.fener.org\/index.php\/wp-json\/wp\/v2\/users\/1"}],"replies":[{"embeddable":true,"href":"https:\/\/www.fener.org\/index.php\/wp-json\/wp\/v2\/comments?post=15057"}],"version-history":[{"count":2,"href":"https:\/\/www.fener.org\/index.php\/wp-json\/wp\/v2\/posts\/15057\/revisions"}],"predecessor-version":[{"id":15068,"href":"https:\/\/www.fener.org\/index.php\/wp-json\/wp\/v2\/posts\/15057\/revisions\/15068"}],"wp:featuredmedia":[{"embeddable":true,"href":"https:\/\/www.fener.org\/index.php\/wp-json\/wp\/v2\/media\/15058"}],"wp:attachment":[{"href":"https:\/\/www.fener.org\/index.php\/wp-json\/wp\/v2\/media?parent=15057"}],"wp:term":[{"taxonomy":"category","embeddable":true,"href":"https:\/\/www.fener.org\/index.php\/wp-json\/wp\/v2\/categories?post=15057"},{"taxonomy":"post_tag","embeddable":true,"href":"https:\/\/www.fener.org\/index.php\/wp-json\/wp\/v2\/tags?post=15057"}],"curies":[{"name":"wp","href":"https:\/\/api.w.org\/{rel}","templated":true}]}}