{"id":15039,"date":"2021-11-14T12:40:15","date_gmt":"2021-11-14T09:40:15","guid":{"rendered":"https:\/\/www.fener.org\/?p=15039"},"modified":"2021-11-14T12:40:22","modified_gmt":"2021-11-14T09:40:22","slug":"fenerbahce-beko-yukatel-merkezefendi-belediyesi-basketi-konuk-ediyor","status":"publish","type":"post","link":"https:\/\/www.fener.org\/index.php\/2021\/11\/14\/fenerbahce-beko-yukatel-merkezefendi-belediyesi-basketi-konuk-ediyor\/","title":{"rendered":"Fenerbah\u00e7e Beko, Yukatel Merkezefendi Belediyesi Basket&#8217;i konuk ediyor"},"content":{"rendered":"\n<p>Fenerbah\u00e7e Beko Erkek Basketbol Tak\u0131m\u0131m\u0131z, ING Basketbol S\u00fcper Ligi sekizinci hafta ma\u00e7\u0131nda Yukatel Merkezefendi Belediyesi Basket ile kar\u015f\u0131la\u015f\u0131yor. Bug\u00fcn (14 Kas\u0131m Pazar g\u00fcn\u00fc) saat 18.00\u2019da \u00dclker Spor ve Etkinlik Salonu\u2019nda oynanacak m\u00fccadele Tivibu Spor 2 ve TRT Spor taraf\u0131ndan canl\u0131 yay\u0131nlanacak.<\/p>\n\n\n\n<p>Tak\u0131m\u0131m\u0131z, son resmi ma\u00e7\u0131na Turkish Airlines EuroLeague\u2019de \u00e7\u0131kt\u0131. 12 Kas\u0131m Cuma g\u00fcn\u00fc AX Armani Exchange Milano\u2019yu konuk eden ekibimiz, rakibine 43-68 ma\u011flup olarak dokuz kar\u015f\u0131la\u015fmada \u00fc\u00e7 galibiyette kald\u0131.<\/p>\n\n\n\n<p>Sar\u0131-lacivertliler, son lig ma\u00e7\u0131nda ise 7 Kas\u0131m Pazar g\u00fcn\u00fc konuk oldu\u011fu Semt77 Yalovaspor\u2019u 60-86 ile ge\u00e7ti.<\/p>\n\n\n\n<p>Zafer Akta\u015f taraf\u0131ndan \u00e7al\u0131\u015ft\u0131r\u0131lan Yukatel Merkezefendi Belediyesi Basket, ligimizde oynad\u0131\u011f\u0131 yedi ma\u00e7ta iki galibiyet ald\u0131. Rakibimiz, son lig ma\u00e7\u0131na 6 Kas\u0131m Cumartesi g\u00fcn\u00fc \u00e7\u0131kt\u0131 ve konuk etti\u011fi P\u0131nar Kar\u015f\u0131yaka\u2019ya 73-81 ma\u011flup oldu.<\/p>\n","protected":false},"excerpt":{"rendered":"<p>Fenerbah\u00e7e Beko Erkek Basketbol Tak\u0131m\u0131m\u0131z, ING Basketbol S\u00fcper Ligi sekizinci hafta ma\u00e7\u0131nda Yukatel Merkezefendi Belediyesi Basket ile kar\u015f\u0131la\u015f\u0131yor. Bug\u00fcn (14 Kas\u0131m Pazar g\u00fcn\u00fc) saat 18.00\u2019da \u00dclker Spor ve Etkinlik Salonu\u2019nda oynanacak m\u00fccadele Tivibu Spor 2 ve TRT Spor taraf\u0131ndan canl\u0131 yay\u0131nlanacak. Tak\u0131m\u0131m\u0131z, son resmi ma\u00e7\u0131na Turkish Airlines EuroLeague\u2019de \u00e7\u0131kt\u0131. 12 Kas\u0131m Cuma g\u00fcn\u00fc AX Armani [&hellip;]<\/p>\n","protected":false},"author":1,"featured_media":14816,"comment_status":"closed","ping_status":"closed","sticky":false,"template":"","format":"standard","meta":{"jnews-multi-image_gallery":[],"jnews_single_post":{"subtitle":"Fenerbah\u00e7e Erkek Basketbol Tak\u0131m\u0131m\u0131z, Basketbol S\u00fcper Ligi sekizinci hafta ma\u00e7\u0131nda Yukatel Merkezefendi Belediyesi Basket'i a\u011f\u0131rl\u0131yor.","format":"standard","video":"","gallery":"","source_name":"","source_url":"","via_name":"","via_url":"","override":[{"template":"1","single_blog_custom":"","parallax":"1","fullscreen":"1","layout":"right-sidebar","sidebar":"default-sidebar","second_sidebar":"default-sidebar","sticky_sidebar":"1","share_position":"top","share_float_style":"share-monocrhome","show_share_counter":"1","show_view_counter":"1","show_featured":"1","show_post_meta":"1","show_post_author":"1","show_post_author_image":"1","show_post_date":"1","post_date_format":"default","post_date_format_custom":"Y\/m\/d","show_post_category":"1","post_reading_time_wpm":"300","zoom_button_out_step":"2","zoom_button_in_step":"3","show_post_tag":"1","show_prev_next_post":"1","show_popup_post":"1","number_popup_post":"1"}],"image_override":[{"single_post_thumbnail_size":"crop-500","single_post_gallery_size":"crop-500"}],"trending_post_position":"meta","trending_post_label":"Trending","sponsored_post_label":"Sponsored by","sponsored_post_name":"","sponsored_post_url":"","sponsored_post_logo":"","sponsored_post_desc":""},"jnews_primary_category":{"id":"5"},"jnews_social_meta":{"fb_title":"","fb_description":"","fb_image":"","twitter_title":"","twitter_description":"","twitter_image":""},"jnews_override_counter":{"view_counter_number":"0","share_counter_number":"0","like_counter_number":"0","dislike_counter_number":"0"},"footnotes":""},"categories":[5,6,2],"tags":[24,23],"class_list":["post-15039","post","type-post","status-publish","format-standard","has-post-thumbnail","hentry","category-basketbol","category-erkek-basketbol","category-haberler","tag-basketbol","tag-fenerbahce"],"amp_enabled":true,"_links":{"self":[{"href":"https:\/\/www.fener.org\/index.php\/wp-json\/wp\/v2\/posts\/15039","targetHints":{"allow":["GET"]}}],"collection":[{"href":"https:\/\/www.fener.org\/index.php\/wp-json\/wp\/v2\/posts"}],"about":[{"href":"https:\/\/www.fener.org\/index.php\/wp-json\/wp\/v2\/types\/post"}],"author":[{"embeddable":true,"href":"https:\/\/www.fener.org\/index.php\/wp-json\/wp\/v2\/users\/1"}],"replies":[{"embeddable":true,"href":"https:\/\/www.fener.org\/index.php\/wp-json\/wp\/v2\/comments?post=15039"}],"version-history":[{"count":1,"href":"https:\/\/www.fener.org\/index.php\/wp-json\/wp\/v2\/posts\/15039\/revisions"}],"predecessor-version":[{"id":15040,"href":"https:\/\/www.fener.org\/index.php\/wp-json\/wp\/v2\/posts\/15039\/revisions\/15040"}],"wp:featuredmedia":[{"embeddable":true,"href":"https:\/\/www.fener.org\/index.php\/wp-json\/wp\/v2\/media\/14816"}],"wp:attachment":[{"href":"https:\/\/www.fener.org\/index.php\/wp-json\/wp\/v2\/media?parent=15039"}],"wp:term":[{"taxonomy":"category","embeddable":true,"href":"https:\/\/www.fener.org\/index.php\/wp-json\/wp\/v2\/categories?post=15039"},{"taxonomy":"post_tag","embeddable":true,"href":"https:\/\/www.fener.org\/index.php\/wp-json\/wp\/v2\/tags?post=15039"}],"curies":[{"name":"wp","href":"https:\/\/api.w.org\/{rel}","templated":true}]}}