{"id":14832,"date":"2021-10-29T00:20:59","date_gmt":"2021-10-28T21:20:59","guid":{"rendered":"https:\/\/www.fener.org\/?p=14832"},"modified":"2021-10-29T00:21:03","modified_gmt":"2021-10-28T21:21:03","slug":"aleksandar-djordjevic-gercekten-cok-hak-ettigimiz-bir-mac-olacakti","status":"publish","type":"post","link":"https:\/\/www.fener.org\/index.php\/2021\/10\/29\/aleksandar-djordjevic-gercekten-cok-hak-ettigimiz-bir-mac-olacakti\/","title":{"rendered":"Aleksandar Djordjevic: Ger\u00e7ekten \u00e7ok hak etti\u011fimiz bir ma\u00e7 olacakt\u0131"},"content":{"rendered":"\n<p>Ba\u015fantren\u00f6r\u00fcm\u00fcz Aleksandar Djordjevic, THY EuroLeague\u2019in 7. haftas\u0131nda deplasmanda oynad\u0131\u011f\u0131m\u0131z Olympiacos kar\u015f\u0131la\u015fmas\u0131n\u0131n ard\u0131ndan yapt\u0131\u011f\u0131 a\u00e7\u0131klamada \u015funlar\u0131 s\u00f6yledi:<\/p>\n\n\n\n<p>\u201cTa\u015f asl\u0131nda bir yumrukla k\u0131r\u0131lm\u0131yor, asl\u0131nda o ta\u015fa daha da vurmaya devam etmemiz gerekiyor. Sava\u015fmam\u0131z gerekiyordu ve sava\u015ft\u0131k. \u00c7ok m\u00fccadele ettik. Kazansak ger\u00e7ekten \u00e7ok hak etti\u011fimiz bir ma\u00e7 olacakt\u0131. Olympiacos\u2019u da tabii ki tebrik ediyorum. Onlar da \u00e7ok iyi ritimdeler. Biz de zorlu bir s\u00fcre\u00e7teyiz. S\u00fcrekli deplasmanday\u0131z, ma\u00e7lar\u0131 hep d\u0131\u015far\u0131da oynuyoruz. Ve son birka\u00e7 ma\u00e7\u0131m\u0131z\u0131 hep ya tek say\u0131yla ya da son topla kaybetmi\u015f olduk. Belki Polonara ka\u00e7\u0131rmasayd\u0131 o ma\u00e7\u0131 d\u00f6nd\u00fcren at\u0131\u015f olacakt\u0131. Kendisi de pi\u015fmanl\u0131k duyuyor olabilir ama bunlar olabiliyor. Ba\u015fta hatalar\u0131m\u0131z vard\u0131 ve \u00e7ok agresif ba\u015flamad\u0131k. Ama savunma hatalar\u0131n\u0131 aza indirdi\u011fimiz zaman agresif olup, \u00f6ne ge\u00e7meye ba\u015flad\u0131k. Ayn\u0131 \u015fekilde devam etmemiz gerekiyor. Ba\u015f\u0131m\u0131z dik ve en \u00f6nemlisi de taraftar\u0131m\u0131z\u0131n deste\u011finin ayn\u0131 \u015fekilde devam etmesini istiyoruz. Onlar\u0131n g\u00fcc\u00fcn\u00fc arkam\u0131zda her zaman hissediyoruz. \u00d6zellikle Gaziantep ma\u00e7\u0131nda in\u015fallah yan\u0131m\u0131zda olurlar.<\/p>\n\n\n\n<p>Her ma\u00e7tan sonra \u00f6zellikle Barcelona ma\u00e7\u0131ndan sonra da s\u00f6yledim; karakterin, ki\u015fili\u011fe ve hayata ge\u00e7mesini g\u00f6steriyorlar. \u00c7\u00fcnk\u00fc kolay bir \u015fey de\u011fil ve ger\u00e7ekten bir galibiyete ihtiyac\u0131m\u0131z var ki biz de mutlu olal\u0131m, ayn\u0131 \u015fekilde sava\u015fmaya devam edebilelim. Oyuncular\u0131m bunu hak ediyor.\u201d<\/p>\n","protected":false},"excerpt":{"rendered":"<p>Ba\u015fantren\u00f6r\u00fcm\u00fcz Aleksandar Djordjevic, THY EuroLeague\u2019in 7. haftas\u0131nda deplasmanda oynad\u0131\u011f\u0131m\u0131z Olympiacos kar\u015f\u0131la\u015fmas\u0131n\u0131n ard\u0131ndan yapt\u0131\u011f\u0131 a\u00e7\u0131klamada \u015funlar\u0131 s\u00f6yledi: \u201cTa\u015f asl\u0131nda bir yumrukla k\u0131r\u0131lm\u0131yor, asl\u0131nda o ta\u015fa daha da vurmaya devam etmemiz gerekiyor. Sava\u015fmam\u0131z gerekiyordu ve sava\u015ft\u0131k. \u00c7ok m\u00fccadele ettik. Kazansak ger\u00e7ekten \u00e7ok hak etti\u011fimiz bir ma\u00e7 olacakt\u0131. Olympiacos\u2019u da tabii ki tebrik ediyorum. Onlar da \u00e7ok iyi [&hellip;]<\/p>\n","protected":false},"author":1,"featured_media":14700,"comment_status":"closed","ping_status":"closed","sticky":false,"template":"","format":"standard","meta":{"jnews-multi-image_gallery":[],"jnews_single_post":{"subtitle":"Fenerbah\u00e7e Erkek Basketbol Tak\u0131m\u0131m\u0131z\u0131n Ba\u015fantren\u00f6r\u00fc Aleksandar Djordjevic, tak\u0131m\u0131m\u0131z\u0131n EuroLeague 7. hafta m\u00fccadelesinde deplasmanda Olympiacos\u2019a 67-65 ma\u011flup oldu\u011fu m\u00fccadelenin ard\u0131ndan a\u00e7\u0131klamalarda bulundu.","format":"standard","video":"","gallery":"","source_name":"","source_url":"","via_name":"","via_url":"","override":[{"template":"1","single_blog_custom":"","parallax":"1","fullscreen":"1","layout":"right-sidebar","sidebar":"default-sidebar","second_sidebar":"default-sidebar","sticky_sidebar":"1","share_position":"top","share_float_style":"share-monocrhome","show_share_counter":"1","show_view_counter":"1","show_featured":"1","show_post_meta":"1","show_post_author":"1","show_post_author_image":"1","show_post_date":"1","post_date_format":"default","post_date_format_custom":"Y\/m\/d","show_post_category":"1","post_reading_time_wpm":"300","zoom_button_out_step":"2","zoom_button_in_step":"3","show_post_tag":"1","show_prev_next_post":"1","show_popup_post":"1","number_popup_post":"1"}],"image_override":[{"single_post_thumbnail_size":"crop-500","single_post_gallery_size":"crop-500"}],"trending_post_position":"meta","trending_post_label":"Trending","sponsored_post_label":"Sponsored by","sponsored_post_name":"","sponsored_post_url":"","sponsored_post_logo":"","sponsored_post_desc":""},"jnews_primary_category":{"id":"5"},"jnews_social_meta":{"fb_title":"","fb_description":"","fb_image":"","twitter_title":"","twitter_description":"","twitter_image":""},"jnews_override_counter":{"view_counter_number":"0","share_counter_number":"0","like_counter_number":"0","dislike_counter_number":"0"},"footnotes":""},"categories":[5,2],"tags":[24,74,23],"class_list":["post-14832","post","type-post","status-publish","format-standard","has-post-thumbnail","hentry","category-basketbol","category-haberler","tag-basketbol","tag-euroleague","tag-fenerbahce"],"amp_enabled":true,"_links":{"self":[{"href":"https:\/\/www.fener.org\/index.php\/wp-json\/wp\/v2\/posts\/14832","targetHints":{"allow":["GET"]}}],"collection":[{"href":"https:\/\/www.fener.org\/index.php\/wp-json\/wp\/v2\/posts"}],"about":[{"href":"https:\/\/www.fener.org\/index.php\/wp-json\/wp\/v2\/types\/post"}],"author":[{"embeddable":true,"href":"https:\/\/www.fener.org\/index.php\/wp-json\/wp\/v2\/users\/1"}],"replies":[{"embeddable":true,"href":"https:\/\/www.fener.org\/index.php\/wp-json\/wp\/v2\/comments?post=14832"}],"version-history":[{"count":1,"href":"https:\/\/www.fener.org\/index.php\/wp-json\/wp\/v2\/posts\/14832\/revisions"}],"predecessor-version":[{"id":14833,"href":"https:\/\/www.fener.org\/index.php\/wp-json\/wp\/v2\/posts\/14832\/revisions\/14833"}],"wp:featuredmedia":[{"embeddable":true,"href":"https:\/\/www.fener.org\/index.php\/wp-json\/wp\/v2\/media\/14700"}],"wp:attachment":[{"href":"https:\/\/www.fener.org\/index.php\/wp-json\/wp\/v2\/media?parent=14832"}],"wp:term":[{"taxonomy":"category","embeddable":true,"href":"https:\/\/www.fener.org\/index.php\/wp-json\/wp\/v2\/categories?post=14832"},{"taxonomy":"post_tag","embeddable":true,"href":"https:\/\/www.fener.org\/index.php\/wp-json\/wp\/v2\/tags?post=14832"}],"curies":[{"name":"wp","href":"https:\/\/api.w.org\/{rel}","templated":true}]}}