{"id":14688,"date":"2021-10-18T22:04:42","date_gmt":"2021-10-18T19:04:42","guid":{"rendered":"https:\/\/www.fener.org\/?p=14688"},"modified":"2021-10-18T22:04:48","modified_gmt":"2021-10-18T19:04:48","slug":"fenerbahcede-royal-antwerp-maci-hazirliklari-basladi","status":"publish","type":"post","link":"https:\/\/www.fener.org\/index.php\/2021\/10\/18\/fenerbahcede-royal-antwerp-maci-hazirliklari-basladi\/","title":{"rendered":"Fenerbah\u00e7e&#8217;de Royal Antwerp ma\u00e7\u0131 haz\u0131rl\u0131klar\u0131 ba\u015flad\u0131"},"content":{"rendered":"\n<p>Fenerbah\u00e7emiz, UEFA Avrupa Ligi D Grubu \u00fc\u00e7\u00fcnc\u00fc hafta ma\u00e7\u0131nda Bel\u00e7ika temsilcisi Royal Antwerp ile 21 Ekim Per\u015fembe ak\u015fam\u0131 saham\u0131zda oynayaca\u011f\u0131 ma\u00e7\u0131n haz\u0131rl\u0131klar\u0131n\u0131 ak\u015fam saatlerinde Can Bartu Tesislerimizde yapt\u0131\u011f\u0131 antrenmanla ba\u015flad\u0131.<br><br>Trabzonspor kar\u015f\u0131s\u0131nda ilk 11\u2019de forma giyen oyuncular\u0131m\u0131z, idman\u0131 rejenerasyon \u00e7al\u0131\u015fmas\u0131yla tamamlad\u0131. Di\u011fer oyuncular ise \u0131s\u0131nma ve koordinasyon hareketlerinin ard\u0131ndan dar alanda pas \u00e7al\u0131\u015fmas\u0131 yapt\u0131. Yine dar alanda ger\u00e7ekle\u015ftirilen \u00e7ift kale ma\u00e7la devam eden antrenman, bireysel \u00e7al\u0131\u015fmalarla noktaland\u0131.&nbsp;<\/p>\n\n\n\n<p>Oyuncular\u0131m\u0131zdan Mert Hakan ve Serdar Aziz ise tak\u0131mdan ayr\u0131 \u00f6zel program dahilinde antrenman\u0131 tamamlad\u0131.<\/p>\n","protected":false},"excerpt":{"rendered":"<p>Fenerbah\u00e7emiz, UEFA Avrupa Ligi D Grubu \u00fc\u00e7\u00fcnc\u00fc hafta ma\u00e7\u0131nda Bel\u00e7ika temsilcisi Royal Antwerp ile 21 Ekim Per\u015fembe ak\u015fam\u0131 saham\u0131zda oynayaca\u011f\u0131 ma\u00e7\u0131n haz\u0131rl\u0131klar\u0131n\u0131 ak\u015fam saatlerinde Can Bartu Tesislerimizde yapt\u0131\u011f\u0131 antrenmanla ba\u015flad\u0131. Trabzonspor kar\u015f\u0131s\u0131nda ilk 11\u2019de forma giyen oyuncular\u0131m\u0131z, idman\u0131 rejenerasyon \u00e7al\u0131\u015fmas\u0131yla tamamlad\u0131. Di\u011fer oyuncular ise \u0131s\u0131nma ve koordinasyon hareketlerinin ard\u0131ndan dar alanda pas \u00e7al\u0131\u015fmas\u0131 yapt\u0131. Yine [&hellip;]<\/p>\n","protected":false},"author":1,"featured_media":14689,"comment_status":"closed","ping_status":"closed","sticky":false,"template":"","format":"standard","meta":{"jnews-multi-image_gallery":[],"jnews_single_post":{"subtitle":"Fenerbah\u00e7e, UEFA Avrupa Ligi D Grubu \u00fc\u00e7\u00fcnc\u00fc hafta ma\u00e7\u0131nda sahas\u0131nda Royal Antwerp ile oynayaca\u011f\u0131 ma\u00e7\u0131n haz\u0131rl\u0131klar\u0131n\u0131 ak\u015fam saatlerinde yapt\u0131\u011f\u0131 antrenmanla ba\u015flad\u0131.","format":"standard","video":"","gallery":"","source_name":"","source_url":"","via_name":"","via_url":"","override":[{"template":"1","single_blog_custom":"","parallax":"1","fullscreen":"1","layout":"right-sidebar","sidebar":"default-sidebar","second_sidebar":"default-sidebar","sticky_sidebar":"1","share_position":"top","share_float_style":"share-monocrhome","show_share_counter":"1","show_view_counter":"1","show_featured":"1","show_post_meta":"1","show_post_author":"1","show_post_author_image":"1","show_post_date":"1","post_date_format":"default","post_date_format_custom":"Y\/m\/d","show_post_category":"1","post_reading_time_wpm":"300","zoom_button_out_step":"2","zoom_button_in_step":"3","show_post_tag":"1","show_prev_next_post":"1","show_popup_post":"1","number_popup_post":"1"}],"image_override":[{"single_post_thumbnail_size":"crop-500","single_post_gallery_size":"crop-500"}],"trending_post_position":"meta","trending_post_label":"Trending","sponsored_post_label":"Sponsored by","sponsored_post_name":"","sponsored_post_url":"","sponsored_post_logo":"","sponsored_post_desc":""},"jnews_primary_category":{"id":"4"},"jnews_social_meta":{"fb_title":"","fb_description":"","fb_image":"","twitter_title":"","twitter_description":"","twitter_image":""},"jnews_override_counter":{"view_counter_number":"0","share_counter_number":"0","like_counter_number":"0","dislike_counter_number":"0"},"footnotes":""},"categories":[4,2,47],"tags":[23,54],"class_list":["post-14688","post","type-post","status-publish","format-standard","has-post-thumbnail","hentry","category-futbol","category-haberler","category-profesyonel-a-futbol-takimi","tag-fenerbahce","tag-futbol"],"amp_enabled":true,"_links":{"self":[{"href":"https:\/\/www.fener.org\/index.php\/wp-json\/wp\/v2\/posts\/14688","targetHints":{"allow":["GET"]}}],"collection":[{"href":"https:\/\/www.fener.org\/index.php\/wp-json\/wp\/v2\/posts"}],"about":[{"href":"https:\/\/www.fener.org\/index.php\/wp-json\/wp\/v2\/types\/post"}],"author":[{"embeddable":true,"href":"https:\/\/www.fener.org\/index.php\/wp-json\/wp\/v2\/users\/1"}],"replies":[{"embeddable":true,"href":"https:\/\/www.fener.org\/index.php\/wp-json\/wp\/v2\/comments?post=14688"}],"version-history":[{"count":1,"href":"https:\/\/www.fener.org\/index.php\/wp-json\/wp\/v2\/posts\/14688\/revisions"}],"predecessor-version":[{"id":14690,"href":"https:\/\/www.fener.org\/index.php\/wp-json\/wp\/v2\/posts\/14688\/revisions\/14690"}],"wp:featuredmedia":[{"embeddable":true,"href":"https:\/\/www.fener.org\/index.php\/wp-json\/wp\/v2\/media\/14689"}],"wp:attachment":[{"href":"https:\/\/www.fener.org\/index.php\/wp-json\/wp\/v2\/media?parent=14688"}],"wp:term":[{"taxonomy":"category","embeddable":true,"href":"https:\/\/www.fener.org\/index.php\/wp-json\/wp\/v2\/categories?post=14688"},{"taxonomy":"post_tag","embeddable":true,"href":"https:\/\/www.fener.org\/index.php\/wp-json\/wp\/v2\/tags?post=14688"}],"curies":[{"name":"wp","href":"https:\/\/api.w.org\/{rel}","templated":true}]}}