{"id":14601,"date":"2021-10-10T21:52:44","date_gmt":"2021-10-10T18:52:44","guid":{"rendered":"https:\/\/www.fener.org\/?p=14601"},"modified":"2021-10-10T21:52:49","modified_gmt":"2021-10-10T18:52:49","slug":"fenerbahceli-milli-kurekcilerimizden-tarihi-basari","status":"publish","type":"post","link":"https:\/\/www.fener.org\/index.php\/2021\/10\/10\/fenerbahceli-milli-kurekcilerimizden-tarihi-basari\/","title":{"rendered":"Fenerbah\u00e7eli milli k\u00fcrek\u00e7ilerimizden tarihi ba\u015far\u0131"},"content":{"rendered":"\n<p>Almanya&#8217;n\u0131n M\u00fcnih \u015fehrinde yap\u0131lan Gen\u00e7ler Avrupa K\u00fcrek \u015eampiyonas\u0131\u2019nda m\u00fccadele eden k\u00fcrek\u00e7ilerimiz tarihi bir ba\u015far\u0131ya imza att\u0131lar.<\/p>\n\n\n\n<p>Fenerbah\u00e7e K\u00fcrek \u015eubemiz sporcular\u0131n\u0131n da yer ald\u0131\u011f\u0131 Gen\u00e7 Erkek D\u00f6rt Tek ekibi T\u00fcrkiye&#8217;ye gen\u00e7lerde ilk alt\u0131n madalyay\u0131 kazand\u0131rarak tarihe ge\u00e7erken, Gen\u00e7 K\u0131z \u0130ki Tek ekibi ise bronz madalyan\u0131n sahibi oldu.<\/p>\n\n\n\n<p>Fenerbah\u00e7eli milli k\u00fcrek\u00e7ilerimiz Ali Ard\u0131l \u0130lg\u00fcn ve Kaan Y\u0131lmaz Ayd\u0131n ile Galatasarayl\u0131 milli sporcular Serkan Erkal ve Enver Erman&#8217;dan olu\u015fan Gen\u00e7 Erkek D\u00f6rt Tek ekibi A finalde yar\u0131\u015ft\u0131. Milliler, son anlar\u0131 nefes kesen yar\u0131\u015f\u0131 6 dakika 25 nokta 62 saniyelik dereceyle ilk s\u0131rada bitirdi ve Avrupa \u015eampiyonu oldu. Gen\u00e7 Erkek D\u00f6rt Tek ekibi ayn\u0131 zamanda T\u00fcrkiye&#8217;ye ilk alt\u0131n madalyay\u0131 kazand\u0131rarak tarihe ge\u00e7ti. Yar\u0131\u015fta \u0130talya g\u00fcm\u00fc\u015f, Belarus ise bronz madalyan\u0131n sahibi oldu. Ali Ard\u0131l \u0130lg\u00fcn, Kaan Y\u0131lmaz Ayd\u0131n, Serkan Erkal ve Enver Erman d\u00fczenlenen t\u00f6renle alt\u0131n madalyalar\u0131n\u0131 ald\u0131.<\/p>\n\n\n\n<p>K\u00fcrek\u00e7imiz Ruken \u00dclgey ve milli k\u00fcrek\u00e7i Asl\u0131han Naran Akkay&#8217;dan olu\u015fan Gen\u00e7 K\u0131z \u0130ki Tek ekibi de A finalde m\u00fccadele etti. Ruken ve Asl\u0131han yar\u0131\u015f\u0131 08 dakika 2 nokta 33 saniyelik derecesiyle 3. s\u0131rada tamamlayarak bronz madalya kazand\u0131. Yar\u0131\u015fta Romanya ilk, Almanya ise ikinci s\u0131ray\u0131 ald\u0131. Ruken \u00dclgey ve Asl\u0131han Naran Akkay ge\u00e7ti\u011fimiz y\u0131l da Avrupa 3.\u2019s\u00fc olmu\u015ftu.<\/p>\n","protected":false},"excerpt":{"rendered":"<p>Almanya&#8217;n\u0131n M\u00fcnih \u015fehrinde yap\u0131lan Gen\u00e7ler Avrupa K\u00fcrek \u015eampiyonas\u0131\u2019nda m\u00fccadele eden k\u00fcrek\u00e7ilerimiz tarihi bir ba\u015far\u0131ya imza att\u0131lar. Fenerbah\u00e7e K\u00fcrek \u015eubemiz sporcular\u0131n\u0131n da yer ald\u0131\u011f\u0131 Gen\u00e7 Erkek D\u00f6rt Tek ekibi T\u00fcrkiye&#8217;ye gen\u00e7lerde ilk alt\u0131n madalyay\u0131 kazand\u0131rarak tarihe ge\u00e7erken, Gen\u00e7 K\u0131z \u0130ki Tek ekibi ise bronz madalyan\u0131n sahibi oldu. Fenerbah\u00e7eli milli k\u00fcrek\u00e7ilerimiz Ali Ard\u0131l \u0130lg\u00fcn ve Kaan Y\u0131lmaz [&hellip;]<\/p>\n","protected":false},"author":1,"featured_media":14602,"comment_status":"closed","ping_status":"closed","sticky":false,"template":"","format":"standard","meta":{"jnews-multi-image_gallery":[],"jnews_single_post":{"subtitle":"Fenerbah\u00e7eli milli k\u00fcrek\u00e7ilerimiz, Gen\u00e7ler Avrupa K\u00fcrek \u015eampiyonas\u0131\u2019nda m\u00fccadele eden k\u00fcrek\u00e7ilerimiz \u00fclkemize ilk alt\u0131n madalyay\u0131 kazand\u0131rarak tarihi bir ba\u015far\u0131ya imza att\u0131lar.","format":"standard","video":"","gallery":"","source_name":"","source_url":"","via_name":"","via_url":"","override":[{"template":"1","single_blog_custom":"","parallax":"1","fullscreen":"1","layout":"right-sidebar","sidebar":"default-sidebar","second_sidebar":"default-sidebar","sticky_sidebar":"1","share_position":"top","share_float_style":"share-monocrhome","show_share_counter":"1","show_view_counter":"1","show_featured":"1","show_post_meta":"1","show_post_author":"1","show_post_author_image":"1","show_post_date":"1","post_date_format":"default","post_date_format_custom":"Y\/m\/d","show_post_category":"1","post_reading_time_wpm":"300","zoom_button_out_step":"2","zoom_button_in_step":"3","show_post_tag":"1","show_prev_next_post":"1","show_popup_post":"1","number_popup_post":"1"}],"image_override":[{"single_post_thumbnail_size":"crop-500","single_post_gallery_size":"crop-500"}],"trending_post_position":"meta","trending_post_label":"Trending","sponsored_post_label":"Sponsored by","sponsored_post_name":"","sponsored_post_url":"","sponsored_post_logo":"","sponsored_post_desc":""},"jnews_primary_category":{"id":"11"},"jnews_social_meta":{"fb_title":"","fb_description":"","fb_image":"","twitter_title":"","twitter_description":"","twitter_image":""},"jnews_override_counter":{"view_counter_number":"0","share_counter_number":"0","like_counter_number":"0","dislike_counter_number":"0"},"footnotes":""},"categories":[2,11],"tags":[23,30],"class_list":["post-14601","post","type-post","status-publish","format-standard","has-post-thumbnail","hentry","category-haberler","category-kurek","tag-fenerbahce","tag-kurek"],"amp_enabled":true,"_links":{"self":[{"href":"https:\/\/www.fener.org\/index.php\/wp-json\/wp\/v2\/posts\/14601","targetHints":{"allow":["GET"]}}],"collection":[{"href":"https:\/\/www.fener.org\/index.php\/wp-json\/wp\/v2\/posts"}],"about":[{"href":"https:\/\/www.fener.org\/index.php\/wp-json\/wp\/v2\/types\/post"}],"author":[{"embeddable":true,"href":"https:\/\/www.fener.org\/index.php\/wp-json\/wp\/v2\/users\/1"}],"replies":[{"embeddable":true,"href":"https:\/\/www.fener.org\/index.php\/wp-json\/wp\/v2\/comments?post=14601"}],"version-history":[{"count":1,"href":"https:\/\/www.fener.org\/index.php\/wp-json\/wp\/v2\/posts\/14601\/revisions"}],"predecessor-version":[{"id":14603,"href":"https:\/\/www.fener.org\/index.php\/wp-json\/wp\/v2\/posts\/14601\/revisions\/14603"}],"wp:featuredmedia":[{"embeddable":true,"href":"https:\/\/www.fener.org\/index.php\/wp-json\/wp\/v2\/media\/14602"}],"wp:attachment":[{"href":"https:\/\/www.fener.org\/index.php\/wp-json\/wp\/v2\/media?parent=14601"}],"wp:term":[{"taxonomy":"category","embeddable":true,"href":"https:\/\/www.fener.org\/index.php\/wp-json\/wp\/v2\/categories?post=14601"},{"taxonomy":"post_tag","embeddable":true,"href":"https:\/\/www.fener.org\/index.php\/wp-json\/wp\/v2\/tags?post=14601"}],"curies":[{"name":"wp","href":"https:\/\/api.w.org\/{rel}","templated":true}]}}