{"id":14411,"date":"2021-09-21T13:51:05","date_gmt":"2021-09-21T10:51:05","guid":{"rendered":"https:\/\/www.fener.org\/?p=14411"},"modified":"2021-09-21T13:51:09","modified_gmt":"2021-09-21T10:51:09","slug":"fenerbahce-giresunspor-maci-hazirliklari-basladi","status":"publish","type":"post","link":"https:\/\/www.fener.org\/index.php\/2021\/09\/21\/fenerbahce-giresunspor-maci-hazirliklari-basladi\/","title":{"rendered":"Fenerbah\u00e7e &#8211; Giresunspor ma\u00e7\u0131 haz\u0131rl\u0131klar\u0131 ba\u015flad\u0131"},"content":{"rendered":"\n<p>S\u00fcper Lig\u2019in 6. haftas\u0131nda 23 Eyl\u00fcl Per\u015fembe g\u00fcn\u00fc saat 20.00\u2019da GZT Giresunspor ile \u00dclker Stadyumu Fenerbah\u00e7e \u015e\u00fckr\u00fc Saraco\u011flu Spor Kompleksi\u2019nde kar\u015f\u0131la\u015facak olan Fenerbah\u00e7emiz, bu ma\u00e7\u0131n haz\u0131rl\u0131klar\u0131na Can Bartu Tesisleri&#8217;nde yapt\u0131\u011f\u0131 antrenmanla ba\u015flad\u0131.<br>\u00a0<br>Medipol Ba\u015fak\u015fehir ile oynad\u0131\u011f\u0131m\u0131z ma\u00e7a ilk 11\u2019de ba\u015flayan oyuncular\u0131m\u0131z saat 11.00\u2019da ba\u015flayan antrenman\u0131 rejenerasyon ve aktif dinlenmeye y\u00f6nelik \u00e7al\u0131\u015fmalarla tamamlad\u0131. Di\u011fer oyuncular\u0131m\u0131z \u0131s\u0131nma, ko\u015fu ve koordinasyon \u00e7al\u0131\u015fmalar\u0131n\u0131n ard\u0131ndan 2 grup halinde top kapma ve pas \u00e7al\u0131\u015fmalar\u0131 yapt\u0131. \u015eut ve pas \u00e7al\u0131\u015fmalar\u0131n\u0131n ard\u0131ndan antrenman, dar alanda ger\u00e7ekle\u015ftirilen \u00e7ift kale ma\u00e7la noktaland\u0131.<br>\u00a0<br>Serdar Dursun tak\u0131mla \u00e7al\u0131\u015fmalara ba\u015flarken, Miha Zajc ise tak\u0131mdan ayr\u0131 \u00f6zel program dahilinde \u00e7al\u0131\u015ft\u0131. \u0130rfan Can Kahveci, Naz\u0131m Sangare, Marcel Tisserand ve Jose Sosa\u2019n\u0131n tedavilerine devam edildi.<br>\u00a0<br>Tak\u0131m\u0131m\u0131z, 22 Eyl\u00fcl \u00c7ar\u015famba g\u00fcn\u00fc yapaca\u011f\u0131 \u00e7al\u0131\u015fmayla GZT Giresunspor ma\u00e7\u0131n\u0131n haz\u0131rl\u0131klar\u0131n\u0131 tamamlayacak.<\/p>\n","protected":false},"excerpt":{"rendered":"<p>S\u00fcper Lig\u2019in 6. haftas\u0131nda 23 Eyl\u00fcl Per\u015fembe g\u00fcn\u00fc saat 20.00\u2019da GZT Giresunspor ile \u00dclker Stadyumu Fenerbah\u00e7e \u015e\u00fckr\u00fc Saraco\u011flu Spor Kompleksi\u2019nde kar\u015f\u0131la\u015facak olan Fenerbah\u00e7emiz, bu ma\u00e7\u0131n haz\u0131rl\u0131klar\u0131na Can Bartu Tesisleri&#8217;nde yapt\u0131\u011f\u0131 antrenmanla ba\u015flad\u0131.\u00a0Medipol Ba\u015fak\u015fehir ile oynad\u0131\u011f\u0131m\u0131z ma\u00e7a ilk 11\u2019de ba\u015flayan oyuncular\u0131m\u0131z saat 11.00\u2019da ba\u015flayan antrenman\u0131 rejenerasyon ve aktif dinlenmeye y\u00f6nelik \u00e7al\u0131\u015fmalarla tamamlad\u0131. Di\u011fer oyuncular\u0131m\u0131z \u0131s\u0131nma, ko\u015fu [&hellip;]<\/p>\n","protected":false},"author":1,"featured_media":14412,"comment_status":"closed","ping_status":"closed","sticky":false,"template":"","format":"standard","meta":{"jnews-multi-image_gallery":[],"jnews_single_post":{"subtitle":"Fenerbah\u00e7e, S\u00fcper Lig\u2019in 6. haftas\u0131nda Giresunspor ile sahas\u0131nda oynayaca\u011f\u0131 ma\u00e7\u0131n haz\u0131rl\u0131klar\u0131na bu sabah yapt\u0131\u011f\u0131 antrenmanla ba\u015flad\u0131.","format":"standard","video":"","gallery":"","source_name":"","source_url":"","via_name":"","via_url":"","override":[{"template":"1","single_blog_custom":"","parallax":"1","fullscreen":"1","layout":"right-sidebar","sidebar":"default-sidebar","second_sidebar":"default-sidebar","sticky_sidebar":"1","share_position":"top","share_float_style":"share-monocrhome","show_share_counter":"1","show_view_counter":"1","show_featured":"1","show_post_meta":"1","show_post_author":"1","show_post_author_image":"1","show_post_date":"1","post_date_format":"default","post_date_format_custom":"Y\/m\/d","show_post_category":"1","post_reading_time_wpm":"300","zoom_button_out_step":"2","zoom_button_in_step":"3","show_post_tag":"1","show_prev_next_post":"1","show_popup_post":"1","number_popup_post":"1"}],"image_override":[{"single_post_thumbnail_size":"crop-500","single_post_gallery_size":"crop-500"}],"trending_post_position":"meta","trending_post_label":"Trending","sponsored_post_label":"Sponsored by","sponsored_post_name":"","sponsored_post_url":"","sponsored_post_logo":"","sponsored_post_desc":""},"jnews_primary_category":{"id":"4"},"jnews_social_meta":{"fb_title":"","fb_description":"","fb_image":"","twitter_title":"","twitter_description":"","twitter_image":""},"jnews_override_counter":{"view_counter_number":"0","share_counter_number":"0","like_counter_number":"0","dislike_counter_number":"0"},"footnotes":""},"categories":[4,2,47],"tags":[23,54],"class_list":["post-14411","post","type-post","status-publish","format-standard","has-post-thumbnail","hentry","category-futbol","category-haberler","category-profesyonel-a-futbol-takimi","tag-fenerbahce","tag-futbol"],"amp_enabled":true,"_links":{"self":[{"href":"https:\/\/www.fener.org\/index.php\/wp-json\/wp\/v2\/posts\/14411","targetHints":{"allow":["GET"]}}],"collection":[{"href":"https:\/\/www.fener.org\/index.php\/wp-json\/wp\/v2\/posts"}],"about":[{"href":"https:\/\/www.fener.org\/index.php\/wp-json\/wp\/v2\/types\/post"}],"author":[{"embeddable":true,"href":"https:\/\/www.fener.org\/index.php\/wp-json\/wp\/v2\/users\/1"}],"replies":[{"embeddable":true,"href":"https:\/\/www.fener.org\/index.php\/wp-json\/wp\/v2\/comments?post=14411"}],"version-history":[{"count":1,"href":"https:\/\/www.fener.org\/index.php\/wp-json\/wp\/v2\/posts\/14411\/revisions"}],"predecessor-version":[{"id":14413,"href":"https:\/\/www.fener.org\/index.php\/wp-json\/wp\/v2\/posts\/14411\/revisions\/14413"}],"wp:featuredmedia":[{"embeddable":true,"href":"https:\/\/www.fener.org\/index.php\/wp-json\/wp\/v2\/media\/14412"}],"wp:attachment":[{"href":"https:\/\/www.fener.org\/index.php\/wp-json\/wp\/v2\/media?parent=14411"}],"wp:term":[{"taxonomy":"category","embeddable":true,"href":"https:\/\/www.fener.org\/index.php\/wp-json\/wp\/v2\/categories?post=14411"},{"taxonomy":"post_tag","embeddable":true,"href":"https:\/\/www.fener.org\/index.php\/wp-json\/wp\/v2\/tags?post=14411"}],"curies":[{"name":"wp","href":"https:\/\/api.w.org\/{rel}","templated":true}]}}