{"id":14389,"date":"2021-09-18T19:00:21","date_gmt":"2021-09-18T16:00:21","guid":{"rendered":"https:\/\/www.fener.org\/?p=14389"},"modified":"2021-09-19T11:16:15","modified_gmt":"2021-09-19T08:16:15","slug":"fenerbahce-beko-cevat-soydas-basketbol-turnuvasini-dorduncu-tamamladi","status":"publish","type":"post","link":"https:\/\/www.fener.org\/index.php\/2021\/09\/18\/fenerbahce-beko-cevat-soydas-basketbol-turnuvasini-dorduncu-tamamladi\/","title":{"rendered":"Fenerbah\u00e7e Beko, Cevat Soyda\u015f Basketbol Turnuvas\u0131\u2019n\u0131 d\u00f6rd\u00fcnc\u00fc tamamlad\u0131"},"content":{"rendered":"\n<p>Fenerbah\u00e7e Beko Erkek Basketbol Tak\u0131m\u0131m\u0131z, Cevat Soyda\u015f Basketbol Turnuvas\u0131 \u00fc\u00e7\u00fcnc\u00fcl\u00fck ma\u00e7\u0131nda kar\u015f\u0131la\u015ft\u0131\u011f\u0131 Galatasaray NEF&#8217;e 91-75 ma\u011flup oldu ve turnuvay\u0131 d\u00f6rd\u00fcnc\u00fc s\u0131rada tamamlad\u0131.<br>\u00a0<br>Tofa\u015f Spor Salonu&#8217;nda oynanan kar\u015f\u0131la\u015fma \u00f6ncesi Tofa\u015f Genel Menajeri Tolga \u00d6ng\u00f6ren, turnuvaya kat\u0131l\u0131m\u0131m\u0131zdan dolay\u0131 Tak\u0131m Menajerimiz Cenk Renda\u2019ya bir plaket takdim etti.<br><br>Tak\u0131m\u0131m\u0131z ma\u00e7a; Melih Mahmuto\u011flu, Jan Vesely, Pierria Henry, Tar\u0131k Biberovic, Danilo Barthel be\u015fiyle ba\u015flad\u0131.<br>\u00a0<br>Ma\u00e7a 7-0\u2019l\u0131k seriyle giren Tak\u0131m\u0131m\u0131z ilk periyodun son b\u00f6l\u00fcm\u00fcnde say\u0131 \u00fcretmekte zorland\u0131 ve periyodu 22-19 geride tamamlad\u0131. \u0130kinci periyotta fark kapanmad\u0131 ve tak\u0131mlar soyunma odas\u0131na 50-39\u2019luk skorla gitti. \u00dc\u00e7\u00fcnc\u00fc periyodu 69-54 geride tamamlayan Fenerbah\u00e7e Beko, m\u00fccadeleyi ise 91-75 kaybetti.<br>\u00a0<br><strong>\u00c7eyrek Skorlar\u0131:<\/strong><br>1.\u00c7eyrek: 22-19<br>2.\u00c7eyrek: 28-20<br>3.\u00c7eyrek: 19-15<br>4.\u00c7eyrek: 22-21<br>\u00a0<br><strong>Skor da\u011f\u0131l\u0131m\u0131m\u0131z:<\/strong> Booker 15, Melih 13, Henry 10, \u0130smet 8, Vesely 8, Barthel 7, De Colo 6, Biberovic 5, Metecan 3.<\/p>\n","protected":false},"excerpt":{"rendered":"<p>Fenerbah\u00e7e Beko Erkek Basketbol Tak\u0131m\u0131m\u0131z, Cevat Soyda\u015f Basketbol Turnuvas\u0131 \u00fc\u00e7\u00fcnc\u00fcl\u00fck ma\u00e7\u0131nda kar\u015f\u0131la\u015ft\u0131\u011f\u0131 Galatasaray NEF&#8217;e 91-75 ma\u011flup oldu ve turnuvay\u0131 d\u00f6rd\u00fcnc\u00fc s\u0131rada tamamlad\u0131.\u00a0Tofa\u015f Spor Salonu&#8217;nda oynanan kar\u015f\u0131la\u015fma \u00f6ncesi Tofa\u015f Genel Menajeri Tolga \u00d6ng\u00f6ren, turnuvaya kat\u0131l\u0131m\u0131m\u0131zdan dolay\u0131 Tak\u0131m Menajerimiz Cenk Renda\u2019ya bir plaket takdim etti. Tak\u0131m\u0131m\u0131z ma\u00e7a; Melih Mahmuto\u011flu, Jan Vesely, Pierria Henry, Tar\u0131k Biberovic, Danilo Barthel [&hellip;]<\/p>\n","protected":false},"author":1,"featured_media":14392,"comment_status":"closed","ping_status":"closed","sticky":false,"template":"","format":"standard","meta":{"jnews-multi-image_gallery":[],"jnews_single_post":{"subtitle":"Fenerbah\u00e7e Erkek Basketbol Tak\u0131m\u0131m\u0131z, Cevat Soyda\u015f Basketbol Turnuvas\u0131 \u00fc\u00e7\u00fcnc\u00fcl\u00fck ma\u00e7\u0131nda Galatasaray NEF ile oynad\u0131\u011f\u0131 m\u00fccadeleyi 91-75 kaybederek turnuvay\u0131 d\u00f6rd\u00fcnc\u00fc s\u0131rada tamamlad\u0131.","format":"standard","video":"","gallery":"","source_name":"","source_url":"","via_name":"","via_url":"","override":[{"template":"1","single_blog_custom":"","parallax":"1","fullscreen":"1","layout":"right-sidebar","sidebar":"default-sidebar","second_sidebar":"default-sidebar","sticky_sidebar":"1","share_position":"top","share_float_style":"share-monocrhome","show_share_counter":"1","show_view_counter":"1","show_featured":"1","show_post_meta":"1","show_post_author":"1","show_post_author_image":"1","show_post_date":"1","post_date_format":"default","post_date_format_custom":"Y\/m\/d","show_post_category":"1","post_reading_time_wpm":"300","zoom_button_out_step":"2","zoom_button_in_step":"3","show_post_tag":"1","show_prev_next_post":"1","show_popup_post":"1","number_popup_post":"1"}],"image_override":[{"single_post_thumbnail_size":"crop-500","single_post_gallery_size":"crop-500"}],"trending_post_position":"meta","trending_post_label":"Trending","sponsored_post_label":"Sponsored by","sponsored_post_name":"","sponsored_post_url":"","sponsored_post_logo":"","sponsored_post_desc":""},"jnews_primary_category":{"id":"5"},"jnews_social_meta":{"fb_title":"","fb_description":"","fb_image":"","twitter_title":"","twitter_description":"","twitter_image":""},"jnews_override_counter":{"view_counter_number":"0","share_counter_number":"0","like_counter_number":"0","dislike_counter_number":"0"},"footnotes":""},"categories":[5,6,2],"tags":[24,23],"class_list":["post-14389","post","type-post","status-publish","format-standard","has-post-thumbnail","hentry","category-basketbol","category-erkek-basketbol","category-haberler","tag-basketbol","tag-fenerbahce"],"amp_enabled":true,"_links":{"self":[{"href":"https:\/\/www.fener.org\/index.php\/wp-json\/wp\/v2\/posts\/14389","targetHints":{"allow":["GET"]}}],"collection":[{"href":"https:\/\/www.fener.org\/index.php\/wp-json\/wp\/v2\/posts"}],"about":[{"href":"https:\/\/www.fener.org\/index.php\/wp-json\/wp\/v2\/types\/post"}],"author":[{"embeddable":true,"href":"https:\/\/www.fener.org\/index.php\/wp-json\/wp\/v2\/users\/1"}],"replies":[{"embeddable":true,"href":"https:\/\/www.fener.org\/index.php\/wp-json\/wp\/v2\/comments?post=14389"}],"version-history":[{"count":3,"href":"https:\/\/www.fener.org\/index.php\/wp-json\/wp\/v2\/posts\/14389\/revisions"}],"predecessor-version":[{"id":14396,"href":"https:\/\/www.fener.org\/index.php\/wp-json\/wp\/v2\/posts\/14389\/revisions\/14396"}],"wp:featuredmedia":[{"embeddable":true,"href":"https:\/\/www.fener.org\/index.php\/wp-json\/wp\/v2\/media\/14392"}],"wp:attachment":[{"href":"https:\/\/www.fener.org\/index.php\/wp-json\/wp\/v2\/media?parent=14389"}],"wp:term":[{"taxonomy":"category","embeddable":true,"href":"https:\/\/www.fener.org\/index.php\/wp-json\/wp\/v2\/categories?post=14389"},{"taxonomy":"post_tag","embeddable":true,"href":"https:\/\/www.fener.org\/index.php\/wp-json\/wp\/v2\/tags?post=14389"}],"curies":[{"name":"wp","href":"https:\/\/api.w.org\/{rel}","templated":true}]}}