{"id":14370,"date":"2021-09-17T14:02:27","date_gmt":"2021-09-17T11:02:27","guid":{"rendered":"https:\/\/www.fener.org\/?p=14370"},"modified":"2021-09-18T12:46:39","modified_gmt":"2021-09-18T09:46:39","slug":"fenerbahce-beko-cevat-soydas-basketbol-turnuvasinda-bahcesehir-koleji-ile-karsilasiyor","status":"publish","type":"post","link":"https:\/\/www.fener.org\/index.php\/2021\/09\/17\/fenerbahce-beko-cevat-soydas-basketbol-turnuvasinda-bahcesehir-koleji-ile-karsilasiyor\/","title":{"rendered":"Fenerbah\u00e7e Beko, Cevat Soyda\u015f Basketbol Turnuvas\u0131\u2019nda Bah\u00e7e\u015fehir Koleji ile kar\u015f\u0131la\u015f\u0131yor"},"content":{"rendered":"\n<p>Fenerbah\u00e7e Beko Erkek Basketbol Tak\u0131m\u0131m\u0131z, Cevat Soyda\u015f Basketbol Turnuvas\u0131 ikinci ma\u00e7\u0131nda bug\u00fcn (17 Eyl\u00fcl Cuma g\u00fcn\u00fc) saat 16.00\u2019da Bah\u00e7e\u015fehir Koleji ile kar\u015f\u0131la\u015f\u0131yor.<\/p>\n\n\n\n<p>Tofa\u015f Spor Salonu&#8217;nun ev sahipli\u011fi yapaca\u011f\u0131 bu turnuvada T\u00fcrkiye Basketbol Federasyonunun yeni tip koronavir\u00fcsle ilgili a\u00e7\u0131klad\u0131\u011f\u0131 tedbirler uygulanacak ve salon kapasitesinin y\u00fczde 50&#8217;si kadar seyircinin al\u0131nacak.<\/p>\n\n\n\n<p>Ekibimizin, turnuvan\u0131n ilk m\u00fccadelesinde T\u00fcrk Telekom\u2019u 83-62 ile ge\u00e7ti. Fenerbah\u00e7e Beko\u2019da Marial Shayok 18, Nando De Colo 13 say\u0131 \u00fcretti. Tak\u0131m\u0131m\u0131zda Pierria Henry ve Jan Vesely m\u00fcsabaka kadrosunda yer almad\u0131.<\/p>\n\n\n\n<p>Fenerbah\u00e7e Beko\u2019nun Cevat Soyda\u015f Turnuvas\u0131\u2019nda oynayaca\u011f\u0131 t\u00fcm kar\u015f\u0131la\u015fmalar, Tofa\u015f Spor Kul\u00fcb\u00fc\u2019n\u00fcn destekleriyle Fenerbah\u00e7e Youtube hesab\u0131ndan yay\u0131nlanacak. Ayr\u0131ca basketbolseverler, turnuvadaki t\u00fcm kar\u015f\u0131la\u015fmalar\u0131 Tofa\u015f Youtube hesab\u0131ndan takip edilebilecek.<\/p>\n","protected":false},"excerpt":{"rendered":"<p>Fenerbah\u00e7e Beko Erkek Basketbol Tak\u0131m\u0131m\u0131z, Cevat Soyda\u015f Basketbol Turnuvas\u0131 ikinci ma\u00e7\u0131nda bug\u00fcn (17 Eyl\u00fcl Cuma g\u00fcn\u00fc) saat 16.00\u2019da Bah\u00e7e\u015fehir Koleji ile kar\u015f\u0131la\u015f\u0131yor. Tofa\u015f Spor Salonu&#8217;nun ev sahipli\u011fi yapaca\u011f\u0131 bu turnuvada T\u00fcrkiye Basketbol Federasyonunun yeni tip koronavir\u00fcsle ilgili a\u00e7\u0131klad\u0131\u011f\u0131 tedbirler uygulanacak ve salon kapasitesinin y\u00fczde 50&#8217;si kadar seyircinin al\u0131nacak. Ekibimizin, turnuvan\u0131n ilk m\u00fccadelesinde T\u00fcrk Telekom\u2019u 83-62 [&hellip;]<\/p>\n","protected":false},"author":1,"featured_media":14313,"comment_status":"closed","ping_status":"closed","sticky":false,"template":"","format":"standard","meta":{"jnews-multi-image_gallery":[],"jnews_single_post":{"subtitle":"Fenerbah\u00e7e Erkek Basketbol Tak\u0131m\u0131m\u0131z, yeni sezon haz\u0131rl\u0131klar\u0131 kapsam\u0131nda bu y\u0131l 21'incisi d\u00fczenlenen Cevat Soyda\u015f Basketbol Turnuvas\u0131 ikinci ma\u00e7\u0131nda Bah\u00e7e\u015fehir Koleji ile kar\u015f\u0131la\u015f\u0131yor.","format":"standard","video":"","gallery":"","source_name":"","source_url":"","via_name":"","via_url":"","override":[{"template":"1","single_blog_custom":"","parallax":"1","fullscreen":"1","layout":"right-sidebar","sidebar":"default-sidebar","second_sidebar":"default-sidebar","sticky_sidebar":"1","share_position":"top","share_float_style":"share-monocrhome","show_share_counter":"1","show_view_counter":"1","show_featured":"1","show_post_meta":"1","show_post_author":"1","show_post_author_image":"1","show_post_date":"1","post_date_format":"default","post_date_format_custom":"Y\/m\/d","show_post_category":"1","post_reading_time_wpm":"300","zoom_button_out_step":"2","zoom_button_in_step":"3","show_post_tag":"1","show_prev_next_post":"1","show_popup_post":"1","number_popup_post":"1"}],"image_override":[{"single_post_thumbnail_size":"crop-500","single_post_gallery_size":"crop-500"}],"trending_post_position":"meta","trending_post_label":"Trending","sponsored_post_label":"Sponsored by","sponsored_post_name":"","sponsored_post_url":"","sponsored_post_logo":"","sponsored_post_desc":""},"jnews_primary_category":{"id":"5"},"jnews_social_meta":{"fb_title":"","fb_description":"","fb_image":"","twitter_title":"","twitter_description":"","twitter_image":""},"jnews_override_counter":{"view_counter_number":"0","share_counter_number":"0","like_counter_number":"0","dislike_counter_number":"0"},"footnotes":""},"categories":[5,6,2],"tags":[24,23],"class_list":["post-14370","post","type-post","status-publish","format-standard","has-post-thumbnail","hentry","category-basketbol","category-erkek-basketbol","category-haberler","tag-basketbol","tag-fenerbahce"],"amp_enabled":true,"_links":{"self":[{"href":"https:\/\/www.fener.org\/index.php\/wp-json\/wp\/v2\/posts\/14370","targetHints":{"allow":["GET"]}}],"collection":[{"href":"https:\/\/www.fener.org\/index.php\/wp-json\/wp\/v2\/posts"}],"about":[{"href":"https:\/\/www.fener.org\/index.php\/wp-json\/wp\/v2\/types\/post"}],"author":[{"embeddable":true,"href":"https:\/\/www.fener.org\/index.php\/wp-json\/wp\/v2\/users\/1"}],"replies":[{"embeddable":true,"href":"https:\/\/www.fener.org\/index.php\/wp-json\/wp\/v2\/comments?post=14370"}],"version-history":[{"count":2,"href":"https:\/\/www.fener.org\/index.php\/wp-json\/wp\/v2\/posts\/14370\/revisions"}],"predecessor-version":[{"id":14372,"href":"https:\/\/www.fener.org\/index.php\/wp-json\/wp\/v2\/posts\/14370\/revisions\/14372"}],"wp:featuredmedia":[{"embeddable":true,"href":"https:\/\/www.fener.org\/index.php\/wp-json\/wp\/v2\/media\/14313"}],"wp:attachment":[{"href":"https:\/\/www.fener.org\/index.php\/wp-json\/wp\/v2\/media?parent=14370"}],"wp:term":[{"taxonomy":"category","embeddable":true,"href":"https:\/\/www.fener.org\/index.php\/wp-json\/wp\/v2\/categories?post=14370"},{"taxonomy":"post_tag","embeddable":true,"href":"https:\/\/www.fener.org\/index.php\/wp-json\/wp\/v2\/tags?post=14370"}],"curies":[{"name":"wp","href":"https:\/\/api.w.org\/{rel}","templated":true}]}}