{"id":14347,"date":"2021-09-16T09:15:50","date_gmt":"2021-09-16T06:15:50","guid":{"rendered":"https:\/\/www.fener.org\/?p=14347"},"modified":"2021-09-16T09:15:55","modified_gmt":"2021-09-16T06:15:55","slug":"fenerbahce-eintracht-frankfurt-ile-karsilasiyor","status":"publish","type":"post","link":"https:\/\/www.fener.org\/index.php\/2021\/09\/16\/fenerbahce-eintracht-frankfurt-ile-karsilasiyor\/","title":{"rendered":"Fenerbah\u00e7e, Eintracht Frankfurt ile kar\u015f\u0131la\u015f\u0131yor"},"content":{"rendered":"\n<p>Fenerbah\u00e7emiz, UEFA Avrupa Ligi D Grubu ilk ma\u00e7\u0131nda bug\u00fcn (16 Eyl\u00fcl Per\u015fembe g\u00fcn\u00fc) Almanya temsilcisi Eintracht Frankfurt&#8217;a konuk olacak. Deutsche Bank Park&#8217;ta oynanacak ve saat 22.00&#8217;de ba\u015flayacak kar\u015f\u0131la\u015fmay\u0131 \u0130talya Futbol Federasyonu&#8217;ndan Maurizio Mariani y\u00f6netecek. Mariani&#8217;nin yard\u0131mc\u0131l\u0131klar\u0131n\u0131 Matteo Passeri ve Alessandro Costanzo yapacak. Kar\u015f\u0131la\u015fman\u0131n d\u00f6rd\u00fcnc\u00fc hakemi ise Daniele Chiffi olacak.<\/p>\n\n\n\n<p>M\u00fccadele Exxen dijital platformundan canl\u0131 yay\u0131nlanacak.<\/p>\n\n\n\n<p>Sar\u0131-lacivertlilerde sakatl\u0131klar\u0131 bulunan \u0130rfan Can Kahveci, Marcel Tisserand, Miha Zajc, Naz\u0131m Sangare ve Jose Sosa, Alman ekibi kar\u015f\u0131s\u0131nda forma giyemeyecek.<\/p>\n\n\n\n<p>Fenerbah\u00e7emizin Eintracht Frankfurt ile yapaca\u011f\u0131 ma\u00e7\u0131n kamp kadrosunda yer alan oyuncular\u0131m\u0131z:<\/p>\n\n\n\n<p>Altay Bay\u0131nd\u0131r, Berke \u00d6zer, Osman Ertu\u011frul \u00c7etin, Atilla Szalai, Serdar Aziz, Min-Jae Kim, Bright-Osayi Samuel, Filip Novak, Ferdi Kad\u0131o\u011flu, Luiz Gustavo, Mert Hakan Yanda\u015f, Max Meyer, Fatih Yi\u011fit \u015eanl\u0131t\u00fcrk, Mesut \u00d6zil, Dimitris Pelkas, Muhammed G\u00fcm\u00fc\u015fkaya, Arda G\u00fcler, Diego Rossi, Enner Valencia, Mergim Berisha.<\/p>\n\n\n\n<p><\/p>\n\n\n\n<p>Fenerbah\u00e7emiz, bu ak\u015fam kar\u015f\u0131la\u015faca\u011f\u0131 Eintracht Frankfurt ma\u00e7\u0131yla Avrupa kupalar\u0131nda 233. kez sahne alacak.<\/p>\n\n\n\n<p>Avrupa kupalar\u0131nda 45. sezonunu ge\u00e7iren Tak\u0131m\u0131m\u0131z, oynad\u0131\u011f\u0131 232 kar\u015f\u0131la\u015fmada 86 galibiyet, 48 beraberlik ve 98 ma\u011flubiyet ya\u015fad\u0131. Bu ma\u00e7larda fileleri 290 kez havaland\u0131ran Fenerbah\u00e7e, kalesinde ise 340 gol g\u00f6rd\u00fc.<\/p>\n\n\n\n<p>Fenerbah\u00e7emiz, &#8220;Kupa 2&#8221; olarak adland\u0131r\u0131lan UEFA Kupas\u0131 ile UEFA Avrupa Ligi&#8217;nde 119. ma\u00e7\u0131n\u0131 oynayacak. Bu kulvarda 118 kar\u015f\u0131la\u015fmaya \u00e7\u0131kan Futbol A Tak\u0131m\u0131m\u0131z, 51 galibiyet, 27 beraberlik ve 40 yenilgi ya\u015fad\u0131. S\u00f6z konusu m\u00fcsabakalarda 160 kez a\u011flar\u0131 sarsan Fenerbah\u00e7e, kalesinde ise 152 gole engel olamad\u0131.<\/p>\n\n\n\n<p>Fenerbah\u00e7emiz, Portekizli teknik direkt\u00f6r Vitor Pereira y\u00f6netiminde Avrupa arenas\u0131nda 19. kez sahne alacak. Tak\u0131m\u0131m\u0131za, Pereira y\u00f6netiminde Avrupa kupalar\u0131nda oynad\u0131\u011f\u0131 18 kar\u015f\u0131la\u015fmada 9 galibiyet, 5 beraberlik ve 4 ma\u011flubiyet ya\u015fad\u0131. Bu ma\u00e7larda fileleri 25 kez havaland\u0131ran Fenerbah\u00e7e, kalesinde ise 20 gol g\u00f6rd\u00fc.<\/p>\n\n\n\n<p>Fenerbah\u00e7emiz, Almanya ekibi Eintracht Frankfurt ile 2. kez kar\u015f\u0131 kar\u015f\u0131ya gelecek. \u0130ki tak\u0131m daha \u00f6nce 2006-2007 sezonunda UEFA Kupas\u0131 gruplar\u0131nda m\u00fccadele etmi\u015fti. \u0130stanbul&#8217;da 13 Aral\u0131k 2006&#8217;da oynanan kar\u015f\u0131la\u015fma 2-2 berabere tamamlanm\u0131\u015ft\u0131.<\/p>\n","protected":false},"excerpt":{"rendered":"<p>Fenerbah\u00e7emiz, UEFA Avrupa Ligi D Grubu ilk ma\u00e7\u0131nda bug\u00fcn (16 Eyl\u00fcl Per\u015fembe g\u00fcn\u00fc) Almanya temsilcisi Eintracht Frankfurt&#8217;a konuk olacak. Deutsche Bank Park&#8217;ta oynanacak ve saat 22.00&#8217;de ba\u015flayacak kar\u015f\u0131la\u015fmay\u0131 \u0130talya Futbol Federasyonu&#8217;ndan Maurizio Mariani y\u00f6netecek. Mariani&#8217;nin yard\u0131mc\u0131l\u0131klar\u0131n\u0131 Matteo Passeri ve Alessandro Costanzo yapacak. Kar\u015f\u0131la\u015fman\u0131n d\u00f6rd\u00fcnc\u00fc hakemi ise Daniele Chiffi olacak. M\u00fccadele Exxen dijital platformundan canl\u0131 yay\u0131nlanacak. [&hellip;]<\/p>\n","protected":false},"author":1,"featured_media":14348,"comment_status":"closed","ping_status":"closed","sticky":false,"template":"","format":"standard","meta":{"jnews-multi-image_gallery":[],"jnews_single_post":{"subtitle":"Fenerbah\u00e7e, UEFA Avrupa Ligi D Grubu ilk ma\u00e7\u0131nda deplasmanda Eintracht Frankfurt ile kar\u015f\u0131la\u015f\u0131yor.","format":"standard","video":"","gallery":"","source_name":"","source_url":"","via_name":"","via_url":"","override":[{"template":"1","single_blog_custom":"","parallax":"1","fullscreen":"1","layout":"right-sidebar","sidebar":"default-sidebar","second_sidebar":"default-sidebar","sticky_sidebar":"1","share_position":"top","share_float_style":"share-monocrhome","show_share_counter":"1","show_view_counter":"1","show_featured":"1","show_post_meta":"1","show_post_author":"1","show_post_author_image":"1","show_post_date":"1","post_date_format":"default","post_date_format_custom":"Y\/m\/d","show_post_category":"1","post_reading_time_wpm":"300","zoom_button_out_step":"2","zoom_button_in_step":"3","show_post_tag":"1","show_prev_next_post":"1","show_popup_post":"1","number_popup_post":"1"}],"image_override":[{"single_post_thumbnail_size":"crop-500","single_post_gallery_size":"crop-500"}],"trending_post_position":"meta","trending_post_label":"Trending","sponsored_post_label":"Sponsored by","sponsored_post_name":"","sponsored_post_url":"","sponsored_post_logo":"","sponsored_post_desc":""},"jnews_primary_category":{"id":"4"},"jnews_social_meta":{"fb_title":"","fb_description":"","fb_image":"","twitter_title":"","twitter_description":"","twitter_image":""},"jnews_override_counter":{"view_counter_number":"0","share_counter_number":"0","like_counter_number":"0","dislike_counter_number":"0"},"footnotes":""},"categories":[4,2,47],"tags":[23,54],"class_list":["post-14347","post","type-post","status-publish","format-standard","has-post-thumbnail","hentry","category-futbol","category-haberler","category-profesyonel-a-futbol-takimi","tag-fenerbahce","tag-futbol"],"amp_enabled":true,"_links":{"self":[{"href":"https:\/\/www.fener.org\/index.php\/wp-json\/wp\/v2\/posts\/14347","targetHints":{"allow":["GET"]}}],"collection":[{"href":"https:\/\/www.fener.org\/index.php\/wp-json\/wp\/v2\/posts"}],"about":[{"href":"https:\/\/www.fener.org\/index.php\/wp-json\/wp\/v2\/types\/post"}],"author":[{"embeddable":true,"href":"https:\/\/www.fener.org\/index.php\/wp-json\/wp\/v2\/users\/1"}],"replies":[{"embeddable":true,"href":"https:\/\/www.fener.org\/index.php\/wp-json\/wp\/v2\/comments?post=14347"}],"version-history":[{"count":1,"href":"https:\/\/www.fener.org\/index.php\/wp-json\/wp\/v2\/posts\/14347\/revisions"}],"predecessor-version":[{"id":14349,"href":"https:\/\/www.fener.org\/index.php\/wp-json\/wp\/v2\/posts\/14347\/revisions\/14349"}],"wp:featuredmedia":[{"embeddable":true,"href":"https:\/\/www.fener.org\/index.php\/wp-json\/wp\/v2\/media\/14348"}],"wp:attachment":[{"href":"https:\/\/www.fener.org\/index.php\/wp-json\/wp\/v2\/media?parent=14347"}],"wp:term":[{"taxonomy":"category","embeddable":true,"href":"https:\/\/www.fener.org\/index.php\/wp-json\/wp\/v2\/categories?post=14347"},{"taxonomy":"post_tag","embeddable":true,"href":"https:\/\/www.fener.org\/index.php\/wp-json\/wp\/v2\/tags?post=14347"}],"curies":[{"name":"wp","href":"https:\/\/api.w.org\/{rel}","templated":true}]}}