{"id":14293,"date":"2021-09-10T21:34:24","date_gmt":"2021-09-10T18:34:24","guid":{"rendered":"https:\/\/www.fener.org\/?p=14293"},"modified":"2021-09-10T21:34:28","modified_gmt":"2021-09-10T18:34:28","slug":"fenerbahceli-genc-boksorlerimizden-12-madalya","status":"publish","type":"post","link":"https:\/\/www.fener.org\/index.php\/2021\/09\/10\/fenerbahceli-genc-boksorlerimizden-12-madalya\/","title":{"rendered":"Fenerbah\u00e7eli gen\u00e7 boks\u00f6rlerimizden 12 madalya"},"content":{"rendered":"\n<p>Elaz\u0131\u011f\u2019da d\u00fczenlenen Nuri Ero\u011flu T\u00fcrkiye Gen\u00e7ler Ferdi Boks \u015eampiyonas\u0131\u2019nda ringe \u00e7\u0131kan boks\u00f6rlerimiz \u015fampiyonay\u0131; 5 alt\u0131n, 5 g\u00fcm\u00fc\u015f ve 2 bronz madalyayla tamamlad\u0131.<\/p>\n\n\n\n<p>54 kiloda Tolga Kaya, 54 kiloda Kevser T\u00fct\u00fcnc\u00fc, 60 kiloda Berfin Polat, 92 kiloda G\u00f6kt\u00fcrk Ersungur ,+92 kiloda Mehmet G\u00f6khan Kara alt\u0131n madalya, 51 kiloda Nurullah Oyan, 54 kiloda Can Kaya, 60 kiloda Muhammet Bursa, 71 kiloda Cem Kaya, 86 kiloda Hasan G\u00fcrkan \u00c7elik g\u00fcm\u00fc\u015f madalya, 63,5 kg Musa Kerem Ka\u00e7ar ile 75 kg Muhammet F\u0131rat Deniz ise bronz madalya kazand\u0131.<\/p>\n\n\n\n<p>B\u00f6ylece boks\u00f6rlerimiz \u015fampiyonay\u0131; 5 alt\u0131n, 5 g\u00fcm\u00fc\u015f ve 2 bronz madalya olmak \u00fczere toplamda 12 madalyayla tamamlad\u0131.<\/p>\n","protected":false},"excerpt":{"rendered":"<p>Elaz\u0131\u011f\u2019da d\u00fczenlenen Nuri Ero\u011flu T\u00fcrkiye Gen\u00e7ler Ferdi Boks \u015eampiyonas\u0131\u2019nda ringe \u00e7\u0131kan boks\u00f6rlerimiz \u015fampiyonay\u0131; 5 alt\u0131n, 5 g\u00fcm\u00fc\u015f ve 2 bronz madalyayla tamamlad\u0131. 54 kiloda Tolga Kaya, 54 kiloda Kevser T\u00fct\u00fcnc\u00fc, 60 kiloda Berfin Polat, 92 kiloda G\u00f6kt\u00fcrk Ersungur ,+92 kiloda Mehmet G\u00f6khan Kara alt\u0131n madalya, 51 kiloda Nurullah Oyan, 54 kiloda Can Kaya, 60 kiloda [&hellip;]<\/p>\n","protected":false},"author":1,"featured_media":14294,"comment_status":"closed","ping_status":"closed","sticky":false,"template":"","format":"standard","meta":{"jnews-multi-image_gallery":[],"jnews_single_post":{"subtitle":"T\u00fcrkiye Gen\u00e7ler Ferdi Boks \u015eampiyonas\u0131\u2019nda ringe \u00e7\u0131kan Fenerbah\u00e7eli boks\u00f6rlerimiz \u015fampiyonay\u0131 12 madalyayla tamamlad\u0131.","format":"standard","video":"","gallery":"","source_name":"","source_url":"","via_name":"","via_url":"","override":[{"template":"1","single_blog_custom":"","parallax":"1","fullscreen":"1","layout":"right-sidebar","sidebar":"default-sidebar","second_sidebar":"default-sidebar","sticky_sidebar":"1","share_position":"top","share_float_style":"share-monocrhome","show_share_counter":"1","show_view_counter":"1","show_featured":"1","show_post_meta":"1","show_post_author":"1","show_post_author_image":"1","show_post_date":"1","post_date_format":"default","post_date_format_custom":"Y\/m\/d","show_post_category":"1","post_reading_time_wpm":"300","zoom_button_out_step":"2","zoom_button_in_step":"3","show_post_tag":"1","show_prev_next_post":"1","show_popup_post":"1","number_popup_post":"1"}],"image_override":[{"single_post_thumbnail_size":"crop-500","single_post_gallery_size":"crop-500"}],"trending_post_position":"meta","trending_post_label":"Trending","sponsored_post_label":"Sponsored by","sponsored_post_name":"","sponsored_post_url":"","sponsored_post_logo":"","sponsored_post_desc":""},"jnews_primary_category":{"id":"15"},"jnews_social_meta":{"fb_title":"","fb_description":"","fb_image":"","twitter_title":"","twitter_description":"","twitter_image":""},"jnews_override_counter":{"view_counter_number":"0","share_counter_number":"0","like_counter_number":"0","dislike_counter_number":"0"},"footnotes":""},"categories":[15,2],"tags":[34,23],"class_list":["post-14293","post","type-post","status-publish","format-standard","has-post-thumbnail","hentry","category-boks","category-haberler","tag-boks","tag-fenerbahce"],"amp_enabled":true,"_links":{"self":[{"href":"https:\/\/www.fener.org\/index.php\/wp-json\/wp\/v2\/posts\/14293","targetHints":{"allow":["GET"]}}],"collection":[{"href":"https:\/\/www.fener.org\/index.php\/wp-json\/wp\/v2\/posts"}],"about":[{"href":"https:\/\/www.fener.org\/index.php\/wp-json\/wp\/v2\/types\/post"}],"author":[{"embeddable":true,"href":"https:\/\/www.fener.org\/index.php\/wp-json\/wp\/v2\/users\/1"}],"replies":[{"embeddable":true,"href":"https:\/\/www.fener.org\/index.php\/wp-json\/wp\/v2\/comments?post=14293"}],"version-history":[{"count":1,"href":"https:\/\/www.fener.org\/index.php\/wp-json\/wp\/v2\/posts\/14293\/revisions"}],"predecessor-version":[{"id":14295,"href":"https:\/\/www.fener.org\/index.php\/wp-json\/wp\/v2\/posts\/14293\/revisions\/14295"}],"wp:featuredmedia":[{"embeddable":true,"href":"https:\/\/www.fener.org\/index.php\/wp-json\/wp\/v2\/media\/14294"}],"wp:attachment":[{"href":"https:\/\/www.fener.org\/index.php\/wp-json\/wp\/v2\/media?parent=14293"}],"wp:term":[{"taxonomy":"category","embeddable":true,"href":"https:\/\/www.fener.org\/index.php\/wp-json\/wp\/v2\/categories?post=14293"},{"taxonomy":"post_tag","embeddable":true,"href":"https:\/\/www.fener.org\/index.php\/wp-json\/wp\/v2\/tags?post=14293"}],"curies":[{"name":"wp","href":"https:\/\/api.w.org\/{rel}","templated":true}]}}