{"id":14237,"date":"2021-09-02T19:31:45","date_gmt":"2021-09-02T16:31:45","guid":{"rendered":"https:\/\/www.fener.org\/?p=14237"},"modified":"2021-09-02T19:31:52","modified_gmt":"2021-09-02T16:31:52","slug":"mergim-berisha-fenerbahcede","status":"publish","type":"post","link":"https:\/\/www.fener.org\/index.php\/2021\/09\/02\/mergim-berisha-fenerbahcede\/","title":{"rendered":"Mergim Berisha Fenerbah\u00e7e&#8217;de"},"content":{"rendered":"\n<p>Fenerbah\u00e7e,  Avusturya\u2019n\u0131n Red Bull Salzburg tak\u0131m\u0131ndan Alman forvet Mergim Berisha\u2019y\u0131 bonservisiyle 4 y\u0131ll\u0131\u011f\u0131na renklerine ba\u011flad\u0131.<\/p>\n\n\n\n<p>Berisha, ge\u00e7en sezon Salzburg formas\u0131yla \u00e7\u0131kt\u0131\u011f\u0131 42 ma\u00e7ta 22 gol at\u0131p 14 asist yapt\u0131. Kosoval\u0131 oyuncu, \u015eampiyonlar Ligi\u2019nde ise oynad\u0131\u011f\u0131 6 ma\u00e7ta 4 gol ve 2 asistlik performans sergiledi.<\/p>\n\n\n\n<p>Kul\u00fcb\u00fcm\u00fcz\u00fcn resmi sitesinde yay\u0131nlanan a\u00e7\u0131klamada \u015f\u00f6yle denildi:<\/p>\n\n\n\n<blockquote class=\"wp-block-quote is-style-default is-layout-flow wp-block-quote-is-layout-flow\"><p>Kul\u00fcb\u00fcm\u00fcz, Avusturya\u2019n\u0131n Red Bull Salzburg tak\u0131m\u0131ndan Alman forvet Mergim Berisha\u2019y\u0131 bonservisiyle 4 y\u0131ll\u0131\u011f\u0131na renklerine ba\u011flad\u0131.<br>\u00a0<br>Berisha\u2019ya sar\u0131-lacivert \u00e7ubuklumuzla ba\u015far\u0131lar ve \u015fampiyonluklar diliyoruz.<br>\u00a0<br>Fenerbah\u00e7e\u2019ye ho\u015f geldin Mergim Berisha!<br>\u00a0<br><strong>Fenerbah\u00e7e Spor Kul\u00fcb\u00fc<\/strong><\/p><\/blockquote>\n","protected":false},"excerpt":{"rendered":"<p>Fenerbah\u00e7e, Avusturya\u2019n\u0131n Red Bull Salzburg tak\u0131m\u0131ndan Alman forvet Mergim Berisha\u2019y\u0131 bonservisiyle 4 y\u0131ll\u0131\u011f\u0131na renklerine ba\u011flad\u0131. Berisha, ge\u00e7en sezon Salzburg formas\u0131yla \u00e7\u0131kt\u0131\u011f\u0131 42 ma\u00e7ta 22 gol at\u0131p 14 asist yapt\u0131. Kosoval\u0131 oyuncu, \u015eampiyonlar Ligi\u2019nde ise oynad\u0131\u011f\u0131 6 ma\u00e7ta 4 gol ve 2 asistlik performans sergiledi. Kul\u00fcb\u00fcm\u00fcz\u00fcn resmi sitesinde yay\u0131nlanan a\u00e7\u0131klamada \u015f\u00f6yle denildi: Kul\u00fcb\u00fcm\u00fcz, Avusturya\u2019n\u0131n Red Bull [&hellip;]<\/p>\n","protected":false},"author":1,"featured_media":14238,"comment_status":"closed","ping_status":"closed","sticky":false,"template":"","format":"standard","meta":{"jnews-multi-image_gallery":[],"jnews_single_post":{"subtitle":"Fenerbah\u00e7e 23 ya\u015f\u0131ndaki santrfor Mergim Berisha\u2019y\u0131 kadrosuna katt\u0131\u011f\u0131n\u0131 duyurdu.","format":"standard","video":"","gallery":"","source_name":"","source_url":"","via_name":"","via_url":"","override":[{"template":"1","single_blog_custom":"","parallax":"1","fullscreen":"1","layout":"right-sidebar","sidebar":"default-sidebar","second_sidebar":"default-sidebar","sticky_sidebar":"1","share_position":"top","share_float_style":"share-monocrhome","show_share_counter":"1","show_view_counter":"1","show_featured":"1","show_post_meta":"1","show_post_author":"1","show_post_author_image":"1","show_post_date":"1","post_date_format":"default","post_date_format_custom":"Y\/m\/d","show_post_category":"1","post_reading_time_wpm":"300","zoom_button_out_step":"2","zoom_button_in_step":"3","show_post_tag":"1","show_prev_next_post":"1","show_popup_post":"1","number_popup_post":"1"}],"image_override":[{"single_post_thumbnail_size":"crop-500","single_post_gallery_size":"crop-500"}],"trending_post_position":"meta","trending_post_label":"Trending","sponsored_post_label":"Sponsored by","sponsored_post_name":"","sponsored_post_url":"","sponsored_post_logo":"","sponsored_post_desc":""},"jnews_primary_category":{"id":"4"},"jnews_social_meta":{"fb_title":"","fb_description":"","fb_image":"","twitter_title":"","twitter_description":"","twitter_image":""},"jnews_override_counter":{"view_counter_number":"0","share_counter_number":"0","like_counter_number":"0","dislike_counter_number":"0"},"footnotes":""},"categories":[4,2,47],"tags":[23,54],"class_list":["post-14237","post","type-post","status-publish","format-standard","has-post-thumbnail","hentry","category-futbol","category-haberler","category-profesyonel-a-futbol-takimi","tag-fenerbahce","tag-futbol"],"amp_enabled":true,"_links":{"self":[{"href":"https:\/\/www.fener.org\/index.php\/wp-json\/wp\/v2\/posts\/14237","targetHints":{"allow":["GET"]}}],"collection":[{"href":"https:\/\/www.fener.org\/index.php\/wp-json\/wp\/v2\/posts"}],"about":[{"href":"https:\/\/www.fener.org\/index.php\/wp-json\/wp\/v2\/types\/post"}],"author":[{"embeddable":true,"href":"https:\/\/www.fener.org\/index.php\/wp-json\/wp\/v2\/users\/1"}],"replies":[{"embeddable":true,"href":"https:\/\/www.fener.org\/index.php\/wp-json\/wp\/v2\/comments?post=14237"}],"version-history":[{"count":1,"href":"https:\/\/www.fener.org\/index.php\/wp-json\/wp\/v2\/posts\/14237\/revisions"}],"predecessor-version":[{"id":14239,"href":"https:\/\/www.fener.org\/index.php\/wp-json\/wp\/v2\/posts\/14237\/revisions\/14239"}],"wp:featuredmedia":[{"embeddable":true,"href":"https:\/\/www.fener.org\/index.php\/wp-json\/wp\/v2\/media\/14238"}],"wp:attachment":[{"href":"https:\/\/www.fener.org\/index.php\/wp-json\/wp\/v2\/media?parent=14237"}],"wp:term":[{"taxonomy":"category","embeddable":true,"href":"https:\/\/www.fener.org\/index.php\/wp-json\/wp\/v2\/categories?post=14237"},{"taxonomy":"post_tag","embeddable":true,"href":"https:\/\/www.fener.org\/index.php\/wp-json\/wp\/v2\/tags?post=14237"}],"curies":[{"name":"wp","href":"https:\/\/api.w.org\/{rel}","templated":true}]}}