{"id":14157,"date":"2021-08-24T21:02:18","date_gmt":"2021-08-24T18:02:18","guid":{"rendered":"https:\/\/www.fener.org\/?p=14157"},"modified":"2021-08-24T21:02:22","modified_gmt":"2021-08-24T18:02:22","slug":"fenerbahce-kadin-basketbol-takimimizin-teknik-kadrosu-aciklandi","status":"publish","type":"post","link":"https:\/\/www.fener.org\/index.php\/2021\/08\/24\/fenerbahce-kadin-basketbol-takimimizin-teknik-kadrosu-aciklandi\/","title":{"rendered":"Fenerbah\u00e7e Kad\u0131n Basketbol Tak\u0131m\u0131m\u0131z\u0131n teknik kadrosu a\u00e7\u0131kland\u0131"},"content":{"rendered":"\n<p>2021-22 sezonuna Ba\u015fantren\u00f6r\u00fcm\u00fcz Victor Lapena y\u00f6netiminde girecek Kad\u0131n Basketbol Tak\u0131m\u0131m\u0131z\u0131n teknik kadrosunda g\u00f6rev yapacak isimler belli oldu.<\/p>\n\n\n\n<p>Kad\u0131n Basketbol Tak\u0131m\u0131m\u0131z\u0131n teknik kadrosuna, iki sezon boyunca T\u00fcrkiye Basketbol Federasyonu\u2019nda TKBL ve KBBL sorumlusu olarak g\u00f6rev yapan Derin Yener, idari menajer olarak kat\u0131ld\u0131.<\/p>\n\n\n\n<p><strong>Ekibimizin 2021-22 sezonu teknik kadrosu \u015fu \u015fekilde:<\/strong><\/p>\n\n\n\n<p><strong>Genel Menajer:<\/strong>&nbsp;Arzu \u00d6zyi\u011fit<br><strong>\u0130dari Menajer:<\/strong>&nbsp;Derin Yener<br><strong>Ba\u015fantren\u00f6r:<\/strong>&nbsp;Victor Lapena<br><strong>Yard\u0131mc\u0131 antren\u00f6rler:<\/strong>&nbsp;Nacho Garcia, \u00d6mer Buharal\u0131, Can Nazl\u0131<br><strong>Kondisyoner:<\/strong>&nbsp;Enis Ba\u015f<br><strong>Fizyoterapist:&nbsp;<\/strong>\u015eahin U\u011fur Sezer<br><strong>Mas\u00f6r:&nbsp;<\/strong>\u0130brahim Ko\u00e7<br><strong>Malzeme sorumlusu:&nbsp;<\/strong>Latif\u015fah Sar\u0131ca<\/p>\n","protected":false},"excerpt":{"rendered":"<p>2021-22 sezonuna Ba\u015fantren\u00f6r\u00fcm\u00fcz Victor Lapena y\u00f6netiminde girecek Kad\u0131n Basketbol Tak\u0131m\u0131m\u0131z\u0131n teknik kadrosunda g\u00f6rev yapacak isimler belli oldu. Kad\u0131n Basketbol Tak\u0131m\u0131m\u0131z\u0131n teknik kadrosuna, iki sezon boyunca T\u00fcrkiye Basketbol Federasyonu\u2019nda TKBL ve KBBL sorumlusu olarak g\u00f6rev yapan Derin Yener, idari menajer olarak kat\u0131ld\u0131. Ekibimizin 2021-22 sezonu teknik kadrosu \u015fu \u015fekilde: Genel Menajer:&nbsp;Arzu \u00d6zyi\u011fit\u0130dari Menajer:&nbsp;Derin YenerBa\u015fantren\u00f6r:&nbsp;Victor LapenaYard\u0131mc\u0131 antren\u00f6rler:&nbsp;Nacho [&hellip;]<\/p>\n","protected":false},"author":1,"featured_media":1280,"comment_status":"closed","ping_status":"closed","sticky":false,"template":"","format":"standard","meta":{"jnews-multi-image_gallery":[],"jnews_single_post":{"subtitle":"Fenerbah\u00e7e Kad\u0131n Basketbol Tak\u0131m\u0131m\u0131z\u0131n teknik kadrosunda g\u00f6rev alacak isimler a\u00e7\u0131kland\u0131.","format":"standard","video":"","gallery":"","source_name":"","source_url":"","via_name":"","via_url":"","override":[{"template":"1","single_blog_custom":"","parallax":"1","fullscreen":"1","layout":"right-sidebar","sidebar":"default-sidebar","second_sidebar":"default-sidebar","sticky_sidebar":"1","share_position":"top","share_float_style":"share-monocrhome","show_share_counter":"1","show_view_counter":"1","show_featured":"1","show_post_meta":"1","show_post_author":"1","show_post_author_image":"1","show_post_date":"1","post_date_format":"default","post_date_format_custom":"Y\/m\/d","show_post_category":"1","post_reading_time_wpm":"300","zoom_button_out_step":"2","zoom_button_in_step":"3","show_post_tag":"1","show_prev_next_post":"1","show_popup_post":"1","number_popup_post":"1"}],"image_override":[{"single_post_thumbnail_size":"crop-500","single_post_gallery_size":"crop-500"}],"trending_post_position":"meta","trending_post_label":"Trending","sponsored_post_label":"Sponsored by","sponsored_post_name":"","sponsored_post_url":"","sponsored_post_logo":"","sponsored_post_desc":""},"jnews_primary_category":{"id":"5"},"jnews_social_meta":{"fb_title":"","fb_description":"","fb_image":"","twitter_title":"","twitter_description":"","twitter_image":""},"jnews_override_counter":{"view_counter_number":"0","share_counter_number":"0","like_counter_number":"0","dislike_counter_number":"0"},"footnotes":""},"categories":[5,2,7],"tags":[24,23],"class_list":["post-14157","post","type-post","status-publish","format-standard","has-post-thumbnail","hentry","category-basketbol","category-haberler","category-kadin-basketbol","tag-basketbol","tag-fenerbahce"],"amp_enabled":true,"_links":{"self":[{"href":"https:\/\/www.fener.org\/index.php\/wp-json\/wp\/v2\/posts\/14157","targetHints":{"allow":["GET"]}}],"collection":[{"href":"https:\/\/www.fener.org\/index.php\/wp-json\/wp\/v2\/posts"}],"about":[{"href":"https:\/\/www.fener.org\/index.php\/wp-json\/wp\/v2\/types\/post"}],"author":[{"embeddable":true,"href":"https:\/\/www.fener.org\/index.php\/wp-json\/wp\/v2\/users\/1"}],"replies":[{"embeddable":true,"href":"https:\/\/www.fener.org\/index.php\/wp-json\/wp\/v2\/comments?post=14157"}],"version-history":[{"count":1,"href":"https:\/\/www.fener.org\/index.php\/wp-json\/wp\/v2\/posts\/14157\/revisions"}],"predecessor-version":[{"id":14158,"href":"https:\/\/www.fener.org\/index.php\/wp-json\/wp\/v2\/posts\/14157\/revisions\/14158"}],"wp:featuredmedia":[{"embeddable":true,"href":"https:\/\/www.fener.org\/index.php\/wp-json\/wp\/v2\/media\/1280"}],"wp:attachment":[{"href":"https:\/\/www.fener.org\/index.php\/wp-json\/wp\/v2\/media?parent=14157"}],"wp:term":[{"taxonomy":"category","embeddable":true,"href":"https:\/\/www.fener.org\/index.php\/wp-json\/wp\/v2\/categories?post=14157"},{"taxonomy":"post_tag","embeddable":true,"href":"https:\/\/www.fener.org\/index.php\/wp-json\/wp\/v2\/tags?post=14157"}],"curies":[{"name":"wp","href":"https:\/\/api.w.org\/{rel}","templated":true}]}}