{"id":14120,"date":"2021-08-20T20:08:01","date_gmt":"2021-08-20T17:08:01","guid":{"rendered":"https:\/\/www.fener.org\/?p=14120"},"modified":"2021-08-20T20:08:07","modified_gmt":"2021-08-20T17:08:07","slug":"fenerbahce-bekoda-erdem-can-gorevinden-ayrildi","status":"publish","type":"post","link":"https:\/\/www.fener.org\/index.php\/2021\/08\/20\/fenerbahce-bekoda-erdem-can-gorevinden-ayrildi\/","title":{"rendered":"Fenerbah\u00e7e Beko\u2019da Erdem Can g\u00f6revinden ayr\u0131ld\u0131"},"content":{"rendered":"\n<p>Fenerbah\u00e7e Beko&#8217;da, yard\u0131mc\u0131 antren\u00f6rl\u00fck g\u00f6revini y\u00fcr\u00fcten Erdem Can ile yollar kar\u015f\u0131l\u0131kl\u0131 anla\u015fmaya var\u0131larak ayr\u0131ld\u0131.<\/p>\n\n\n\n<p>Bir \u00e7ok defa NBA Yaz Ligi\u2019nde yer alan Erdem Can, kariyerine NBA\u2019de yard\u0131mc\u0131 ko\u00e7 olarak devam etmek \u00fczere Fenerbah\u00e7e Beko&#8217;dan ayr\u0131ld\u0131.<\/p>\n\n\n\n<p>Kul\u00fcb\u00fcm\u00fcz\u00fcn resmi sitesinde yay\u0131nlanan a\u00e7\u0131klama \u015f\u00f6yle:<\/p>\n\n\n\n<blockquote class=\"wp-block-quote is-style-default is-layout-flow wp-block-quote-is-layout-flow\"><p>Fenerbah\u00e7e Ailesi\u2019ne 2012 yaz\u0131nda kat\u0131lan ve EuroLeague \u015fampiyonlu\u011fu ba\u015fta olmak \u00fczere erkek basketbolda ya\u015fad\u0131\u011f\u0131m\u0131z bir\u00e7ok \u00f6zel ba\u015far\u0131da emekleri bulunan yard\u0131mc\u0131 antren\u00f6r\u00fcm\u00fcz Erdem Can ile yollar\u0131m\u0131z kar\u015f\u0131l\u0131kl\u0131 anla\u015fmaya var\u0131larak ayr\u0131lm\u0131\u015ft\u0131r. Erdem Can, kariyerine NBA\u2019de devam edecektir.<br>\u00a0<br>Erdem Can, tak\u0131m\u0131m\u0131zda g\u00f6rev yapt\u0131\u011f\u0131 s\u00fcre\u00e7te ortaya koydu\u011fu \u00e7al\u0131\u015fma azmi ile teknik ekibimizin en \u00f6nemli par\u00e7alar\u0131ndan biri olmu\u015f; bir\u00e7ok gen\u00e7 antren\u00f6re \u00f6rnek te\u015fkil edecek ki\u015fisel geli\u015fimiyle basketbolun en prestijli organizasyonlar\u0131ndan biri olarak kabul edilen NBA Yaz Ligi\u2019nde de antren\u00f6r olarak tak\u0131m\u0131m\u0131z\u0131 ve \u00fclkemizi defalarca temsil etmi\u015ftir.<br>\u00a0<br>Erdem Can, \u015fimdi ise bir T\u00fcrk antren\u00f6r olarak bir ilke imza atacak ve NBA\u2019de yard\u0131mc\u0131 ko\u00e7luk yaparak bizleri gururland\u0131rmaya devam edecektir.<br>\u00a0<br>De\u011ferli antren\u00f6r\u00fcm\u00fcz Erdem Can\u2019a, Fenerbah\u00e7e Ailesi\u2019ne yapt\u0131\u011f\u0131 katk\u0131lardan dolay\u0131 te\u015fekk\u00fcr eder, kariyerindeki bu yeni d\u00f6nemde kendisine sonsuz ba\u015far\u0131lar dileriz.<br>\u00a0<br><strong>Fenerbah\u00e7e Spor Kul\u00fcb\u00fc<\/strong><\/p><\/blockquote>\n","protected":false},"excerpt":{"rendered":"<p>Fenerbah\u00e7e Beko&#8217;da, yard\u0131mc\u0131 antren\u00f6rl\u00fck g\u00f6revini y\u00fcr\u00fcten Erdem Can ile yollar kar\u015f\u0131l\u0131kl\u0131 anla\u015fmaya var\u0131larak ayr\u0131ld\u0131. Bir \u00e7ok defa NBA Yaz Ligi\u2019nde yer alan Erdem Can, kariyerine NBA\u2019de yard\u0131mc\u0131 ko\u00e7 olarak devam etmek \u00fczere Fenerbah\u00e7e Beko&#8217;dan ayr\u0131ld\u0131. Kul\u00fcb\u00fcm\u00fcz\u00fcn resmi sitesinde yay\u0131nlanan a\u00e7\u0131klama \u015f\u00f6yle: Fenerbah\u00e7e Ailesi\u2019ne 2012 yaz\u0131nda kat\u0131lan ve EuroLeague \u015fampiyonlu\u011fu ba\u015fta olmak \u00fczere erkek basketbolda ya\u015fad\u0131\u011f\u0131m\u0131z [&hellip;]<\/p>\n","protected":false},"author":1,"featured_media":14121,"comment_status":"closed","ping_status":"closed","sticky":false,"template":"","format":"standard","meta":{"jnews-multi-image_gallery":[],"jnews_single_post":{"subtitle":"Kul\u00fcb\u00fcm\u00fcz, Fenerbah\u00e7e Erkek Basketbol Tak\u0131m\u0131m\u0131z\u0131n yard\u0131mc\u0131 antren\u00f6r\u00fc Erdem Can ile yollar\u0131n ayr\u0131ld\u0131\u011f\u0131n\u0131 a\u00e7\u0131klad\u0131.","format":"standard","video":"","gallery":"","source_name":"","source_url":"","via_name":"","via_url":"","override":[{"template":"1","single_blog_custom":"","parallax":"1","fullscreen":"1","layout":"right-sidebar","sidebar":"default-sidebar","second_sidebar":"default-sidebar","sticky_sidebar":"1","share_position":"top","share_float_style":"share-monocrhome","show_share_counter":"1","show_view_counter":"1","show_featured":"1","show_post_meta":"1","show_post_author":"1","show_post_author_image":"1","show_post_date":"1","post_date_format":"default","post_date_format_custom":"Y\/m\/d","show_post_category":"1","post_reading_time_wpm":"300","zoom_button_out_step":"2","zoom_button_in_step":"3","show_post_tag":"1","show_prev_next_post":"1","show_popup_post":"1","number_popup_post":"1"}],"image_override":[{"single_post_thumbnail_size":"crop-500","single_post_gallery_size":"crop-500"}],"trending_post_position":"meta","trending_post_label":"Trending","sponsored_post_label":"Sponsored by","sponsored_post_name":"","sponsored_post_url":"","sponsored_post_logo":"","sponsored_post_desc":""},"jnews_primary_category":{"id":"5"},"jnews_social_meta":{"fb_title":"","fb_description":"","fb_image":"","twitter_title":"","twitter_description":"","twitter_image":""},"jnews_override_counter":{"view_counter_number":"0","share_counter_number":"0","like_counter_number":"0","dislike_counter_number":"0"},"footnotes":""},"categories":[5,6,2],"tags":[24,23],"class_list":["post-14120","post","type-post","status-publish","format-standard","has-post-thumbnail","hentry","category-basketbol","category-erkek-basketbol","category-haberler","tag-basketbol","tag-fenerbahce"],"amp_enabled":true,"_links":{"self":[{"href":"https:\/\/www.fener.org\/index.php\/wp-json\/wp\/v2\/posts\/14120","targetHints":{"allow":["GET"]}}],"collection":[{"href":"https:\/\/www.fener.org\/index.php\/wp-json\/wp\/v2\/posts"}],"about":[{"href":"https:\/\/www.fener.org\/index.php\/wp-json\/wp\/v2\/types\/post"}],"author":[{"embeddable":true,"href":"https:\/\/www.fener.org\/index.php\/wp-json\/wp\/v2\/users\/1"}],"replies":[{"embeddable":true,"href":"https:\/\/www.fener.org\/index.php\/wp-json\/wp\/v2\/comments?post=14120"}],"version-history":[{"count":2,"href":"https:\/\/www.fener.org\/index.php\/wp-json\/wp\/v2\/posts\/14120\/revisions"}],"predecessor-version":[{"id":14123,"href":"https:\/\/www.fener.org\/index.php\/wp-json\/wp\/v2\/posts\/14120\/revisions\/14123"}],"wp:featuredmedia":[{"embeddable":true,"href":"https:\/\/www.fener.org\/index.php\/wp-json\/wp\/v2\/media\/14121"}],"wp:attachment":[{"href":"https:\/\/www.fener.org\/index.php\/wp-json\/wp\/v2\/media?parent=14120"}],"wp:term":[{"taxonomy":"category","embeddable":true,"href":"https:\/\/www.fener.org\/index.php\/wp-json\/wp\/v2\/categories?post=14120"},{"taxonomy":"post_tag","embeddable":true,"href":"https:\/\/www.fener.org\/index.php\/wp-json\/wp\/v2\/tags?post=14120"}],"curies":[{"name":"wp","href":"https:\/\/api.w.org\/{rel}","templated":true}]}}