{"id":14039,"date":"2021-08-15T08:43:48","date_gmt":"2021-08-15T05:43:48","guid":{"rendered":"https:\/\/www.fener.org\/?p=14039"},"modified":"2021-08-15T08:43:55","modified_gmt":"2021-08-15T05:43:55","slug":"balkan-u18-atletizm-sampiyonasini-rekorlarla-tamamladik","status":"publish","type":"post","link":"https:\/\/www.fener.org\/index.php\/2021\/08\/15\/balkan-u18-atletizm-sampiyonasini-rekorlarla-tamamladik\/","title":{"rendered":"Balkan U18 Atletizm \u015eampiyonas\u0131\u2019n\u0131 rekorlarla tamamlad\u0131k"},"content":{"rendered":"\n<p>Fenerbah\u00e7e Atletizm \u015eubemizin 10 sporcusuyla madalya m\u00fccadelesi verdi\u011fi Balkan U18 Atletizm \u015eampiyonas\u0131 sona erdi.<\/p>\n\n\n\n<p>Sezonun pistteki son Balkan etkinli\u011fi olan \u015fampiyonada milli forma alt\u0131nda piste \u00e7\u0131kan atletlerimiz Balkan \u015fampiyonluklar\u0131yla organizasyonu tamamlad\u0131.<\/p>\n\n\n\n<p>Erkekler 100 metrede m\u00fccadele eden milli atletimiz Taygun Artan \u00d6zcihan 10.78\u2019lik derecesiyle Balkan U18 \u015eampiyonu olurken, cirit atmada ise Muhammet Hanifi Zengin 69.90\u2019la ile k\u00fcrs\u00fcn\u00fcn ilk basama\u011f\u0131na \u00e7\u0131kt\u0131. \u00d6te yandan Fenerbah\u00e7eli atletlerimiz Taygun Artan \u00d6zcihan ve Muhammet Fatih G\u00f6\u00e7 ile milli sporcular Taha \u00d6zal ve Or\u00e7un \u00dcnalan\u2019\u0131n yer ald\u0131\u011f\u0131 4&#215;100 metre bayrak tak\u0131m\u0131m\u0131z ise 41.66 ile U18 T\u00fcrkiye rekoru k\u0131rarak&nbsp;Balkan \u015eampiyonu oldu. 800 metrede de Halil Tekin 1:57.68\u2019le \u00fc\u00e7\u00fcnc\u00fc s\u0131rada yer ald\u0131.<\/p>\n\n\n\n<p>Kad\u0131nlardaysa \u00d6zlem Tohumcu g\u00fclle atmadaki 15.78\u2019lik derecesiyle, S\u00fcreyya Y\u0131ld\u0131z da 800 metrede 2:16.99\u2019la birincilik ipini g\u00f6\u011f\u00fcsleyen Fenerbah\u00e7eli milli atletlerimiz oldu.<\/p>\n","protected":false},"excerpt":{"rendered":"<p>Fenerbah\u00e7e Atletizm \u015eubemizin 10 sporcusuyla madalya m\u00fccadelesi verdi\u011fi Balkan U18 Atletizm \u015eampiyonas\u0131 sona erdi. Sezonun pistteki son Balkan etkinli\u011fi olan \u015fampiyonada milli forma alt\u0131nda piste \u00e7\u0131kan atletlerimiz Balkan \u015fampiyonluklar\u0131yla organizasyonu tamamlad\u0131. Erkekler 100 metrede m\u00fccadele eden milli atletimiz Taygun Artan \u00d6zcihan 10.78\u2019lik derecesiyle Balkan U18 \u015eampiyonu olurken, cirit atmada ise Muhammet Hanifi Zengin 69.90\u2019la ile [&hellip;]<\/p>\n","protected":false},"author":1,"featured_media":14040,"comment_status":"closed","ping_status":"closed","sticky":false,"template":"","format":"standard","meta":{"jnews-multi-image_gallery":[],"jnews_single_post":{"subtitle":"S\u0131rbistan\u2019\u0131n Kraljevo kentinde d\u00fczenlenen ve Fenerbah\u00e7e Atletizm \u015eubemizin 10 sporcusuyla m\u00fccadele etti\u011fi Balkan U18 Atletizm \u015eampiyonas\u0131 sona erdi.","format":"standard","video":"","gallery":"","source_name":"","source_url":"","via_name":"","via_url":"","override":[{"single_blog_custom":"","sidebar":"","second_sidebar":"","share_position":"","share_float_style":"","post_date_format":"","post_date_format_custom":"","post_reading_time_wpm":"","zoom_button_out_step":"1","zoom_button_in_step":"1","number_popup_post":"1"}],"image_override":[{"single_post_thumbnail_size":"","single_post_gallery_size":""}],"trending_post_position":"","trending_post_label":"","sponsored_post_label":"","sponsored_post_name":"","sponsored_post_url":"","sponsored_post_logo":"","sponsored_post_desc":""},"jnews_primary_category":{"id":"13"},"jnews_social_meta":{"fb_title":"","fb_description":"","fb_image":"","twitter_title":"","twitter_description":"","twitter_image":""},"jnews_override_counter":{"view_counter_number":"0","share_counter_number":"0","like_counter_number":"0","dislike_counter_number":"0"},"footnotes":""},"categories":[13,2],"tags":[32,23],"class_list":["post-14039","post","type-post","status-publish","format-standard","has-post-thumbnail","hentry","category-atletizm","category-haberler","tag-atletizm","tag-fenerbahce"],"amp_enabled":true,"_links":{"self":[{"href":"https:\/\/www.fener.org\/index.php\/wp-json\/wp\/v2\/posts\/14039","targetHints":{"allow":["GET"]}}],"collection":[{"href":"https:\/\/www.fener.org\/index.php\/wp-json\/wp\/v2\/posts"}],"about":[{"href":"https:\/\/www.fener.org\/index.php\/wp-json\/wp\/v2\/types\/post"}],"author":[{"embeddable":true,"href":"https:\/\/www.fener.org\/index.php\/wp-json\/wp\/v2\/users\/1"}],"replies":[{"embeddable":true,"href":"https:\/\/www.fener.org\/index.php\/wp-json\/wp\/v2\/comments?post=14039"}],"version-history":[{"count":1,"href":"https:\/\/www.fener.org\/index.php\/wp-json\/wp\/v2\/posts\/14039\/revisions"}],"predecessor-version":[{"id":14041,"href":"https:\/\/www.fener.org\/index.php\/wp-json\/wp\/v2\/posts\/14039\/revisions\/14041"}],"wp:featuredmedia":[{"embeddable":true,"href":"https:\/\/www.fener.org\/index.php\/wp-json\/wp\/v2\/media\/14040"}],"wp:attachment":[{"href":"https:\/\/www.fener.org\/index.php\/wp-json\/wp\/v2\/media?parent=14039"}],"wp:term":[{"taxonomy":"category","embeddable":true,"href":"https:\/\/www.fener.org\/index.php\/wp-json\/wp\/v2\/categories?post=14039"},{"taxonomy":"post_tag","embeddable":true,"href":"https:\/\/www.fener.org\/index.php\/wp-json\/wp\/v2\/tags?post=14039"}],"curies":[{"name":"wp","href":"https:\/\/api.w.org\/{rel}","templated":true}]}}