{"id":14002,"date":"2021-08-10T18:38:51","date_gmt":"2021-08-10T15:38:51","guid":{"rendered":"https:\/\/www.fener.org\/?p=14002"},"modified":"2021-08-10T18:39:01","modified_gmt":"2021-08-10T15:39:01","slug":"fenerbahce-adana-demirspor-maci-hazirliklarina-basladi","status":"publish","type":"post","link":"https:\/\/www.fener.org\/index.php\/2021\/08\/10\/fenerbahce-adana-demirspor-maci-hazirliklarina-basladi\/","title":{"rendered":"Fenerbah\u00e7e, Adana Demirspor ma\u00e7\u0131 haz\u0131rl\u0131klar\u0131na ba\u015flad\u0131"},"content":{"rendered":"\n<p>S\u00fcper Lig\u2019in ilk haftas\u0131nda 15 A\u011fustos Pazar g\u00fcn\u00fc saat 21.45\u2019te deplasmanda Adana Demirspor\u2019la kar\u015f\u0131la\u015facak olan Fenerbah\u00e7emiz, bu ma\u00e7\u0131n haz\u0131rl\u0131klar\u0131na Can Bartu Tesislerimizde yapt\u0131\u011f\u0131 antrenmanla ba\u015flad\u0131.<br>\u00a0<br>Saat 11.00\u2019da ba\u015flayan antrenmanda d\u00fcn Giresunspor\u2019la oynad\u0131\u011f\u0131m\u0131z haz\u0131rl\u0131k ma\u00e7\u0131nda g\u00f6rev alan oyuncular\u0131m\u0131z antrenman\u0131 aktif dinlenmeye y\u00f6nelik \u00e7al\u0131\u015fmalarla tamamlad\u0131. Di\u011fer oyuncular\u0131m\u0131z ise \u0131s\u0131nma, \u00e7abukluk ve koordinasyon hareketlerinin ard\u0131ndan pas \u00e7al\u0131\u015fmalar\u0131 yapt\u0131. Antrenman dar alanda ger\u00e7ekle\u015ftirilen \u00e7ift kale ma\u00e7la sona erdi.<\/p>\n","protected":false},"excerpt":{"rendered":"<p>S\u00fcper Lig\u2019in ilk haftas\u0131nda 15 A\u011fustos Pazar g\u00fcn\u00fc saat 21.45\u2019te deplasmanda Adana Demirspor\u2019la kar\u015f\u0131la\u015facak olan Fenerbah\u00e7emiz, bu ma\u00e7\u0131n haz\u0131rl\u0131klar\u0131na Can Bartu Tesislerimizde yapt\u0131\u011f\u0131 antrenmanla ba\u015flad\u0131.\u00a0Saat 11.00\u2019da ba\u015flayan antrenmanda d\u00fcn Giresunspor\u2019la oynad\u0131\u011f\u0131m\u0131z haz\u0131rl\u0131k ma\u00e7\u0131nda g\u00f6rev alan oyuncular\u0131m\u0131z antrenman\u0131 aktif dinlenmeye y\u00f6nelik \u00e7al\u0131\u015fmalarla tamamlad\u0131. Di\u011fer oyuncular\u0131m\u0131z ise \u0131s\u0131nma, \u00e7abukluk ve koordinasyon hareketlerinin ard\u0131ndan pas \u00e7al\u0131\u015fmalar\u0131 yapt\u0131. Antrenman [&hellip;]<\/p>\n","protected":false},"author":1,"featured_media":14003,"comment_status":"closed","ping_status":"closed","sticky":false,"template":"","format":"standard","meta":{"jnews-multi-image_gallery":[],"jnews_single_post":{"subtitle":"Fenerbah\u00e7e, S\u00fcper Lig\u2019in ilk haftas\u0131nda deplasmanda Adana Demirspor ile oynayaca\u011f\u0131 kar\u015f\u0131la\u015fman\u0131n haz\u0131rl\u0131klar\u0131na ba\u015flad\u0131.","format":"standard","video":"","gallery":"","source_name":"","source_url":"","via_name":"","via_url":"","override":[{"single_blog_custom":"","sidebar":"","second_sidebar":"","share_position":"","share_float_style":"","post_date_format":"","post_date_format_custom":"","post_reading_time_wpm":"","zoom_button_out_step":"1","zoom_button_in_step":"1","number_popup_post":"1"}],"image_override":[{"single_post_thumbnail_size":"","single_post_gallery_size":""}],"trending_post_position":"","trending_post_label":"","sponsored_post_label":"","sponsored_post_name":"","sponsored_post_url":"","sponsored_post_logo":"","sponsored_post_desc":""},"jnews_primary_category":{"id":"4"},"jnews_social_meta":{"fb_title":"","fb_description":"","fb_image":"","twitter_title":"","twitter_description":"","twitter_image":""},"jnews_override_counter":{"view_counter_number":"0","share_counter_number":"0","like_counter_number":"0","dislike_counter_number":"0"},"footnotes":""},"categories":[4,2,47],"tags":[23,54],"class_list":["post-14002","post","type-post","status-publish","format-standard","has-post-thumbnail","hentry","category-futbol","category-haberler","category-profesyonel-a-futbol-takimi","tag-fenerbahce","tag-futbol"],"amp_enabled":true,"_links":{"self":[{"href":"https:\/\/www.fener.org\/index.php\/wp-json\/wp\/v2\/posts\/14002","targetHints":{"allow":["GET"]}}],"collection":[{"href":"https:\/\/www.fener.org\/index.php\/wp-json\/wp\/v2\/posts"}],"about":[{"href":"https:\/\/www.fener.org\/index.php\/wp-json\/wp\/v2\/types\/post"}],"author":[{"embeddable":true,"href":"https:\/\/www.fener.org\/index.php\/wp-json\/wp\/v2\/users\/1"}],"replies":[{"embeddable":true,"href":"https:\/\/www.fener.org\/index.php\/wp-json\/wp\/v2\/comments?post=14002"}],"version-history":[{"count":1,"href":"https:\/\/www.fener.org\/index.php\/wp-json\/wp\/v2\/posts\/14002\/revisions"}],"predecessor-version":[{"id":14004,"href":"https:\/\/www.fener.org\/index.php\/wp-json\/wp\/v2\/posts\/14002\/revisions\/14004"}],"wp:featuredmedia":[{"embeddable":true,"href":"https:\/\/www.fener.org\/index.php\/wp-json\/wp\/v2\/media\/14003"}],"wp:attachment":[{"href":"https:\/\/www.fener.org\/index.php\/wp-json\/wp\/v2\/media?parent=14002"}],"wp:term":[{"taxonomy":"category","embeddable":true,"href":"https:\/\/www.fener.org\/index.php\/wp-json\/wp\/v2\/categories?post=14002"},{"taxonomy":"post_tag","embeddable":true,"href":"https:\/\/www.fener.org\/index.php\/wp-json\/wp\/v2\/tags?post=14002"}],"curies":[{"name":"wp","href":"https:\/\/api.w.org\/{rel}","templated":true}]}}