{"id":13918,"date":"2021-08-01T18:56:37","date_gmt":"2021-08-01T15:56:37","guid":{"rendered":"https:\/\/www.fener.org\/?p=13918"},"modified":"2021-08-01T18:56:45","modified_gmt":"2021-08-01T15:56:45","slug":"milli-sporcumuz-alican-kaynar-finale-yukseldi","status":"publish","type":"post","link":"https:\/\/www.fener.org\/index.php\/2021\/08\/01\/milli-sporcumuz-alican-kaynar-finale-yukseldi\/","title":{"rendered":"Milli sporcumuz Alican Kaynar finale y\u00fckseldi"},"content":{"rendered":"\n<p>Tokyo\u2019da d\u00fczenlenen 32. Yaz Olimpiyat Oyunlar\u0131\u2019nda \u00fclkemizi temsil eden Fenerbah\u00e7e Do\u011fu\u015f Yelken \u015eubemizin sporcusu Alican Kaynar, Finn s\u0131n\u0131f\u0131ndaki dokuzuncu yar\u0131\u015f\u0131n\u0131 54:63\u2019l\u00fck derecesiyle 10. s\u0131rada tamamlarken, onuncu yar\u0131\u015f sonundaysa 48:45\u2019le 10. basamakta kendine yer buldu ve&nbsp; madalya turu i\u00e7in ilk 10&#8217;daki yerini korudu.<\/p>\n\n\n\n<p>Bu sonu\u00e7lar\u0131n ard\u0131ndan Alican Kaynar, 10 yar\u0131\u015fl\u0131k eleme s\u00fcrecini 8. olarak tamamlad\u0131 ve finalde yar\u0131\u015fma hakk\u0131 kazand\u0131. Olimpiyat kariyerinde ilk kez madalya turunda yar\u0131\u015facak Alican Kaynar (1\/1\/6\/13\/9\/14\/7\/X\/10\/10) toplam 91, net 71 puanla 19 sporcu aras\u0131nda 8. s\u0131rada bitirdi.<\/p>\n\n\n\n<p>Milli yelkencimiz Alican Kaynar\u2019\u0131n madalya turu 3 A\u011fustos Sal\u0131 g\u00fcn\u00fc TS\u0130 08.33\u2019te ba\u015flayacak.<\/p>\n","protected":false},"excerpt":{"rendered":"<p>Tokyo\u2019da d\u00fczenlenen 32. Yaz Olimpiyat Oyunlar\u0131\u2019nda \u00fclkemizi temsil eden Fenerbah\u00e7e Do\u011fu\u015f Yelken \u015eubemizin sporcusu Alican Kaynar, Finn s\u0131n\u0131f\u0131ndaki dokuzuncu yar\u0131\u015f\u0131n\u0131 54:63\u2019l\u00fck derecesiyle 10. s\u0131rada tamamlarken, onuncu yar\u0131\u015f sonundaysa 48:45\u2019le 10. basamakta kendine yer buldu ve&nbsp; madalya turu i\u00e7in ilk 10&#8217;daki yerini korudu. Bu sonu\u00e7lar\u0131n ard\u0131ndan Alican Kaynar, 10 yar\u0131\u015fl\u0131k eleme s\u00fcrecini 8. olarak tamamlad\u0131 ve [&hellip;]<\/p>\n","protected":false},"author":1,"featured_media":13920,"comment_status":"closed","ping_status":"closed","sticky":false,"template":"","format":"standard","meta":{"jnews-multi-image_gallery":[],"jnews_single_post":{"subtitle":"Fenerbah\u00e7e Do\u011fu\u015f Yelken \u015eubemizin milli sporcusu Alican Kaynar, Olimpiyatlarda ad\u0131n\u0131 finale yazd\u0131rd\u0131.","format":"standard","video":"","gallery":"","source_name":"","source_url":"","via_name":"","via_url":"","override":[{"single_blog_custom":"","sidebar":"","second_sidebar":"","share_position":"","share_float_style":"","post_date_format":"","post_date_format_custom":"","post_reading_time_wpm":"","zoom_button_out_step":"1","zoom_button_in_step":"1","number_popup_post":"1"}],"image_override":[{"single_post_thumbnail_size":"","single_post_gallery_size":""}],"trending_post_position":"","trending_post_label":"","sponsored_post_label":"","sponsored_post_name":"","sponsored_post_url":"","sponsored_post_logo":"","sponsored_post_desc":""},"jnews_primary_category":{"id":"12"},"jnews_social_meta":{"fb_title":"","fb_description":"","fb_image":"","twitter_title":"","twitter_description":"","twitter_image":""},"jnews_override_counter":{"view_counter_number":"0","share_counter_number":"0","like_counter_number":"0","dislike_counter_number":"0"},"footnotes":""},"categories":[2,12],"tags":[23,31],"class_list":["post-13918","post","type-post","status-publish","format-standard","has-post-thumbnail","hentry","category-haberler","category-yelken","tag-fenerbahce","tag-yelken"],"amp_enabled":true,"_links":{"self":[{"href":"https:\/\/www.fener.org\/index.php\/wp-json\/wp\/v2\/posts\/13918","targetHints":{"allow":["GET"]}}],"collection":[{"href":"https:\/\/www.fener.org\/index.php\/wp-json\/wp\/v2\/posts"}],"about":[{"href":"https:\/\/www.fener.org\/index.php\/wp-json\/wp\/v2\/types\/post"}],"author":[{"embeddable":true,"href":"https:\/\/www.fener.org\/index.php\/wp-json\/wp\/v2\/users\/1"}],"replies":[{"embeddable":true,"href":"https:\/\/www.fener.org\/index.php\/wp-json\/wp\/v2\/comments?post=13918"}],"version-history":[{"count":2,"href":"https:\/\/www.fener.org\/index.php\/wp-json\/wp\/v2\/posts\/13918\/revisions"}],"predecessor-version":[{"id":13921,"href":"https:\/\/www.fener.org\/index.php\/wp-json\/wp\/v2\/posts\/13918\/revisions\/13921"}],"wp:featuredmedia":[{"embeddable":true,"href":"https:\/\/www.fener.org\/index.php\/wp-json\/wp\/v2\/media\/13920"}],"wp:attachment":[{"href":"https:\/\/www.fener.org\/index.php\/wp-json\/wp\/v2\/media?parent=13918"}],"wp:term":[{"taxonomy":"category","embeddable":true,"href":"https:\/\/www.fener.org\/index.php\/wp-json\/wp\/v2\/categories?post=13918"},{"taxonomy":"post_tag","embeddable":true,"href":"https:\/\/www.fener.org\/index.php\/wp-json\/wp\/v2\/tags?post=13918"}],"curies":[{"name":"wp","href":"https:\/\/api.w.org\/{rel}","templated":true}]}}