{"id":13802,"date":"2021-07-12T17:41:32","date_gmt":"2021-07-12T14:41:32","guid":{"rendered":"https:\/\/www.fener.org\/?p=13802"},"modified":"2021-07-12T17:41:45","modified_gmt":"2021-07-12T14:41:45","slug":"fenerbahce-bekoda-ekrem-sancakli-ve-ismail-karabilenin-sozlesmeleri-yenilendi","status":"publish","type":"post","link":"https:\/\/www.fener.org\/index.php\/2021\/07\/12\/fenerbahce-bekoda-ekrem-sancakli-ve-ismail-karabilenin-sozlesmeleri-yenilendi\/","title":{"rendered":"Fenerbah\u00e7e Beko&#8217;da Ekrem Sancakl\u0131 ve \u0130smail Karabilen&#8217;in s\u00f6zle\u015fmeleri yenilendi"},"content":{"rendered":"\n<p>Fenerbah\u00e7e Beko Erkek Basketbol Tak\u0131m\u0131m\u0131z, tak\u0131m\u0131m\u0131z\u0131n altyap\u0131s\u0131ndan yeti\u015fen gen\u00e7 sporcular\u0131m\u0131zdan Ekrem Sancakl\u0131 ve \u0130smail Karabilen ile iki\u015fer y\u0131ll\u0131k yeni s\u00f6zle\u015fme imzalad\u0131.<\/p>\n\n\n\n<p>Kul\u00fcb\u00fcm\u00fcz\u00fcn resmi sitesinde yay\u0131nlanan a\u00e7\u0131lamada \u015f\u00f6yle denildi:<\/p>\n\n\n\n<blockquote class=\"wp-block-quote is-layout-flow wp-block-quote-is-layout-flow\"><p>Fenerbah\u00e7e Beko Erkek Basketbol Tak\u0131m\u0131m\u0131z, gen\u00e7 sporcular\u0131m\u0131z Ekrem Sancakl\u0131 ve \u0130smail Karabilen ile iki\u015fer y\u0131ll\u0131k yeni s\u00f6zle\u015fme imzalam\u0131\u015ft\u0131r.\u00a0<\/p><p>Altyap\u0131m\u0131zdan yeti\u015fen ve kendi pozisyonlar\u0131nda \u00fclkemizin en yetenekli basketbolcular\u0131 aras\u0131nda g\u00f6sterilen Ekrem Sancakl\u0131\u00a0(2001, 1.94, Guard)\u00a0ve \u0130smail Karabilen\u00a0(2001, 2.08, Pivot), 2022-23 sezonunun sonuna dek \u00e7ubuklu formay\u0131 giymeye devam edecektir.<\/p><p>Bu anla\u015fman\u0131n Kul\u00fcb\u00fcm\u00fcz ve sporcular\u0131m\u0131z i\u00e7in hay\u0131rl\u0131 olmas\u0131n\u0131 diliyor, Ekrem Sancakl\u0131 ve \u0130smail Karabilen\u2019e Fenerbah\u00e7e formas\u0131 alt\u0131nda ba\u015far\u0131larla dolu sezonlar diliyoruz.<br><br><strong>Fenerbah\u00e7e Spor Kul\u00fcb\u00fc<\/strong><\/p><\/blockquote>\n","protected":false},"excerpt":{"rendered":"<p>Fenerbah\u00e7e Beko Erkek Basketbol Tak\u0131m\u0131m\u0131z, tak\u0131m\u0131m\u0131z\u0131n altyap\u0131s\u0131ndan yeti\u015fen gen\u00e7 sporcular\u0131m\u0131zdan Ekrem Sancakl\u0131 ve \u0130smail Karabilen ile iki\u015fer y\u0131ll\u0131k yeni s\u00f6zle\u015fme imzalad\u0131. Kul\u00fcb\u00fcm\u00fcz\u00fcn resmi sitesinde yay\u0131nlanan a\u00e7\u0131lamada \u015f\u00f6yle denildi: Fenerbah\u00e7e Beko Erkek Basketbol Tak\u0131m\u0131m\u0131z, gen\u00e7 sporcular\u0131m\u0131z Ekrem Sancakl\u0131 ve \u0130smail Karabilen ile iki\u015fer y\u0131ll\u0131k yeni s\u00f6zle\u015fme imzalam\u0131\u015ft\u0131r.\u00a0 Altyap\u0131m\u0131zdan yeti\u015fen ve kendi pozisyonlar\u0131nda \u00fclkemizin en yetenekli basketbolcular\u0131 [&hellip;]<\/p>\n","protected":false},"author":1,"featured_media":1280,"comment_status":"closed","ping_status":"closed","sticky":false,"template":"","format":"standard","meta":{"jnews-multi-image_gallery":[],"jnews_single_post":{"subtitle":"Fenerbah\u00e7e Erkek Basketbol Tak\u0131m\u0131m\u0131z, gen\u00e7 oyuncular\u0131m\u0131z Ekrem Sancakl\u0131 ve \u0130smail Karabilen ile s\u00f6zle\u015fme yeniledi.","format":"standard","video":"","gallery":"","source_name":"","source_url":"","via_name":"","via_url":"","override":[{"single_blog_custom":"","sidebar":"","second_sidebar":"","share_position":"","share_float_style":"","post_date_format":"","post_date_format_custom":"","post_reading_time_wpm":"","zoom_button_out_step":"1","zoom_button_in_step":"1","number_popup_post":"1"}],"image_override":[{"single_post_thumbnail_size":"","single_post_gallery_size":""}],"trending_post_position":"","trending_post_label":"","sponsored_post_label":"","sponsored_post_name":"","sponsored_post_url":"","sponsored_post_logo":"","sponsored_post_desc":""},"jnews_primary_category":{"id":"5"},"jnews_social_meta":{"fb_title":"","fb_description":"","fb_image":"","twitter_title":"","twitter_description":"","twitter_image":""},"jnews_override_counter":{"view_counter_number":"0","share_counter_number":"0","like_counter_number":"0","dislike_counter_number":"0"},"footnotes":""},"categories":[5,6,2],"tags":[24,23],"class_list":["post-13802","post","type-post","status-publish","format-standard","has-post-thumbnail","hentry","category-basketbol","category-erkek-basketbol","category-haberler","tag-basketbol","tag-fenerbahce"],"amp_enabled":true,"_links":{"self":[{"href":"https:\/\/www.fener.org\/index.php\/wp-json\/wp\/v2\/posts\/13802","targetHints":{"allow":["GET"]}}],"collection":[{"href":"https:\/\/www.fener.org\/index.php\/wp-json\/wp\/v2\/posts"}],"about":[{"href":"https:\/\/www.fener.org\/index.php\/wp-json\/wp\/v2\/types\/post"}],"author":[{"embeddable":true,"href":"https:\/\/www.fener.org\/index.php\/wp-json\/wp\/v2\/users\/1"}],"replies":[{"embeddable":true,"href":"https:\/\/www.fener.org\/index.php\/wp-json\/wp\/v2\/comments?post=13802"}],"version-history":[{"count":1,"href":"https:\/\/www.fener.org\/index.php\/wp-json\/wp\/v2\/posts\/13802\/revisions"}],"predecessor-version":[{"id":13803,"href":"https:\/\/www.fener.org\/index.php\/wp-json\/wp\/v2\/posts\/13802\/revisions\/13803"}],"wp:featuredmedia":[{"embeddable":true,"href":"https:\/\/www.fener.org\/index.php\/wp-json\/wp\/v2\/media\/1280"}],"wp:attachment":[{"href":"https:\/\/www.fener.org\/index.php\/wp-json\/wp\/v2\/media?parent=13802"}],"wp:term":[{"taxonomy":"category","embeddable":true,"href":"https:\/\/www.fener.org\/index.php\/wp-json\/wp\/v2\/categories?post=13802"},{"taxonomy":"post_tag","embeddable":true,"href":"https:\/\/www.fener.org\/index.php\/wp-json\/wp\/v2\/tags?post=13802"}],"curies":[{"name":"wp","href":"https:\/\/api.w.org\/{rel}","templated":true}]}}