{"id":13796,"date":"2021-07-12T09:25:56","date_gmt":"2021-07-12T06:25:56","guid":{"rendered":"https:\/\/www.fener.org\/?p=13796"},"modified":"2021-07-12T09:26:02","modified_gmt":"2021-07-12T06:26:02","slug":"fenerbahceli-milli-kurekci-elis-ozbay-u23-dunya-sampiyonu-oldu","status":"publish","type":"post","link":"https:\/\/www.fener.org\/index.php\/2021\/07\/12\/fenerbahceli-milli-kurekci-elis-ozbay-u23-dunya-sampiyonu-oldu\/","title":{"rendered":"Fenerbah\u00e7eli milli k\u00fcrek\u00e7i Elis \u00d6zbay U23 D\u00fcnya \u015eampiyonu oldu"},"content":{"rendered":"\n<p>Fenerbah\u00e7eli milli k\u00fcrek\u00e7imiz Elis \u00d6zbay, \u00c7ekya&#8217;n\u0131n Racice \u015fehrinin ev sahipli\u011fi yapt\u0131\u011f\u0131 23 Ya\u015f Alt\u0131 D\u00fcnya K\u00fcrek \u015eampiyonas\u0131\u2019nda hafif kilo \u00fcmit kad\u0131nlar iki \u00e7iftede alt\u0131n madalya kazand\u0131.<\/p>\n\n\n\n<p>Elis \u00d6zbay-Mervenur Uslu ikilisi, hafif kilo iki \u00e7ifte A finalinde 07.14.44\u2019l\u00fck dereceyle birinci olarak alt\u0131n madalya kazand\u0131. Yar\u0131\u015fta k\u00fcrs\u00fcn\u00fcn ikinci basama\u011f\u0131na \u0130talya, \u00fc\u00e7\u00fcnc\u00fc basama\u011f\u0131na ise Polonya \u00e7\u0131kt\u0131.<\/p>\n","protected":false},"excerpt":{"rendered":"<p>Fenerbah\u00e7eli milli k\u00fcrek\u00e7imiz Elis \u00d6zbay, \u00c7ekya&#8217;n\u0131n Racice \u015fehrinin ev sahipli\u011fi yapt\u0131\u011f\u0131 23 Ya\u015f Alt\u0131 D\u00fcnya K\u00fcrek \u015eampiyonas\u0131\u2019nda hafif kilo \u00fcmit kad\u0131nlar iki \u00e7iftede alt\u0131n madalya kazand\u0131. Elis \u00d6zbay-Mervenur Uslu ikilisi, hafif kilo iki \u00e7ifte A finalinde 07.14.44\u2019l\u00fck dereceyle birinci olarak alt\u0131n madalya kazand\u0131. Yar\u0131\u015fta k\u00fcrs\u00fcn\u00fcn ikinci basama\u011f\u0131na \u0130talya, \u00fc\u00e7\u00fcnc\u00fc basama\u011f\u0131na ise Polonya \u00e7\u0131kt\u0131.<\/p>\n","protected":false},"author":1,"featured_media":13797,"comment_status":"closed","ping_status":"closed","sticky":false,"template":"","format":"standard","meta":{"jnews-multi-image_gallery":[],"jnews_single_post":{"subtitle":"","format":"standard","video":"","gallery":"","source_name":"","source_url":"","via_name":"","via_url":"","override":[{"single_blog_custom":"","sidebar":"","second_sidebar":"","share_position":"","share_float_style":"","post_date_format":"","post_date_format_custom":"","post_reading_time_wpm":"","zoom_button_out_step":"1","zoom_button_in_step":"1","number_popup_post":"1"}],"image_override":[{"single_post_thumbnail_size":"","single_post_gallery_size":""}],"trending_post_position":"","trending_post_label":"","sponsored_post_label":"","sponsored_post_name":"","sponsored_post_url":"","sponsored_post_logo":"","sponsored_post_desc":""},"jnews_primary_category":{"id":"11"},"jnews_social_meta":{"fb_title":"","fb_description":"","fb_image":"","twitter_title":"","twitter_description":"","twitter_image":""},"jnews_override_counter":{"view_counter_number":"0","share_counter_number":"0","like_counter_number":"0","dislike_counter_number":"0"},"footnotes":""},"categories":[2,11],"tags":[23,30],"class_list":["post-13796","post","type-post","status-publish","format-standard","has-post-thumbnail","hentry","category-haberler","category-kurek","tag-fenerbahce","tag-kurek"],"amp_enabled":true,"_links":{"self":[{"href":"https:\/\/www.fener.org\/index.php\/wp-json\/wp\/v2\/posts\/13796","targetHints":{"allow":["GET"]}}],"collection":[{"href":"https:\/\/www.fener.org\/index.php\/wp-json\/wp\/v2\/posts"}],"about":[{"href":"https:\/\/www.fener.org\/index.php\/wp-json\/wp\/v2\/types\/post"}],"author":[{"embeddable":true,"href":"https:\/\/www.fener.org\/index.php\/wp-json\/wp\/v2\/users\/1"}],"replies":[{"embeddable":true,"href":"https:\/\/www.fener.org\/index.php\/wp-json\/wp\/v2\/comments?post=13796"}],"version-history":[{"count":1,"href":"https:\/\/www.fener.org\/index.php\/wp-json\/wp\/v2\/posts\/13796\/revisions"}],"predecessor-version":[{"id":13798,"href":"https:\/\/www.fener.org\/index.php\/wp-json\/wp\/v2\/posts\/13796\/revisions\/13798"}],"wp:featuredmedia":[{"embeddable":true,"href":"https:\/\/www.fener.org\/index.php\/wp-json\/wp\/v2\/media\/13797"}],"wp:attachment":[{"href":"https:\/\/www.fener.org\/index.php\/wp-json\/wp\/v2\/media?parent=13796"}],"wp:term":[{"taxonomy":"category","embeddable":true,"href":"https:\/\/www.fener.org\/index.php\/wp-json\/wp\/v2\/categories?post=13796"},{"taxonomy":"post_tag","embeddable":true,"href":"https:\/\/www.fener.org\/index.php\/wp-json\/wp\/v2\/tags?post=13796"}],"curies":[{"name":"wp","href":"https:\/\/api.w.org\/{rel}","templated":true}]}}